{"id":474025,"date":"2021-09-22T16:00:31","date_gmt":"2021-09-22T14:00:31","guid":{"rendered":"https:\/\/www.hashtag.al\/?p=474025"},"modified":"2021-09-22T16:01:54","modified_gmt":"2021-09-22T14:01:54","slug":"mediet-ngrene-dyshime-mbi-vendndodhjen-e-llalles-ka-ikur-jashte-shqiperise","status":"publish","type":"post","link":"https:\/\/www.hashtag.al\/index.php\/2021\/09\/22\/mediet-ngrene-dyshime-mbi-vendndodhjen-e-llalles-ka-ikur-jashte-shqiperise\/","title":{"rendered":"Mediet ngren\u00eb dyshime mbi vendndodhjen e Llall\u00ebs: Ka ikur jasht\u00eb Shqip\u00ebris\u00eb","gt_translate_keys":[{"key":"rendered","format":"text"}]},"content":{"rendered":"<p><a href=\"https:\/\/www.hashtag.al\/wp-content\/uploads\/2021\/09\/llalla-1.jpg\"><img loading=\"lazy\" decoding=\"async\" class=\"aligncenter size-full wp-image-474026\" src=\"https:\/\/www.hashtag.al\/wp-content\/uploads\/2021\/09\/llalla-1.jpg\" alt=\"\" width=\"966\" height=\"597\" srcset=\"https:\/\/www.hashtag.al\/wp-content\/uploads\/2021\/09\/llalla-1.jpg 966w, https:\/\/www.hashtag.al\/wp-content\/uploads\/2021\/09\/llalla-1-300x185.jpg 300w, https:\/\/www.hashtag.al\/wp-content\/uploads\/2021\/09\/llalla-1-768x475.jpg 768w\" sizes=\"auto, (max-width: 966px) 100vw, 966px\" \/><\/a><\/p>\n<p><span style=\"color: #000000;\">Ish-kryeprokurori Adriatik Llalla dyshohet t\u00eb jet\u00eb larguar nga Shqip\u00ebria. N\u00eb disa medie, pasi Apeli i Posac\u00ebm dha sot vendimin p\u00ebr ish-kryeprokurorin doli lajmi se ai nuk ndodhet fare n\u00eb Shqip\u00ebri.<\/span><\/p>\n<p><span style=\"color: #000000;\">Gazetarja Klodiana Lala duke iu referuar burimeve nga policia, tha p\u00ebr \u201cNews 24\u201d se Llalla \u00ebsht\u00eb larguar nga Shqip\u00ebria jav\u00ebt e fundit. E destinacioni i tij i par\u00eb, duke t\u00eb jet\u00eb Turqia por nuk ka informacioni n\u00ebse ai \u00ebsht\u00eb larguar nga atje<\/span><\/p>\n<p><span style=\"color: #000000;\">Megjithat\u00eb nuk ka t\u00eb dh\u00ebna zyrtare p\u00ebr k\u00ebt\u00eb.<\/span><\/p>\n<p><span style=\"color: #000000;\">Pak m\u00eb her\u00ebt n\u00eb nj\u00eb dalje p\u00ebr mediet, avokati Sokol Hazizaj u mbyt n\u00eb pyetje nga gazetar\u00ebt lidhur me vendndodhjen e Llall\u00ebs, por ai tha se di gj\u00eb p\u00ebr k\u00ebt\u00eb.<\/span><\/p>\n<p><span style=\"color: #000000;\">Ai sqaroi vet\u00ebm q\u00eb \u00ebsht\u00eb n\u00eb dijeni se Llalla ndodhet n\u00eb regjim spitalor: \u201c<em>Nga informacioni q\u00eb kam un\u00eb, ajo q\u00eb thash\u00eb her\u00ebn e par\u00eb. Di q\u00eb \u00ebsht\u00eb n\u00eb regjim spitalor, kaq di.\u201d<\/em><\/span><\/p>\n<p><span style=\"color: #000000;\">N\u00eb fund Hazizaj theksoi se me Llall\u00ebn ka <em>\u201ckomunikim vet\u00ebm p\u00ebr an\u00ebn procedurale\u201d.<\/em><\/span><\/p>\n","protected":false,"gt_translate_keys":[{"key":"rendered","format":"html"}]},"excerpt":{"rendered":"<p>Ish-kryeprokurori Adriatik Llalla dyshohet t\u00eb jet\u00eb larguar nga Shqip\u00ebria. N\u00eb disa medie, pasi Apeli i Posac\u00ebm dha sot vendimin p\u00ebr ish-kryeprokurorin doli lajmi se ai nuk ndodhet fare n\u00eb Shqip\u00ebri. Gazetarja Klodiana Lala duke iu referuar burimeve nga policia, tha p\u00ebr \u201cNews 24\u201d se Llalla \u00ebsht\u00eb larguar nga Shqip\u00ebria jav\u00ebt e fundit. E destinacioni i [&hellip;]<\/p>\n","protected":false,"gt_translate_keys":[{"key":"rendered","format":"html"}]},"author":30,"featured_media":474026,"comment_status":"closed","ping_status":"closed","sticky":false,"template":"","format":"standard","meta":{"footnotes":""},"categories":[65,13],"tags":[],"class_list":["post-474025","post","type-post","status-publish","format-standard","has-post-thumbnail","hentry","category-lajme","category-te-fundit"],"gt_translate_keys":[{"key":"link","format":"url"}],"_links":{"self":[{"href":"https:\/\/www.hashtag.al\/index.php\/wp-json\/wp\/v2\/posts\/474025","targetHints":{"allow":["GET"]}}],"collection":[{"href":"https:\/\/www.hashtag.al\/index.php\/wp-json\/wp\/v2\/posts"}],"about":[{"href":"https:\/\/www.hashtag.al\/index.php\/wp-json\/wp\/v2\/types\/post"}],"author":[{"embeddable":true,"href":"https:\/\/www.hashtag.al\/index.php\/wp-json\/wp\/v2\/users\/30"}],"replies":[{"embeddable":true,"href":"https:\/\/www.hashtag.al\/index.php\/wp-json\/wp\/v2\/comments?post=474025"}],"version-history":[{"count":0,"href":"https:\/\/www.hashtag.al\/index.php\/wp-json\/wp\/v2\/posts\/474025\/revisions"}],"wp:featuredmedia":[{"embeddable":true,"href":"https:\/\/www.hashtag.al\/index.php\/wp-json\/wp\/v2\/media\/474026"}],"wp:attachment":[{"href":"https:\/\/www.hashtag.al\/index.php\/wp-json\/wp\/v2\/media?parent=474025"}],"wp:term":[{"taxonomy":"category","embeddable":true,"href":"https:\/\/www.hashtag.al\/index.php\/wp-json\/wp\/v2\/categories?post=474025"},{"taxonomy":"post_tag","embeddable":true,"href":"https:\/\/www.hashtag.al\/index.php\/wp-json\/wp\/v2\/tags?post=474025"}],"curies":[{"name":"wp","href":"https:\/\/api.w.org\/{rel}","templated":true}]}}