{"id":473890,"date":"2021-09-21T21:36:49","date_gmt":"2021-09-21T19:36:49","guid":{"rendered":"https:\/\/www.hashtag.al\/?p=473890"},"modified":"2021-09-21T21:36:49","modified_gmt":"2021-09-21T19:36:49","slug":"spiropali-takon-sveclen-dhe-aliun-do-i-gjindemi-gjithmone-njeri-tjetrin-ne-cdo-kohe","status":"publish","type":"post","link":"https:\/\/www.hashtag.al\/index.php\/2021\/09\/21\/spiropali-takon-sveclen-dhe-aliun-do-i-gjindemi-gjithmone-njeri-tjetrin-ne-cdo-kohe\/","title":{"rendered":"Spiropali takon Sve\u00e7l\u00ebn dhe Aliun: Do i gjindemi gjithmon\u00eb nj\u00ebri-tjetrin n\u00eb \u00e7do koh\u00eb","gt_translate_keys":[{"key":"rendered","format":"text"}]},"content":{"rendered":"<p><span style=\"color: #000000;\"><img loading=\"lazy\" decoding=\"async\" class=\"aligncenter size-full wp-image-473891\" src=\"https:\/\/www.hashtag.al\/wp-content\/uploads\/2021\/09\/spiropali.jpg\" alt=\"\" width=\"1242\" height=\"930\" srcset=\"https:\/\/www.hashtag.al\/wp-content\/uploads\/2021\/09\/spiropali.jpg 1242w, https:\/\/www.hashtag.al\/wp-content\/uploads\/2021\/09\/spiropali-300x225.jpg 300w, https:\/\/www.hashtag.al\/wp-content\/uploads\/2021\/09\/spiropali-768x575.jpg 768w, https:\/\/www.hashtag.al\/wp-content\/uploads\/2021\/09\/spiropali-1024x767.jpg 1024w\" sizes=\"auto, (max-width: 1242px) 100vw, 1242px\" \/><\/span><\/p>\n<p><span style=\"color: #000000;\">Ministrja e Shtetit p\u00ebr Marr\u00ebdh\u00ebniet me Parlamentit Elisa Spiropali ka zhvilluar nj\u00eb vizit\u00eb zyrtare n\u00eb Kosov\u00eb ku ka takuar ministrat e kabinetit qeveritar.<\/span><\/p>\n<p><span style=\"color: #000000;\">Spiropali \u00ebsht\u00eb takuar me Ministrin e Brendsh\u00ebm, Xhelal Sve\u00e7la dhe Ministrin e Mjedisit, Liburn Aliu.<\/span><\/p>\n<p><span style=\"color: #000000;\">Ministrja Spiropali fal\u00ebnderoi t\u00eb dy ministrat p\u00ebr gjendjen n\u00eb \u00e7aste t\u00eb v\u00ebshtira kur ndodhej Shqip\u00ebria q\u00eb sipas saj jan\u00eb d\u00ebshmi se dy vendet i gjendet nj\u00ebri-tjetrit n\u00eb \u00e7do koh\u00eb.<\/span><\/p>\n<p><span style=\"color: #000000;\">\u201c<em>Me ministrin e Pun\u00ebve t\u00eb Brendshme t\u00eb Kosov\u00ebs, z. Xhelal Sve\u00e7la dhe ministrin e Mjedisit, Planifikimit Hap\u00ebsinor dhe Infrastruktur\u00ebs, Liburn Aliu. <\/em><\/span><\/p>\n<p><span style=\"color: #000000;\"><em>Pata rastin ta falenderoj dhe t\u2019i shpreh mir\u00ebnjohjen ministrit Sve\u00e7la n\u00eb em\u00ebr t\u00eb Kryeministrit dhe t\u00eb qeveris\u00eb shqiptare, p\u00ebr ndihm\u00ebn e menj\u00ebhershme dhe t\u00eb pakursyer t\u00eb Kosov\u00ebs n\u00eb p\u00ebrballimin e t\u00ebrmetit t\u00eb 26 n\u00ebntorit 2019 si dhe n\u00eb situat\u00ebn e krijuar nga zjarret n\u00eb veri t\u00eb vendit, si d\u00ebshmi se i jemi gjindur e do t\u2019i gjindemi gjithmon\u00eb nj\u00ebri-tjetrit n\u00eb \u00e7do koh\u00eb.<\/em><\/span><\/p>\n<p><span style=\"color: #000000;\"><em>Me ministrin Aliu diskutuam r\u00ebnd\u00ebsin\u00eb e marr\u00ebveshjeve midis qeveris\u00eb s\u00eb Shqip\u00ebris\u00eb dhe asaj t\u00eb Kosov\u00ebs, projektet madhore infrastrukturore dhe bashk\u00ebpunimin e nd\u00ebrsjell\u00eb q\u00eb duhet t\u00eb vazhdoj\u00eb intensivisht me t\u00eb tjera projekte n\u00eb dobi t\u00eb t\u00eb gjith\u00eb shqiptar\u00ebve\u201d-<\/em>shkruan Spiropali.<\/span><\/p>\n<p><span style=\"color: #000000;\"><img loading=\"lazy\" decoding=\"async\" class=\"aligncenter size-full wp-image-473892\" src=\"https:\/\/www.hashtag.al\/wp-content\/uploads\/2021\/09\/242512759_10161180440372926_3667474447331131431_n.jpg\" alt=\"\" width=\"1280\" height=\"854\" srcset=\"https:\/\/www.hashtag.al\/wp-content\/uploads\/2021\/09\/242512759_10161180440372926_3667474447331131431_n.jpg 1280w, https:\/\/www.hashtag.al\/wp-content\/uploads\/2021\/09\/242512759_10161180440372926_3667474447331131431_n-300x200.jpg 300w, https:\/\/www.hashtag.al\/wp-content\/uploads\/2021\/09\/242512759_10161180440372926_3667474447331131431_n-768x512.jpg 768w, https:\/\/www.hashtag.al\/wp-content\/uploads\/2021\/09\/242512759_10161180440372926_3667474447331131431_n-1024x683.jpg 1024w\" sizes=\"auto, (max-width: 1280px) 100vw, 1280px\" \/><\/span><\/p>\n","protected":false,"gt_translate_keys":[{"key":"rendered","format":"html"}]},"excerpt":{"rendered":"<p>Ministrja e Shtetit p\u00ebr Marr\u00ebdh\u00ebniet me Parlamentit Elisa Spiropali ka zhvilluar nj\u00eb vizit\u00eb zyrtare n\u00eb Kosov\u00eb ku ka takuar ministrat e kabinetit qeveritar. Spiropali \u00ebsht\u00eb takuar me Ministrin e Brendsh\u00ebm, Xhelal Sve\u00e7la dhe Ministrin e Mjedisit, Liburn Aliu. Ministrja Spiropali fal\u00ebnderoi t\u00eb dy ministrat p\u00ebr gjendjen n\u00eb \u00e7aste t\u00eb v\u00ebshtira kur ndodhej Shqip\u00ebria q\u00eb sipas [&hellip;]<\/p>\n","protected":false,"gt_translate_keys":[{"key":"rendered","format":"html"}]},"author":32,"featured_media":473891,"comment_status":"closed","ping_status":"closed","sticky":false,"template":"","format":"standard","meta":{"footnotes":""},"categories":[65,13],"tags":[],"class_list":["post-473890","post","type-post","status-publish","format-standard","has-post-thumbnail","hentry","category-lajme","category-te-fundit"],"gt_translate_keys":[{"key":"link","format":"url"}],"_links":{"self":[{"href":"https:\/\/www.hashtag.al\/index.php\/wp-json\/wp\/v2\/posts\/473890","targetHints":{"allow":["GET"]}}],"collection":[{"href":"https:\/\/www.hashtag.al\/index.php\/wp-json\/wp\/v2\/posts"}],"about":[{"href":"https:\/\/www.hashtag.al\/index.php\/wp-json\/wp\/v2\/types\/post"}],"author":[{"embeddable":true,"href":"https:\/\/www.hashtag.al\/index.php\/wp-json\/wp\/v2\/users\/32"}],"replies":[{"embeddable":true,"href":"https:\/\/www.hashtag.al\/index.php\/wp-json\/wp\/v2\/comments?post=473890"}],"version-history":[{"count":0,"href":"https:\/\/www.hashtag.al\/index.php\/wp-json\/wp\/v2\/posts\/473890\/revisions"}],"wp:featuredmedia":[{"embeddable":true,"href":"https:\/\/www.hashtag.al\/index.php\/wp-json\/wp\/v2\/media\/473891"}],"wp:attachment":[{"href":"https:\/\/www.hashtag.al\/index.php\/wp-json\/wp\/v2\/media?parent=473890"}],"wp:term":[{"taxonomy":"category","embeddable":true,"href":"https:\/\/www.hashtag.al\/index.php\/wp-json\/wp\/v2\/categories?post=473890"},{"taxonomy":"post_tag","embeddable":true,"href":"https:\/\/www.hashtag.al\/index.php\/wp-json\/wp\/v2\/tags?post=473890"}],"curies":[{"name":"wp","href":"https:\/\/api.w.org\/{rel}","templated":true}]}}