{"id":473530,"date":"2021-09-18T23:08:40","date_gmt":"2021-09-18T21:08:40","guid":{"rendered":"https:\/\/hashtag.al\/?p=473530"},"modified":"2021-09-18T23:08:40","modified_gmt":"2021-09-18T21:08:40","slug":"biden-do-mbaje-samitin-global-te-covid-19-per-te-nxitur-vaksinimin-e-detyrueshem-ne-bote","status":"publish","type":"post","link":"https:\/\/www.hashtag.al\/index.php\/2021\/09\/18\/biden-do-mbaje-samitin-global-te-covid-19-per-te-nxitur-vaksinimin-e-detyrueshem-ne-bote\/","title":{"rendered":"Biden do mbaj\u00eb \u2018samitin\u2019 global t\u00eb Covid-19 p\u00ebr t\u00eb nxitur vaksinimin e detyruesh\u00ebm n\u00eb bot\u00eb","gt_translate_keys":[{"key":"rendered","format":"text"}]},"content":{"rendered":"<p><span style=\"color: #000000;\"><img loading=\"lazy\" decoding=\"async\" class=\"aligncenter size-full wp-image-473531\" src=\"https:\/\/hashtag.al\/wp-content\/uploads\/2021\/09\/bidencovid.jpg\" alt=\"\" width=\"980\" height=\"551\" srcset=\"https:\/\/www.hashtag.al\/wp-content\/uploads\/2021\/09\/bidencovid.jpg 980w, https:\/\/www.hashtag.al\/wp-content\/uploads\/2021\/09\/bidencovid-300x169.jpg 300w, https:\/\/www.hashtag.al\/wp-content\/uploads\/2021\/09\/bidencovid-768x432.jpg 768w\" sizes=\"auto, (max-width: 980px) 100vw, 980px\" \/><\/span><\/p>\n<p><span style=\"color: #000000;\">Presidenti amerikan Joe Biden do t\u00eb ndjek\u00eb vendimin e tij shum\u00eb t\u00eb diskutuesh\u00ebm t\u00eb vaksininimt m\u00eb detyrim kund\u00ebr Covid-19 me nj\u00eb samit virtual q\u00eb b\u00ebn thirrje p\u00ebr nj\u00eb \u2018nivel m\u00eb t\u00eb lart\u00eb ambicieje\u2019 n\u00eb p\u00ebrpjekjen p\u00ebr t\u00eb nxitur vaksinimet.<\/span><\/p>\n<p><span style=\"color: #000000;\">Samiti virtual po caktohet me Asamblen\u00eb e P\u00ebrgjithshme t\u00eb Kombeve t\u00eb Bashkuara, me ngjarjen e planifikuar p\u00ebr 22 shtator, nj\u00eb dit\u00eb pas p\u00ebrfundimit t\u00eb konferenc\u00ebs s\u00eb OKB -s\u00eb.<\/span><\/p>\n<p><span style=\"color: #000000;\">Nd\u00ebrsa specifikat e bised\u00ebs nuk dihen ende, zyrtar\u00ebt e Sht\u00ebpis\u00eb s\u00eb Bardh\u00eb njoftuan t\u00eb premten se presidenti do t\u00eb p\u00ebrq\u00ebndrohet n\u00eb diskutimin e \u2018zgjerimit dhe rritjes s\u00eb p\u00ebrpjekjeve tona t\u00eb p\u00ebrbashk\u00ebta p\u00ebr t\u00eb mposhtur Covid-19\u2019.<\/span><\/p>\n<p><span style=\"color: #000000;\">Nj\u00eb deklarat\u00eb nga Sht\u00ebpia e Bardh\u00eb p\u00ebrmendi samitet e kaluara t\u00eb udh\u00ebheq\u00ebsve bot\u00ebror\u00eb dhe filantrop\u00ebve t\u00eb mbledhur p\u00ebr t\u00eb diskutuar strategjit\u00eb e Covid-19, megjith\u00ebse ata nuk u p\u00ebrfshin\u00eb n\u00eb specifikat se si do t\u00eb jet\u00eb ndryshe ky samit.<\/span><\/p>\n<p><span style=\"color: #000000;\">Deklarata e Sht\u00ebpis\u00eb s\u00eb Bardh\u00eb siguroi kat\u00ebr pika t\u00eb p\u00ebrgjithshme n\u00eb t\u00eb cilat do t\u00eb fokusohet, duke p\u00ebrfshir\u00eb krijimin e nj\u00eb \u2018qasjeje m\u00eb t\u00eb barabart\u00eb\u2019 ndaj vaksinave n\u00eb nivel global, b\u00ebrjen e testeve, pajisjeve mbrojt\u00ebse dhe terapive \u2018m\u00eb t\u00eb disponueshme\u2019, si dhe \u2018thirrjen e bot\u00ebs p\u00ebr t\u00eb dh\u00ebn\u00eb llogari\u2019.<\/span><\/p>\n<p><span style=\"color: #000000;\">P\u00ebrqendrimi i Biden n\u00eb betej\u00ebn globale kund\u00ebr Covid-19 vjen pas njoftimit t\u00eb tij t\u00eb fundit se shumica e punonj\u00ebsve t\u00eb qeveris\u00eb do t\u2019u k\u00ebrkohej t\u00eb vaksinoheshin, nd\u00ebrsa pun\u00ebdh\u00ebn\u00ebsit me m\u00eb shum\u00eb se 100 an\u00ebtar\u00eb t\u00eb stafit do t\u00eb detyroheshin t\u00eb urdh\u00ebronin vaksina ose teste t\u00eb rregullta p\u00ebr secilin prej tyre, nj\u00eb plan q\u00eb tashm\u00eb po p\u00ebrballet me sfida t\u00eb mundshme ligjore.<\/span><\/p>\n<p><span style=\"color: #000000;\">Biden \u00ebsht\u00eb shprehur i zhg\u00ebnjyer me normat e vaksinimit n\u00eb SHBA &#8211; megjith\u00ebse mbi 70% e t\u00eb rriturve kan\u00eb t\u00eb pakt\u00ebn nj\u00eb doz\u00eb &#8211; por ai thuhet se ka t\u00ebrhequr v\u00ebmendjen e tij tek shp\u00ebrndarja e vaksinave jasht\u00eb vendit, me administrat\u00ebn q\u00eb thuhet se po negocion p\u00ebr t\u00eb bler\u00eb 500 milion\u00eb doza t\u00eb vaksin\u00ebs Pfizer, q\u00eb do d\u00ebrgohet jasht\u00eb vendit.<\/span><\/p>\n","protected":false,"gt_translate_keys":[{"key":"rendered","format":"html"}]},"excerpt":{"rendered":"<p>Presidenti amerikan Joe Biden do t\u00eb ndjek\u00eb vendimin e tij shum\u00eb t\u00eb diskutuesh\u00ebm t\u00eb vaksininimt m\u00eb detyrim kund\u00ebr Covid-19 me nj\u00eb samit virtual q\u00eb b\u00ebn thirrje p\u00ebr nj\u00eb \u2018nivel m\u00eb t\u00eb lart\u00eb ambicieje\u2019 n\u00eb p\u00ebrpjekjen p\u00ebr t\u00eb nxitur vaksinimet. Samiti virtual po caktohet me Asamblen\u00eb e P\u00ebrgjithshme t\u00eb Kombeve t\u00eb Bashkuara, me ngjarjen e planifikuar [&hellip;]<\/p>\n","protected":false,"gt_translate_keys":[{"key":"rendered","format":"html"}]},"author":51,"featured_media":473531,"comment_status":"closed","ping_status":"closed","sticky":false,"template":"","format":"standard","meta":{"footnotes":""},"categories":[53],"tags":[],"class_list":["post-473530","post","type-post","status-publish","format-standard","has-post-thumbnail","hentry","category-fast-foodi"],"gt_translate_keys":[{"key":"link","format":"url"}],"_links":{"self":[{"href":"https:\/\/www.hashtag.al\/index.php\/wp-json\/wp\/v2\/posts\/473530","targetHints":{"allow":["GET"]}}],"collection":[{"href":"https:\/\/www.hashtag.al\/index.php\/wp-json\/wp\/v2\/posts"}],"about":[{"href":"https:\/\/www.hashtag.al\/index.php\/wp-json\/wp\/v2\/types\/post"}],"author":[{"embeddable":true,"href":"https:\/\/www.hashtag.al\/index.php\/wp-json\/wp\/v2\/users\/51"}],"replies":[{"embeddable":true,"href":"https:\/\/www.hashtag.al\/index.php\/wp-json\/wp\/v2\/comments?post=473530"}],"version-history":[{"count":0,"href":"https:\/\/www.hashtag.al\/index.php\/wp-json\/wp\/v2\/posts\/473530\/revisions"}],"wp:featuredmedia":[{"embeddable":true,"href":"https:\/\/www.hashtag.al\/index.php\/wp-json\/wp\/v2\/media\/473531"}],"wp:attachment":[{"href":"https:\/\/www.hashtag.al\/index.php\/wp-json\/wp\/v2\/media?parent=473530"}],"wp:term":[{"taxonomy":"category","embeddable":true,"href":"https:\/\/www.hashtag.al\/index.php\/wp-json\/wp\/v2\/categories?post=473530"},{"taxonomy":"post_tag","embeddable":true,"href":"https:\/\/www.hashtag.al\/index.php\/wp-json\/wp\/v2\/tags?post=473530"}],"curies":[{"name":"wp","href":"https:\/\/api.w.org\/{rel}","templated":true}]}}