{"id":473472,"date":"2021-09-18T17:48:48","date_gmt":"2021-09-18T15:48:48","guid":{"rendered":"https:\/\/hashtag.al\/?p=473472"},"modified":"2021-09-18T17:48:48","modified_gmt":"2021-09-18T15:48:48","slug":"policia-australiane-perplaset-me-protestuesit-kunder-bllokimeve-covid-19-video","status":"publish","type":"post","link":"https:\/\/www.hashtag.al\/index.php\/2021\/09\/18\/policia-australiane-perplaset-me-protestuesit-kunder-bllokimeve-covid-19-video\/","title":{"rendered":"Policia australiane p\u00ebrplaset me protestuesit kund\u00ebr bllokimeve Covid-19 (Video)","gt_translate_keys":[{"key":"rendered","format":"text"}]},"content":{"rendered":"<p><span style=\"color: #000000;\"><img loading=\"lazy\" decoding=\"async\" class=\"aligncenter size-full wp-image-473473\" src=\"https:\/\/hashtag.al\/wp-content\/uploads\/2021\/09\/austraku.jpg\" alt=\"\" width=\"980\" height=\"551\" srcset=\"https:\/\/www.hashtag.al\/wp-content\/uploads\/2021\/09\/austraku.jpg 980w, https:\/\/www.hashtag.al\/wp-content\/uploads\/2021\/09\/austraku-300x169.jpg 300w, https:\/\/www.hashtag.al\/wp-content\/uploads\/2021\/09\/austraku-768x432.jpg 768w\" sizes=\"auto, (max-width: 980px) 100vw, 980px\" \/><\/span><\/p>\n<p><span style=\"color: #000000;\">Policia e Melburnit n\u00eb Australi \u00ebsht\u00eb p\u00ebrplasur me nj\u00eb turm\u00eb protestuesish q\u00eb kund\u00ebrshtonin bllokimit Covid-19. T\u00eb shumt\u00eb n\u00eb num\u00ebr ata u mblodh\u00ebn p\u00ebr t\u00eb k\u00ebrkuar fundin e jav\u00ebve t\u00eb kufizimeve t\u00eb ashpra, pavar\u00ebsisht nj\u00eb p\u00ebrpjekjeje t\u00eb gjithanshme nga autoritetet p\u00ebr t\u00eb parandaluar demonstratat.<\/span><\/p>\n<p><span style=\"color: #000000;\">Protestuesit, t\u00eb cil\u00ebt thuhet se ishin me qindra, u shfaq\u00ebn n\u00eb periferi t\u00eb Melburnit, Richmond t\u00eb shtun\u00ebn n\u00eb m\u00ebngjes p\u00ebr t\u00eb denoncuar politikat e bllokimit t\u00eb qeveris\u00eb. Policia m\u00eb par\u00eb u p\u00ebrpoq t\u00eb mbyllte t\u00eb gjith\u00eb transportin n\u00eb Qarkun Qendror t\u00eb Melburnit duke p\u00ebrdorur nj\u00eb seri pikash kontrolli, por kjo thjesht i shtyu organizator\u00ebt t\u00eb ndryshonin vendet.<\/span><\/p>\n<p><span style=\"color: #000000;\">P\u00ebrplasjet e shkurtra me oficer\u00ebt u kap\u00ebn n\u00eb video, me protestuesit q\u00eb shiheshin duke hedhur shishe, nd\u00ebrsa policia u p\u00ebrgjigj me sp\u00ebrkat\u00ebs me piper. N\u00eb nj\u00eb moment kaotik, demonstruesit u p\u00ebrplas\u00ebn p\u00ebrmes nj\u00eb linje policie, duke shkaktuar p\u00ebrleshje nd\u00ebrsa turma vazhdoi rrug\u00ebn.<\/span><\/p>\n<p><span style=\"color: #000000;\">Nj\u00eb p\u00ebrgjigje e madhe e policis\u00eb u pa n\u00eb fotot ajrore t\u00eb marra nga mediat vendase, q\u00eb tregojn\u00eb polic\u00ebt teksa p\u00ebrplasen me qytetar\u00ebt.<\/span><\/p>\n<div style=\"width: 640px;\" class=\"wp-video\"><video class=\"wp-video-shortcode\" id=\"video-473472-1\" width=\"640\" height=\"360\" preload=\"metadata\" controls=\"controls\"><source type=\"video\/mp4\" src=\"https:\/\/hashtag.al\/wp-content\/uploads\/2021\/09\/australi.mp42.mp4?_=1\" \/><a href=\"https:\/\/hashtag.al\/wp-content\/uploads\/2021\/09\/australi.mp42.mp4\">https:\/\/hashtag.al\/wp-content\/uploads\/2021\/09\/australi.mp42.mp4<\/a><\/video><\/div>\n<div style=\"width: 640px;\" class=\"wp-video\"><video class=\"wp-video-shortcode\" id=\"video-473472-2\" width=\"640\" height=\"360\" preload=\"metadata\" controls=\"controls\"><source type=\"video\/mp4\" src=\"https:\/\/hashtag.al\/wp-content\/uploads\/2021\/09\/australi.mp4?_=2\" \/><a href=\"https:\/\/hashtag.al\/wp-content\/uploads\/2021\/09\/australi.mp4\">https:\/\/hashtag.al\/wp-content\/uploads\/2021\/09\/australi.mp4<\/a><\/video><\/div>\n","protected":false,"gt_translate_keys":[{"key":"rendered","format":"html"}]},"excerpt":{"rendered":"<p>Policia e Melburnit n\u00eb Australi \u00ebsht\u00eb p\u00ebrplasur me nj\u00eb turm\u00eb protestuesish q\u00eb kund\u00ebrshtonin bllokimit Covid-19. T\u00eb shumt\u00eb n\u00eb num\u00ebr ata u mblodh\u00ebn p\u00ebr t\u00eb k\u00ebrkuar fundin e jav\u00ebve t\u00eb kufizimeve t\u00eb ashpra, pavar\u00ebsisht nj\u00eb p\u00ebrpjekjeje t\u00eb gjithanshme nga autoritetet p\u00ebr t\u00eb parandaluar demonstratat. Protestuesit, t\u00eb cil\u00ebt thuhet se ishin me qindra, u shfaq\u00ebn n\u00eb periferi [&hellip;]<\/p>\n","protected":false,"gt_translate_keys":[{"key":"rendered","format":"html"}]},"author":51,"featured_media":473473,"comment_status":"closed","ping_status":"closed","sticky":false,"template":"","format":"standard","meta":{"footnotes":""},"categories":[6],"tags":[],"class_list":["post-473472","post","type-post","status-publish","format-standard","has-post-thumbnail","hentry","category-nderkombetare"],"gt_translate_keys":[{"key":"link","format":"url"}],"_links":{"self":[{"href":"https:\/\/www.hashtag.al\/index.php\/wp-json\/wp\/v2\/posts\/473472","targetHints":{"allow":["GET"]}}],"collection":[{"href":"https:\/\/www.hashtag.al\/index.php\/wp-json\/wp\/v2\/posts"}],"about":[{"href":"https:\/\/www.hashtag.al\/index.php\/wp-json\/wp\/v2\/types\/post"}],"author":[{"embeddable":true,"href":"https:\/\/www.hashtag.al\/index.php\/wp-json\/wp\/v2\/users\/51"}],"replies":[{"embeddable":true,"href":"https:\/\/www.hashtag.al\/index.php\/wp-json\/wp\/v2\/comments?post=473472"}],"version-history":[{"count":0,"href":"https:\/\/www.hashtag.al\/index.php\/wp-json\/wp\/v2\/posts\/473472\/revisions"}],"wp:featuredmedia":[{"embeddable":true,"href":"https:\/\/www.hashtag.al\/index.php\/wp-json\/wp\/v2\/media\/473473"}],"wp:attachment":[{"href":"https:\/\/www.hashtag.al\/index.php\/wp-json\/wp\/v2\/media?parent=473472"}],"wp:term":[{"taxonomy":"category","embeddable":true,"href":"https:\/\/www.hashtag.al\/index.php\/wp-json\/wp\/v2\/categories?post=473472"},{"taxonomy":"post_tag","embeddable":true,"href":"https:\/\/www.hashtag.al\/index.php\/wp-json\/wp\/v2\/tags?post=473472"}],"curies":[{"name":"wp","href":"https:\/\/api.w.org\/{rel}","templated":true}]}}