{"id":473357,"date":"2021-09-17T21:50:59","date_gmt":"2021-09-17T19:50:59","guid":{"rendered":"https:\/\/hashtag.al\/?p=473357"},"modified":"2021-09-17T21:55:56","modified_gmt":"2021-09-17T19:55:56","slug":"24-prokurore-te-pergjithshem-republikane-kercenojne-veprime-ligjore-presidentin-biden-per-vaksinimin-e-detyrueshem","status":"publish","type":"post","link":"https:\/\/www.hashtag.al\/index.php\/2021\/09\/17\/24-prokurore-te-pergjithshem-republikane-kercenojne-veprime-ligjore-presidentin-biden-per-vaksinimin-e-detyrueshem\/","title":{"rendered":"24 Prokuror\u00eb Republikan\u00eb k\u00ebrc\u00ebnojn\u00eb me veprime ligjore presidentin Biden p\u00ebr vaksinimin e detyruesh\u00ebm","gt_translate_keys":[{"key":"rendered","format":"text"}]},"content":{"rendered":"<p><span style=\"color: #000000;\"><img loading=\"lazy\" decoding=\"async\" class=\"size-full wp-image-469462\" src=\"https:\/\/hashtag.al\/wp-content\/uploads\/2021\/08\/gettyimages-1327689577_0_0.jpg\" alt=\"\" width=\"6629\" height=\"2931\" srcset=\"https:\/\/www.hashtag.al\/wp-content\/uploads\/2021\/08\/gettyimages-1327689577_0_0.jpg 6629w, https:\/\/www.hashtag.al\/wp-content\/uploads\/2021\/08\/gettyimages-1327689577_0_0-300x133.jpg 300w, https:\/\/www.hashtag.al\/wp-content\/uploads\/2021\/08\/gettyimages-1327689577_0_0-768x340.jpg 768w, https:\/\/www.hashtag.al\/wp-content\/uploads\/2021\/08\/gettyimages-1327689577_0_0-1024x453.jpg 1024w\" sizes=\"auto, (max-width: 6629px) 100vw, 6629px\" \/><\/span><\/p>\n<p><span style=\"color: #000000; font-size: 16px;\">24 prokuror\u00eb t\u00eb p\u00ebrgjithsh\u00ebm shtet\u00ebror\u00eb republikan\u00eb po k\u00ebrc\u00ebnojn\u00eb t\u00eb nd\u00ebrmarrin veprime ligjore kund\u00ebr administrat\u00ebs Biden p\u00ebr k\u00ebrkesat e saj gjith\u00ebp\u00ebrfshir\u00ebse t\u00eb vaksinave ndaj bizneseve n\u00eb sektorin privat, duke u zotuar se \u2018do t\u00eb k\u00ebrkojn\u00eb \u00e7do mund\u00ebsi ligjore n\u00eb dispozicion\u2019 p\u00ebr t\u00eb mbajtur presidentin p\u00ebrgjegj\u00ebs dhe \u2018p\u00ebr t\u00eb ruajtur sundimin e ligjit\u2019.<\/span><\/p>\n<p><span style=\"color: #000000;\"><em>&#8220;Ne, Prokuror\u00ebt e P\u00ebrgjithsh\u00ebm t\u00eb 24 shteteve, shprehim kund\u00ebrshtimin me p\u00ebrpjekjen tuaj p\u00ebr t\u00eb urdh\u00ebruar vaksinimin e qytetar\u00ebve privat\u00eb,&#8221;<\/em> shkruan zyrtar\u00ebt n\u00eb nj\u00eb let\u00ebr drejtuar Biden, duke iu referuar njoftimit t\u00eb tij t\u00eb 9 shtatorit q\u00eb urdh\u00ebronte Departamentin e Pun\u00ebs t\u00eb l\u00ebshonte nj\u00eb urdh\u00ebr t\u00eb p\u00ebrkohsh\u00ebm urgjent sipas Aktit t\u00eb Siguris\u00eb dhe Sh\u00ebndetit n\u00eb Pun\u00eb (OSH) p\u00ebr t\u00eb detyruar pun\u00ebdh\u00ebn\u00ebsit e sektorit privat t\u00eb bizneseve mbi 100 punonj\u00ebs q\u00eb ose t\u00eb urdh\u00ebrojn\u00eb vaksnimin e detyruesh\u00ebm ose t\u00eb k\u00ebrkojn\u00eb testime javore.<\/span><\/p>\n<p><span style=\"color: #000000;\">Duke e quajtur planin \u2018t\u00eb rreziksh\u00ebm dhe kund\u00ebrproduktiv\u2019, zyrtar\u00ebt than\u00eb se ai \u2018thjesht do t\u00eb nxis\u00eb m\u00eb tej skepticizmin\u2019 sesa t\u00eb ndryshoj\u00eb mendjen p\u00ebr vaksin\u00ebn. Ata paralajm\u00ebruan gjithashtu se shum\u00eb amerikan\u00eb do l\u00ebn\u00eb pun\u00ebn e tyre, duke e tendosur edhe m\u00ebs hum\u00eb tregun \u2018tashm\u00eb shum\u00eb t\u00eb shtr\u00ebnguar\u2019, shkruan <a style=\"color: #000000;\" href=\"https:\/\/www.breitbart.com\/politics\/2021\/09\/16\/24-republican-attorneys-general-threaten-legal-action-over-bidens-vaccine-mandates\/?fbclid=IwAR2TU8RlDbAOnlvUS_b9g099DCjzuqPqKQ_s4VTDx9-fZEfcZIQ2vg6xw_0\">Breitbart<\/a>.<\/span><\/p>\n<p><span style=\"color: #000000;\">Zyrtar\u00ebt i than\u00eb presidentit se vendimi i tij p\u00ebr vaksinimin e detyruesh\u00ebm \u2018nuk \u00ebsht\u00eb vet\u00ebm nj\u00eb k\u00ebrc\u00ebnim p\u00ebr lirin\u00eb individuale, por nj\u00eb katastrof\u00eb e sh\u00ebndetit publik q\u00eb do t\u00eb zhvendos\u00eb pun\u00ebtor\u00ebt e cenuesh\u00ebm dhe do t\u00eb p\u00ebrkeq\u00ebsoj\u00eb nj\u00eb kriz\u00eb mbar\u00ebkomb\u00ebtare t\u00eb personelit t\u00eb spitaleve, me pasoja t\u00eb r\u00ebnda p\u00ebr t\u00eb gjith\u00eb amerikan\u00ebt\u2019.<\/span><\/p>\n<p><span style=\"color: #000000;\">M\u00eb tej, prokuror\u00ebt e p\u00ebrgjithsh\u00ebm vun\u00eb n\u00eb dukje nj\u00eb t\u00eb met\u00eb tjet\u00ebr kryesore n\u00eb vendimin e Biden: Nuk llogarit imunitetin natyror. Ata iu referuan shifrave t\u00eb CDC t\u00eb majit duke vler\u00ebsuar se mbi 120 milion\u00eb amerikan\u00eb tashm\u00eb jan\u00eb infektuar me virusin.<\/span><\/p>\n<p><span style=\"color: #000000;\">P\u00ebrgatiti p\u00ebr <span style=\"color: #0000ff;\">Hashtag.al,<\/span> Klodian Manjani<\/span><\/p>\n","protected":false,"gt_translate_keys":[{"key":"rendered","format":"html"}]},"excerpt":{"rendered":"<p>24 prokuror\u00eb t\u00eb p\u00ebrgjithsh\u00ebm shtet\u00ebror\u00eb republikan\u00eb po k\u00ebrc\u00ebnojn\u00eb t\u00eb nd\u00ebrmarrin veprime ligjore kund\u00ebr administrat\u00ebs Biden p\u00ebr k\u00ebrkesat e saj gjith\u00ebp\u00ebrfshir\u00ebse t\u00eb vaksinave ndaj bizneseve n\u00eb sektorin privat, duke u zotuar se \u2018do t\u00eb k\u00ebrkojn\u00eb \u00e7do mund\u00ebsi ligjore n\u00eb dispozicion\u2019 p\u00ebr t\u00eb mbajtur presidentin p\u00ebrgjegj\u00ebs dhe \u2018p\u00ebr t\u00eb ruajtur sundimin e ligjit\u2019. &#8220;Ne, Prokuror\u00ebt e P\u00ebrgjithsh\u00ebm [&hellip;]<\/p>\n","protected":false,"gt_translate_keys":[{"key":"rendered","format":"html"}]},"author":51,"featured_media":469462,"comment_status":"closed","ping_status":"closed","sticky":false,"template":"","format":"standard","meta":{"footnotes":""},"categories":[6],"tags":[],"class_list":["post-473357","post","type-post","status-publish","format-standard","has-post-thumbnail","hentry","category-nderkombetare"],"gt_translate_keys":[{"key":"link","format":"url"}],"_links":{"self":[{"href":"https:\/\/www.hashtag.al\/index.php\/wp-json\/wp\/v2\/posts\/473357","targetHints":{"allow":["GET"]}}],"collection":[{"href":"https:\/\/www.hashtag.al\/index.php\/wp-json\/wp\/v2\/posts"}],"about":[{"href":"https:\/\/www.hashtag.al\/index.php\/wp-json\/wp\/v2\/types\/post"}],"author":[{"embeddable":true,"href":"https:\/\/www.hashtag.al\/index.php\/wp-json\/wp\/v2\/users\/51"}],"replies":[{"embeddable":true,"href":"https:\/\/www.hashtag.al\/index.php\/wp-json\/wp\/v2\/comments?post=473357"}],"version-history":[{"count":0,"href":"https:\/\/www.hashtag.al\/index.php\/wp-json\/wp\/v2\/posts\/473357\/revisions"}],"wp:featuredmedia":[{"embeddable":true,"href":"https:\/\/www.hashtag.al\/index.php\/wp-json\/wp\/v2\/media\/469462"}],"wp:attachment":[{"href":"https:\/\/www.hashtag.al\/index.php\/wp-json\/wp\/v2\/media?parent=473357"}],"wp:term":[{"taxonomy":"category","embeddable":true,"href":"https:\/\/www.hashtag.al\/index.php\/wp-json\/wp\/v2\/categories?post=473357"},{"taxonomy":"post_tag","embeddable":true,"href":"https:\/\/www.hashtag.al\/index.php\/wp-json\/wp\/v2\/tags?post=473357"}],"curies":[{"name":"wp","href":"https:\/\/api.w.org\/{rel}","templated":true}]}}