{"id":473288,"date":"2021-09-17T15:30:38","date_gmt":"2021-09-17T13:30:38","guid":{"rendered":"https:\/\/hashtag.al\/?p=473288"},"modified":"2021-09-17T13:53:28","modified_gmt":"2021-09-17T11:53:28","slug":"albin-kurti-nga-1-tetori-arsimi-i-larte-ne-kosove-do-te-jete-pa-pagese","status":"publish","type":"post","link":"https:\/\/www.hashtag.al\/index.php\/2021\/09\/17\/albin-kurti-nga-1-tetori-arsimi-i-larte-ne-kosove-do-te-jete-pa-pagese\/","title":{"rendered":"Albin Kurti: Nga 1 tetori arsimi i lart\u00eb n\u00eb Kosov\u00eb do t\u00eb jet\u00eb pa pages\u00eb","gt_translate_keys":[{"key":"rendered","format":"text"}]},"content":{"rendered":"<p><span style=\"color: #000000;\"><img loading=\"lazy\" decoding=\"async\" class=\"aligncenter size-full wp-image-440188\" src=\"https:\/\/hashtag.al\/wp-content\/uploads\/2021\/04\/albinkurti.jpg\" alt=\"\" width=\"1200\" height=\"686\" srcset=\"https:\/\/www.hashtag.al\/wp-content\/uploads\/2021\/04\/albinkurti.jpg 1200w, https:\/\/www.hashtag.al\/wp-content\/uploads\/2021\/04\/albinkurti-300x172.jpg 300w, https:\/\/www.hashtag.al\/wp-content\/uploads\/2021\/04\/albinkurti-768x439.jpg 768w, https:\/\/www.hashtag.al\/wp-content\/uploads\/2021\/04\/albinkurti-1024x585.jpg 1024w\" sizes=\"auto, (max-width: 1200px) 100vw, 1200px\" \/><\/span><\/p>\n<p><span style=\"color: #000000;\">Si\u00e7 e kishin lajm\u00ebruar jav\u00eb m\u00eb par\u00eb, nga 1 tetori student\u00ebt n\u00eb Kosov\u00eb do t\u00eb vazhdojn\u00eb arsimin e lart\u00eb falas, pa asnj\u00eb pages\u00eb.<\/span><\/p>\n<p><span style=\"color: #000000;\">Kryeministri i Kosov\u00ebs Albin Kurti njoftoi se duke nisur nga 1 tetori i k\u00ebtij viti, do t\u00eb hiqen pagesat p\u00ebr t\u00eb gjith\u00eb ata q\u00eb d\u00ebshirojn\u00eb t\u00eb studiojn\u00eb n\u00eb nivelin Bachelor dhe Master n\u00eb t\u00eb gjitha universitetet publike n\u00eb Kosov\u00eb.<\/span><\/p>\n<p><span style=\"color: #000000;\">Sipas vendimit t\u00eb Kurtit, q\u00eb ka mbajtur k\u00ebshtu nj\u00eb nga premtimet e fushat\u00ebs, kjo vlen p\u00ebr student\u00ebt e vitit akademik 2021-2022. N\u00eb v\u00ebmendje jan\u00eb edhe doktorant\u00ebt q\u00eb ndjekin doktoraturat.<\/span><\/p>\n<p><span style=\"color: #000000;\">\u201cNga nj\u00eb tetori i k\u00ebtij viti duke filluar nga viti akademik 2021\/2022, arsimi i lart\u00eb n\u00eb Kosov\u00eb do t\u00eb jet\u00eb pa pages\u00eb p\u00ebr t\u00eb gjith\u00eb ata q\u00eb d\u00ebshirojn\u00eb t\u00eb studiojn\u00eb p\u00ebr nivelin Bachelor dhe Master nd\u00ebrsa ata t\u00eb Doktorat\u00ebs do t\u00eb ken\u00eb leht\u00ebsime\u201d, u shpreh Kurti.<\/span><\/p>\n<p><span style=\"color: #000000;\">Nga vendimi do t\u00eb p\u00ebrfitojn\u00eb edhe student\u00ebt e vendeve t\u00eb tjera e sidomos t\u00eb atyre t\u00eb rajonit q\u00eb do t\u00eb trajtohen si t\u00eb gjith\u00eb student\u00ebt e tjer\u00eb.<\/span><\/p>\n","protected":false,"gt_translate_keys":[{"key":"rendered","format":"html"}]},"excerpt":{"rendered":"<p>Si\u00e7 e kishin lajm\u00ebruar jav\u00eb m\u00eb par\u00eb, nga 1 tetori student\u00ebt n\u00eb Kosov\u00eb do t\u00eb vazhdojn\u00eb arsimin e lart\u00eb falas, pa asnj\u00eb pages\u00eb. Kryeministri i Kosov\u00ebs Albin Kurti njoftoi se duke nisur nga 1 tetori i k\u00ebtij viti, do t\u00eb hiqen pagesat p\u00ebr t\u00eb gjith\u00eb ata q\u00eb d\u00ebshirojn\u00eb t\u00eb studiojn\u00eb n\u00eb nivelin Bachelor dhe Master [&hellip;]<\/p>\n","protected":false,"gt_translate_keys":[{"key":"rendered","format":"html"}]},"author":51,"featured_media":467833,"comment_status":"closed","ping_status":"closed","sticky":false,"template":"","format":"standard","meta":{"footnotes":""},"categories":[149,65],"tags":[],"class_list":["post-473288","post","type-post","status-publish","format-standard","has-post-thumbnail","hentry","category-kosoverajon","category-lajme"],"gt_translate_keys":[{"key":"link","format":"url"}],"_links":{"self":[{"href":"https:\/\/www.hashtag.al\/index.php\/wp-json\/wp\/v2\/posts\/473288","targetHints":{"allow":["GET"]}}],"collection":[{"href":"https:\/\/www.hashtag.al\/index.php\/wp-json\/wp\/v2\/posts"}],"about":[{"href":"https:\/\/www.hashtag.al\/index.php\/wp-json\/wp\/v2\/types\/post"}],"author":[{"embeddable":true,"href":"https:\/\/www.hashtag.al\/index.php\/wp-json\/wp\/v2\/users\/51"}],"replies":[{"embeddable":true,"href":"https:\/\/www.hashtag.al\/index.php\/wp-json\/wp\/v2\/comments?post=473288"}],"version-history":[{"count":0,"href":"https:\/\/www.hashtag.al\/index.php\/wp-json\/wp\/v2\/posts\/473288\/revisions"}],"wp:featuredmedia":[{"embeddable":true,"href":"https:\/\/www.hashtag.al\/index.php\/wp-json\/wp\/v2\/media\/467833"}],"wp:attachment":[{"href":"https:\/\/www.hashtag.al\/index.php\/wp-json\/wp\/v2\/media?parent=473288"}],"wp:term":[{"taxonomy":"category","embeddable":true,"href":"https:\/\/www.hashtag.al\/index.php\/wp-json\/wp\/v2\/categories?post=473288"},{"taxonomy":"post_tag","embeddable":true,"href":"https:\/\/www.hashtag.al\/index.php\/wp-json\/wp\/v2\/tags?post=473288"}],"curies":[{"name":"wp","href":"https:\/\/api.w.org\/{rel}","templated":true}]}}