{"id":473284,"date":"2021-09-17T15:00:30","date_gmt":"2021-09-17T13:00:30","guid":{"rendered":"https:\/\/hashtag.al\/?p=473284"},"modified":"2021-09-17T13:34:07","modified_gmt":"2021-09-17T11:34:07","slug":"legenosja-kolektive","status":"publish","type":"post","link":"https:\/\/www.hashtag.al\/index.php\/2021\/09\/17\/legenosja-kolektive\/","title":{"rendered":"Legenosja kolektive","gt_translate_keys":[{"key":"rendered","format":"text"}]},"content":{"rendered":"<p><span style=\"color: #000000;\"><strong>Nga Ylli Manjani<\/strong><img loading=\"lazy\" decoding=\"async\" class=\"alignright wp-image-255712\" src=\"https:\/\/hashtag.al\/wp-content\/uploads\/2018\/12\/Manjani-Ylli.jpg\" alt=\"\" width=\"486\" height=\"321\" srcset=\"https:\/\/www.hashtag.al\/wp-content\/uploads\/2018\/12\/Manjani-Ylli.jpg 846w, https:\/\/www.hashtag.al\/wp-content\/uploads\/2018\/12\/Manjani-Ylli-300x198.jpg 300w, https:\/\/www.hashtag.al\/wp-content\/uploads\/2018\/12\/Manjani-Ylli-768x507.jpg 768w\" sizes=\"auto, (max-width: 486px) 100vw, 486px\" \/><\/span><\/p>\n<p><span style=\"color: #000000;\">Sekretari Amerikan i Shtetit, ambasadori\/ja e ShBA, vet\u00eb Presidenti i tyre jan\u00eb n\u00ebnpun\u00ebs shteti dhe jo drejt\u00ebsia Amerikane. As drejt\u00ebsia e bot\u00ebs!<\/span><\/p>\n<p><span style=\"color: #000000;\">Nj\u00ebsoj vlen ky arsyetim p\u00ebr \u00e7do mininist\u00ebr, kryeminist\u00ebr, president e ambasador kudo n\u00eb bot\u00eb.<\/span><\/p>\n<p><span style=\"color: #000000;\">Ata nuk jan\u00eb gjykat\u00eb!<\/span><\/p>\n<p><span style=\"color: #000000;\">P\u00ebr pasoj\u00eb nuk kan\u00eb asnj\u00eb t\u00eb drejt\u00eb t\u00eb ngren\u00eb akuza publike ndaj askujt.<\/span><\/p>\n<p><span style=\"color: #000000;\">N\u00eb t\u00eb gjitha dokumentet ligjore t\u00eb rruzullit, p\u00ebrfshi dhe Kushtet\u00ebn e SHBA, sanksionohet eksluziviteti gjykat\u00ebs s\u00eb pavarur p\u00ebr t\u00eb vendosur mbi fajsin\u00eb ose pafajsin\u00eb e \u00e7do individi.<\/span><\/p>\n<p><span style=\"color: #000000;\">Askush tjet\u00ebr, autoritet, pushtet apo individ nuk mund t\u00eb shpall\u00eb dik\u00eb tjet\u00ebr fajtor, p\u00ebrve\u00e7 se gjykat\u00ebs. Kjo e fundit gjykon vet\u00ebm mbi baz\u00eb provash e faktesh dhe n\u00eb nj\u00eb proces t\u00eb rregullt.<\/span><\/p>\n<p><span style=\"color: #000000;\">Pushtetet agresive b\u00ebjn \u00e7mos t\u00eb provojn\u00eb faj\u00ebsin\u00eb e dikujt para gjykat\u00ebs, por nuk marrin p\u00ebrsip\u00ebr ta z\u00ebvend\u00ebsojn\u00eb at\u00eb.<\/span><\/p>\n<p><span style=\"color: #000000;\">Ky \u00ebsht\u00eb rregulli i konsoliduar i 2000 viteve t\u00eb fundit.<\/span><\/p>\n<p><span style=\"color: #000000;\">Me k\u00ebt\u00eb rregull \u00e7do njeri n\u00eb bot\u00eb ka t\u00eb drejt\u00eb t\u00eb k\u00ebrkoj\u00eb mbrojtje t\u00eb dinjitetit ndaj cilitdo autoritet q\u00eb e n\u00ebp\u00ebrk\u00ebmb at\u00eb.<\/span><\/p>\n<p><span style=\"color: #000000;\">Pushtetet edhe mund t\u00eb vrasin se kan\u00eb ushtri e arm\u00eb n\u00eb dor\u00eb. Edhe mund t\u00eb sajojn\u00eb e manipulojn\u00eb se kan\u00eb para e legena q\u00eb i sh\u00ebrbejn\u00eb pa hesap.<\/span><\/p>\n<p><span style=\"color: #000000;\">E prap se prap nuk kan\u00eb t\u00eb drejt\u00eb t\u00eb akuzojn\u00eb e as t\u00eb gjykojn\u00eb njeri!<\/span><\/p>\n<p><span style=\"color: #000000;\">Nuk e kan\u00eb k\u00ebt\u00eb t\u00eb drejt\u00eb dhe pik\u00eb.<\/span><\/p>\n<p><span style=\"color: #000000;\">Tani, q\u00eb ka shqiptar\u00eb q\u00eb llogjet e politikan\u00ebve (p\u00ebrfshi dhe ato t\u00eb huaj) apo t\u00eb n\u00ebnpun\u00ebsve diplomatik\u00eb i quajn\u00eb ligj dhe nuk i diskutojn\u00eb, ky \u00ebsht\u00eb fakt.\u00a0<\/span><\/p>\n<p><span style=\"color: #000000;\">Por nuk \u00e7uditem, sepse k\u00ebtu pranohet gjer\u00ebsisht se \u201cgjyqi\u201d mbaron n\u00eb komisariatin e policis\u00eb dhe tek z\u00ebdh\u00ebn\u00ebsi i Ministris\u00eb s\u00eb Brendshme.\u00a0 Po b\u00ebri z\u00ebdh\u00ebnie ambasadori\/ja X apo Y, quhet d\u00ebnim nd\u00ebrkomb\u00ebtar\u2026<\/span><\/p>\n<p><span style=\"color: #000000;\">Kjo quhet legenosje kolektive. S\u2019ka konvent\u00eb e kushtetut\u00eb q\u00eb i b\u00ebn derman, me th\u00ebn\u00eb t\u00eb drejt\u00ebn\u2026<\/span><\/p>\n","protected":false,"gt_translate_keys":[{"key":"rendered","format":"html"}]},"excerpt":{"rendered":"<p>Nga Ylli Manjani Sekretari Amerikan i Shtetit, ambasadori\/ja e ShBA, vet\u00eb Presidenti i tyre jan\u00eb n\u00ebnpun\u00ebs shteti dhe jo drejt\u00ebsia Amerikane. As drejt\u00ebsia e bot\u00ebs! Nj\u00ebsoj vlen ky arsyetim p\u00ebr \u00e7do mininist\u00ebr, kryeminist\u00ebr, president e ambasador kudo n\u00eb bot\u00eb. Ata nuk jan\u00eb gjykat\u00eb! P\u00ebr pasoj\u00eb nuk kan\u00eb asnj\u00eb t\u00eb drejt\u00eb t\u00eb ngren\u00eb akuza publike ndaj [&hellip;]<\/p>\n","protected":false,"gt_translate_keys":[{"key":"rendered","format":"html"}]},"author":51,"featured_media":255712,"comment_status":"closed","ping_status":"closed","sticky":false,"template":"","format":"standard","meta":{"footnotes":""},"categories":[20,65],"tags":[],"class_list":["post-473284","post","type-post","status-publish","format-standard","has-post-thumbnail","hentry","category-blog","category-lajme"],"gt_translate_keys":[{"key":"link","format":"url"}],"_links":{"self":[{"href":"https:\/\/www.hashtag.al\/index.php\/wp-json\/wp\/v2\/posts\/473284","targetHints":{"allow":["GET"]}}],"collection":[{"href":"https:\/\/www.hashtag.al\/index.php\/wp-json\/wp\/v2\/posts"}],"about":[{"href":"https:\/\/www.hashtag.al\/index.php\/wp-json\/wp\/v2\/types\/post"}],"author":[{"embeddable":true,"href":"https:\/\/www.hashtag.al\/index.php\/wp-json\/wp\/v2\/users\/51"}],"replies":[{"embeddable":true,"href":"https:\/\/www.hashtag.al\/index.php\/wp-json\/wp\/v2\/comments?post=473284"}],"version-history":[{"count":0,"href":"https:\/\/www.hashtag.al\/index.php\/wp-json\/wp\/v2\/posts\/473284\/revisions"}],"wp:featuredmedia":[{"embeddable":true,"href":"https:\/\/www.hashtag.al\/index.php\/wp-json\/wp\/v2\/media\/255712"}],"wp:attachment":[{"href":"https:\/\/www.hashtag.al\/index.php\/wp-json\/wp\/v2\/media?parent=473284"}],"wp:term":[{"taxonomy":"category","embeddable":true,"href":"https:\/\/www.hashtag.al\/index.php\/wp-json\/wp\/v2\/categories?post=473284"},{"taxonomy":"post_tag","embeddable":true,"href":"https:\/\/www.hashtag.al\/index.php\/wp-json\/wp\/v2\/tags?post=473284"}],"curies":[{"name":"wp","href":"https:\/\/api.w.org\/{rel}","templated":true}]}}