{"id":473269,"date":"2021-09-17T11:49:49","date_gmt":"2021-09-17T09:49:49","guid":{"rendered":"https:\/\/hashtag.al\/?p=473269"},"modified":"2021-09-17T11:52:25","modified_gmt":"2021-09-17T09:52:25","slug":"meta-brenda-kornizes-mesazhet-e-presidentit-per-qeverine-opoziten-dhe-shqiptaret","status":"publish","type":"post","link":"https:\/\/www.hashtag.al\/index.php\/2021\/09\/17\/meta-brenda-kornizes-mesazhet-e-presidentit-per-qeverine-opoziten-dhe-shqiptaret\/","title":{"rendered":"Meta brenda \u201ckorniz\u00ebs\u201d \u2013 Mesazhet e presidentit p\u00ebr qeverin\u00eb, opozit\u00ebn dhe shqiptar\u00ebt","gt_translate_keys":[{"key":"rendered","format":"text"}]},"content":{"rendered":"<p><span style=\"color: #000000;\"><img loading=\"lazy\" decoding=\"async\" class=\"aligncenter size-full wp-image-473270\" src=\"https:\/\/hashtag.al\/wp-content\/uploads\/2021\/09\/ilirmetapresident.jpg\" alt=\"\" width=\"1280\" height=\"853\" srcset=\"https:\/\/www.hashtag.al\/wp-content\/uploads\/2021\/09\/ilirmetapresident.jpg 1280w, https:\/\/www.hashtag.al\/wp-content\/uploads\/2021\/09\/ilirmetapresident-300x200.jpg 300w, https:\/\/www.hashtag.al\/wp-content\/uploads\/2021\/09\/ilirmetapresident-768x512.jpg 768w, https:\/\/www.hashtag.al\/wp-content\/uploads\/2021\/09\/ilirmetapresident-1024x682.jpg 1024w\" sizes=\"auto, (max-width: 1280px) 100vw, 1280px\" \/><\/span><\/p>\n<p><span style=\"color: #000000;\">Ka folur nj\u00eb dit\u00eb para se t\u00eb pres\u00eb n\u00eb presidenc\u00eb kryeministrin Rama dhe ministrat e tij. <\/span><span style=\"color: #000000;\">Presidenti Ilir Meta nga Kor\u00e7a dha disa mesazhe t\u00eb qarta p\u00ebr qeverin\u00eb, opozit\u00ebn dhe shqiptar\u00ebt.<\/span><\/p>\n<p><span style=\"color: #000000;\">I p\u00ebrmbajtur dhe brenda korniz\u00ebs si president i vendit, Meta iu p\u00ebrgjigj pyetjeve n\u00ebse ka tejkalim sovraniteti t\u00eb vendit nga SHBA-t\u00eb, premtimit t\u00eb tij p\u00ebr dor\u00ebheqje n\u00ebse Rama fitonte 71 mandate apo betimit t\u00eb qeveris\u00eb s\u00eb re.<\/span><\/p>\n<p><span style=\"color: #000000;\"><strong>Komunikimi i plot\u00eb i presidentit Meta me gazetar\u00ebt:<\/strong><\/span><\/p>\n<p><span style=\"color: #000000;\"><strong>&#8220;\u00c7<\/strong><strong>far\u00eb mund t\u00eb komentoni mbi p\u00ebrjashtimin e Berish\u00ebs nga grupi parlamentar meq\u00ebn\u00ebse Doktori \u00ebsht\u00eb edhe dob\u00ebsia juaj?<\/strong><\/span><\/p>\n<p><span style=\"color: #000000;\"><strong>Meta: <\/strong><em>(Buz\u00ebqesh)<\/em>Meq\u00ebn\u00ebse p\u00ebrmend\u00ebt Doktorin, un\u00eb do t\u00eb lutesha q\u00eb t\u00eb mos rrini kaq pran\u00eb me nj\u00ebri-tjetrin.Edhe do t\u00eb lutesha q\u00eb t\u00eb gjith\u00eb t\u00eb jen\u00eb t\u00eb kujdessh\u00ebm n\u00eb k\u00ebt\u00eb situat\u00eb t\u00eb pandemis\u00eb pasi ka nj\u00eb tendenc\u00eb t\u00eb p\u00ebrkeq\u00ebsimit dhe t\u00eb rikthimit t\u00eb nj\u00eb vale tjet\u00ebr. Dhe mendoj q\u00eb kjo \u00ebsht\u00eb nj\u00eb \u00e7\u00ebshtje madhore.<\/span><\/p>\n<p><span style=\"color: #000000;\"><strong>P\u00ebr sa i takon situat\u00ebs s\u00eb demokracis\u00eb n\u00eb vendin ton\u00eb, edhe ajo kuptohet q\u00eb \u00ebsht\u00eb n\u00eb nj\u00eb gjendje problematike. Nuk \u00ebsht\u00eb ndoshta ashtu si<\/strong><strong>\u00e7 do t\u00eb donin shum\u00eb, p\u00ebrfshi dhe mua, pas 25 prillit por pa asnj\u00eb diskutim \u00ebsht\u00eb shum\u00eb m\u00eb mir\u00eb se situate katastrofike para 25 prillit, n\u00eb kushtet e munges\u00ebs s\u00eb nj\u00eb parlamenti kushtetues dhe funksional, n\u00eb kushtet e zero opozit\u00ebs n\u00eb t\u00eb gjitha institucionet q\u00ebndrore dhe vendore t\u00eb vendit.<\/strong> K\u00ebshtu q\u00eb aktualisht pas 25 prillit, sidoqoft\u00eb jan\u00eb mund\u00ebsit\u00eb p\u00ebr rivendosjen e plot\u00eb t\u00eb demokracis\u00eb, p\u00ebr nj\u00eb demokraci funksionale, parlament funksional dhe ajo \u00ebsht\u00eb q\u00ebllimi yn\u00eb kryesor dhe duhet t\u00eb jet\u00eb i t\u00eb gjith\u00eb qytetar\u00ebve q\u00eb demokracia t\u00eb funksionoj\u00eb, q\u00eb z\u00ebri i tyre t\u00eb d\u00ebgjohet, q\u00eb premtimet e atyre q\u00eb votohen t\u00eb mbahen.<\/span><\/p>\n<p><span style=\"color: #000000;\"><strong><img loading=\"lazy\" decoding=\"async\" class=\"aligncenter size-full wp-image-473266\" src=\"https:\/\/hashtag.al\/wp-content\/uploads\/2021\/09\/ilirmetalive.png\" alt=\"\" width=\"1389\" height=\"740\" srcset=\"https:\/\/www.hashtag.al\/wp-content\/uploads\/2021\/09\/ilirmetalive.png 1389w, https:\/\/www.hashtag.al\/wp-content\/uploads\/2021\/09\/ilirmetalive-300x160.png 300w, https:\/\/www.hashtag.al\/wp-content\/uploads\/2021\/09\/ilirmetalive-768x409.png 768w, https:\/\/www.hashtag.al\/wp-content\/uploads\/2021\/09\/ilirmetalive-1024x546.png 1024w\" sizes=\"auto, (max-width: 1389px) 100vw, 1389px\" \/><\/strong><\/span><\/p>\n<p><span style=\"color: #000000;\"><strong>Zoti Meta, ju keni th\u00ebn\u00eb se n\u00eb rast se Rama fiton 71 mandate, ju do t\u00eb jepni dor\u00ebheqjen. A i q\u00ebndroni ende k\u00ebsaj, meq\u00eb ju e keni njohur qeverin\u00eb Rama?<\/strong><\/span><\/p>\n<p><span style=\"color: #000000;\"><strong>Meta: <\/strong>Tani nuk jemi k\u00ebtu p\u00ebr t\u00eb interpretuar dhe p\u00ebr t\u00eb nxjerr\u00eb jasht\u00eb kontekstit se \u00e7far\u00eb kam th\u00ebn\u00eb un\u00eb, un\u00eb jam k\u00ebtu p\u00ebr t\u00eb respektuar Kushtetut\u00ebn e Republik\u00ebs s\u00eb Shqip\u00ebris\u00eb dhe k\u00ebt\u00eb gj\u00eb e kam b\u00ebr\u00eb edhe p\u00ebrpara 25 prillit.<\/span><\/p>\n<p><span style=\"color: #000000;\">Shpesh kam shum\u00eb k\u00ebrkesa nga gazetar\u00ebt p\u00ebr t\u00eb dal\u00eb n\u00ebp\u00ebr studio apo p\u00ebr t\u00eb dh\u00ebn\u00eb intervista po e kam gjykuar t\u00eb panevojshme nj\u00eb gj\u00eb t\u00eb till\u00eb mbas 25 prillit p\u00ebr arsye sepse un\u00eb besoj q\u00eb i gjith\u00eb protagonizmi im jo i zakonsh\u00ebm n\u00eb dy vitet e fundit nuk ka qen\u00eb i k\u00ebrkuar nga Ilir Meta por ka qen\u00eb i imponuar n\u00eb mbrojtje t\u00eb demokracis\u00eb, n\u00eb mbrojtje t\u00eb Kushtetut\u00ebs, <strong>n\u00eb kushtet e braktisjes s\u00eb opozit\u00ebs t\u00eb t\u00eb gjith\u00eb institucioneve, q\u00eb nga parlamenti, pushteti vendor e <\/strong><strong>\u00e7do gj\u00eb tjet\u00ebr por dhe n\u00eb kushtet e p\u00ebrpjekjeve t\u00eb pandalshme t\u00eb mazhoranc\u00ebs p\u00ebr t\u00eb kapur \u00e7do institucion, n\u00eb m\u00ebnyr\u00eb t\u00eb ve\u00e7ant\u00eb Gjykat\u00ebn Kushtetuese, n\u00eb m\u00ebnyr\u00ebn m\u00eb antikushtetuese, t\u00eb denoncuar qart\u00eb edhe nga Komisioni i Venecias, p\u00ebr t\u00eb kapur edhe institucionin e Presidentit q\u00eb p\u00ebrpara zgjedhjeve dhe p\u00ebr t\u00eb krijuar nj\u00eb situat\u00eb t\u00eb pashpres\u00eb p\u00ebr demokracin\u00eb, p\u00ebr ndryshimin dhe p\u00ebr qytetar\u00ebt.<\/strong><\/span><\/p>\n<p><span style=\"color: #000000;\">K\u00ebshtu q\u00eb un\u00eb jam i detyruar t\u00eb respektoj Kushtetut\u00ebn e Republik\u00ebs s\u00eb Shqip\u00ebris\u00eb. Aktualisht askush nuk duhet t\u00eb pres\u00eb q\u00eb Presidenti t\u00eb marr\u00eb p\u00ebrsip\u00ebr detyra q\u00eb ju takojn\u00eb aktor\u00ebve t\u00eb tjer\u00eb politik\u00eb. Shpresojm\u00eb q\u00eb opozita t\u00eb p\u00ebrmbush\u00eb p\u00ebrgjegj\u00ebsit\u00eb e saj n\u00eb parlament, q\u00eb Parlamenti t\u00eb jet\u00eb m\u00eb funksional, q\u00eb sistemi i llogaridh\u00ebnies t\u00eb nis\u00eb t\u00eb funksionoj\u00eb n\u00eb mbrojtje t\u00eb interesit publik dhe po k\u00ebshtu t\u00eb gjith\u00eb institucionet e tjera t\u00eb rimarrin veten, t\u00eb fitojn\u00eb integritetin e tyre dhe t\u00eb respektojn\u00eb gjithmon\u00eb Kushtetut\u00ebn e Republik\u00ebs s\u00eb Shqip\u00ebris\u00eb.<\/span><\/p>\n<p><span style=\"color: #000000;\"><strong><img loading=\"lazy\" decoding=\"async\" class=\"aligncenter  wp-image-473267\" src=\"https:\/\/hashtag.al\/wp-content\/uploads\/2021\/09\/ilirmetasaliberisha.jpg\" alt=\"\" width=\"964\" height=\"642\" srcset=\"https:\/\/www.hashtag.al\/wp-content\/uploads\/2021\/09\/ilirmetasaliberisha.jpg 800w, https:\/\/www.hashtag.al\/wp-content\/uploads\/2021\/09\/ilirmetasaliberisha-300x200.jpg 300w, https:\/\/www.hashtag.al\/wp-content\/uploads\/2021\/09\/ilirmetasaliberisha-768x512.jpg 768w\" sizes=\"auto, (max-width: 964px) 100vw, 964px\" \/><\/strong><\/span><\/p>\n<p><span style=\"color: #000000;\"><strong>Zoti president, p\u00ebr t\u00eb mbetur te demokracia dhe q\u00eb ju that\u00eb jeni mbrojt\u00ebs i saj dhe te sovraniteti. A \u00ebsht\u00eb c\u00ebnim i sovranitetit hyrja e ambasador\u00ebve, t\u00eb cil\u00ebn ju edhe m\u00eb her\u00ebt e keni konsideruar si nj\u00eb tejkalim t\u00eb misionit t\u00eb tyre diplomatic p\u00ebr p\u00ebrjashtimin e Z.Berisha. Kam parasysh k\u00ebtu deklaratat, edhe e djeshme ka qen\u00eb deklarata e ambasadores amerikane. A \u00ebsht\u00eb k\u00ebrc\u00ebnim i sovranitetit n\u00eb kontekstin se sovraniteti nuk \u00ebsht\u00eb vet\u00ebm t\u00ebr\u00ebsi territoriale por edhe pavar\u00ebsi n\u00eb vendimarrje.<\/strong><\/span><\/p>\n<p><span style=\"color: #000000;\"><strong>Meta:<\/strong> <strong>S\u00eb pari, sovraniteti \u00ebsht\u00eb respektimi i vullnetit t\u00eb qytetar\u00ebve dhe nuk ka mbrojt\u00ebs m\u00eb t\u00eb mir\u00eb edhe t\u00eb sovranitetit komb\u00ebtar se sa vet\u00eb sovrani, vet\u00eb qytetari, sigurisht kur ai \u00ebsht\u00eb i nd\u00ebrgjegjsh\u00ebm p\u00ebr r\u00ebnd\u00ebsin\u00eb e vot\u00ebs s\u00eb tij, kur e mbron, kur nuk e shet, kur nuk e treg\u00ebton n\u00eb k\u00ebmbim t\u00eb gj\u00ebrave t\u00eb momentit, t\u00eb cilat i humbet shum\u00eb shpejt.<\/strong><\/span><\/p>\n<p><span style=\"color: #000000;\">P\u00ebr sa i takon sovranitetit, pa asnj\u00eb diskutim q\u00eb fjala ky\u00e7 p\u00ebr dekadat q\u00eb vijn\u00eb p\u00ebr Shqip\u00ebrin\u00eb \u00ebsht\u00eb Sovranitet. Q\u00eb nuk do t\u00eb thot\u00eb mosp\u00ebrmbushje e detyrimeve t\u00eb Shqip\u00ebris\u00eb ndaj NATO-s, ku jemi an\u00ebtar prej koh\u00ebsh apo ndaj Bashkimit Europian, ku d\u00ebshirojm\u00eb t\u00eb an\u00ebtar\u00ebsohemi, n\u00ebp\u00ebr nj\u00eb process tep\u00ebr i ngadal\u00ebsuar p\u00ebr fat t\u00eb keq pasi gjith\u00eb detyrimet tona n\u00eb raport me k\u00ebto institucione\/organizata ne i kemi t\u00eb fiksuara qart\u00eb n\u00eb Kushtetut\u00ebn e Republik\u00ebs s\u00eb Shqip\u00ebris\u00eb. K\u00ebshtu q\u00eb un\u00eb b\u00ebsoj se, n\u00eb radh\u00eb t\u00eb par\u00eb, \u00ebsht\u00eb e r\u00ebnd\u00ebsishme t\u2019i kthejm\u00eb sovranitetin qytetar\u00ebve, ata t\u00eb mos injorohen m\u00eb, ata t\u00eb mos p\u00ebrjashtohen m\u00eb, ata t\u00eb mos vendosen para faktit t\u00eb kryer, ata t\u00eb mos jen\u00eb m\u00eb viktim\u00eb e arbitraritetit dhe kulisave t\u00eb elitave, t\u00eb cilat kan\u00eb k\u00ebrkuar dhe k\u00ebrkojn\u00eb ta nxjerrin k\u00ebt\u00eb sistem jasht\u00eb kontrollit t\u00eb qyet\u00ebtar\u00ebve.<\/span><\/p>\n<p><span style=\"color: #000000;\">\u00cbsht\u00eb b\u00ebr\u00eb nj\u00eb hap me 25 prillin por hapa m\u00eb t\u00eb m\u00ebdhenj dhe m\u00eb t\u00eb shpejt\u00eb priten dhe pa asnj\u00eb diskutim q\u00eb do ndodhin n\u00eb t\u00eb ardhmen besoj.<\/span><\/p>\n<p><span style=\"color: #000000;\"><strong>Kur do ta th\u00ebrrisni Ram\u00ebn p\u00ebr betimin dhe a do ta takoni at\u00eb?<\/strong><\/span><\/p>\n<p><span style=\"color: #000000;\"><strong>Meta:<\/strong> N\u00eb \u00e7do moment kemi qen\u00eb dhe jemi t\u00eb hapur p\u00ebr t\u00eb p\u00ebrmbushur t\u00eb gjitha detyrimet kushtetuese p\u00ebr sa i takon k\u00ebtij procesi pasi parlamenti i ri tashm\u00eb ka nisur pun\u00eb dhe urojm\u00eb t\u00eb jet\u00eb nj\u00eb parlament sa m\u00eb funksional, sa m\u00eb demokratik dhe natyrisht edhe qeveria e re duhet t\u00eb filloj\u00eb sa m\u00eb par\u00eb dhe nj\u00ebkoh\u00ebsisht edhe kontrolli i parlamentit ndaj qeveris\u00eb.<\/span><\/p>\n<p><span style=\"color: #000000;\"><strong>Si e komentoni betej\u00ebn e zotit Berisha p\u00ebr kthimin e tij n\u00eb PD?<\/strong><\/span><\/p>\n<p><span style=\"color: #000000;\"><strong>Meta:<\/strong> <strong>Nuk d\u00ebshiroj t\u00eb merrem me <\/strong><strong>\u00e7\u00ebshtje t\u00eb tilla, p\u00ebr arsye sepse nuk \u00ebsht\u00eb kjo detyra ime. Sigurisht q\u00eb zoti Berisha, nuk mund t\u00eb rri pa e th\u00ebn\u00eb q\u00eb \u00ebsht\u00eb si vera, sa m\u00eb shum\u00eb koh\u00eb kalon aq m\u00eb t\u00ebrheq\u00ebs b\u00ebhet, po aq edhe m\u00eb demokrat b\u00ebhet.<\/strong> Faleminderit!&#8221;\/ <strong>Hashtag.al<\/strong><\/span><\/p>\n<p>&nbsp;<\/p>\n","protected":false,"gt_translate_keys":[{"key":"rendered","format":"html"}]},"excerpt":{"rendered":"<p>Ka folur nj\u00eb dit\u00eb para se t\u00eb pres\u00eb n\u00eb presidenc\u00eb kryeministrin Rama dhe ministrat e tij. Presidenti Ilir Meta nga Kor\u00e7a dha disa mesazhe t\u00eb qarta p\u00ebr qeverin\u00eb, opozit\u00ebn dhe shqiptar\u00ebt. I p\u00ebrmbajtur dhe brenda korniz\u00ebs si president i vendit, Meta iu p\u00ebrgjigj pyetjeve n\u00ebse ka tejkalim sovraniteti t\u00eb vendit nga SHBA-t\u00eb, premtimit t\u00eb tij [&hellip;]<\/p>\n","protected":false,"gt_translate_keys":[{"key":"rendered","format":"html"}]},"author":51,"featured_media":473270,"comment_status":"closed","ping_status":"closed","sticky":false,"template":"","format":"standard","meta":{"footnotes":""},"categories":[22,65],"tags":[],"class_list":["post-473269","post","type-post","status-publish","format-standard","has-post-thumbnail","hentry","category-ballina","category-lajme"],"gt_translate_keys":[{"key":"link","format":"url"}],"_links":{"self":[{"href":"https:\/\/www.hashtag.al\/index.php\/wp-json\/wp\/v2\/posts\/473269","targetHints":{"allow":["GET"]}}],"collection":[{"href":"https:\/\/www.hashtag.al\/index.php\/wp-json\/wp\/v2\/posts"}],"about":[{"href":"https:\/\/www.hashtag.al\/index.php\/wp-json\/wp\/v2\/types\/post"}],"author":[{"embeddable":true,"href":"https:\/\/www.hashtag.al\/index.php\/wp-json\/wp\/v2\/users\/51"}],"replies":[{"embeddable":true,"href":"https:\/\/www.hashtag.al\/index.php\/wp-json\/wp\/v2\/comments?post=473269"}],"version-history":[{"count":0,"href":"https:\/\/www.hashtag.al\/index.php\/wp-json\/wp\/v2\/posts\/473269\/revisions"}],"wp:featuredmedia":[{"embeddable":true,"href":"https:\/\/www.hashtag.al\/index.php\/wp-json\/wp\/v2\/media\/473270"}],"wp:attachment":[{"href":"https:\/\/www.hashtag.al\/index.php\/wp-json\/wp\/v2\/media?parent=473269"}],"wp:term":[{"taxonomy":"category","embeddable":true,"href":"https:\/\/www.hashtag.al\/index.php\/wp-json\/wp\/v2\/categories?post=473269"},{"taxonomy":"post_tag","embeddable":true,"href":"https:\/\/www.hashtag.al\/index.php\/wp-json\/wp\/v2\/tags?post=473269"}],"curies":[{"name":"wp","href":"https:\/\/api.w.org\/{rel}","templated":true}]}}