{"id":473265,"date":"2021-09-17T10:52:30","date_gmt":"2021-09-17T08:52:30","guid":{"rendered":"https:\/\/hashtag.al\/?p=473265"},"modified":"2021-09-17T10:52:30","modified_gmt":"2021-09-17T08:52:30","slug":"meta-shmang-komentet-mbi-situaten-e-berishes-por-e-ben-nje-vleresim-per-te","status":"publish","type":"post","link":"https:\/\/www.hashtag.al\/index.php\/2021\/09\/17\/meta-shmang-komentet-mbi-situaten-e-berishes-por-e-ben-nje-vleresim-per-te\/","title":{"rendered":"Meta shmang komentet mbi situat\u00ebn e Berish\u00ebs por e b\u00ebn nj\u00eb vler\u00ebsim p\u00ebr t\u00eb","gt_translate_keys":[{"key":"rendered","format":"text"}]},"content":{"rendered":"<p><span style=\"color: #000000;\"><img loading=\"lazy\" decoding=\"async\" class=\"aligncenter size-full wp-image-473266\" src=\"https:\/\/hashtag.al\/wp-content\/uploads\/2021\/09\/ilirmetalive.png\" alt=\"\" width=\"1389\" height=\"740\" srcset=\"https:\/\/www.hashtag.al\/wp-content\/uploads\/2021\/09\/ilirmetalive.png 1389w, https:\/\/www.hashtag.al\/wp-content\/uploads\/2021\/09\/ilirmetalive-300x160.png 300w, https:\/\/www.hashtag.al\/wp-content\/uploads\/2021\/09\/ilirmetalive-768x409.png 768w, https:\/\/www.hashtag.al\/wp-content\/uploads\/2021\/09\/ilirmetalive-1024x546.png 1024w\" sizes=\"auto, (max-width: 1389px) 100vw, 1389px\" \/><\/span><\/p>\n<p><span style=\"color: #000000;\">Presidenti Ilir Meta ka zgjedhur t\u00eb mos komentoj\u00eb situat\u00ebn e ish-kryeministrit Sali Berisha me \u201cNon Grat\u00ebn\u201d nga amerikan\u00ebt, p\u00ebrjashtimin nga Basha apo nism\u00ebn e tij n\u00eb baz\u00ebn demokrate.<\/span><\/p>\n<p><span style=\"color: #000000;\">\u201cNuk \u00ebsht\u00eb detyra ime t\u00eb komentoj mbi k\u00ebt\u00eb \u00e7\u00ebshtje\u201d, tha Meta, duke i q\u00ebndruar strikt pozicionit t\u00eb tij si president i Republik\u00ebs.<\/span><\/p>\n<p><span style=\"color: #000000;\">Megjithat\u00eb ai b\u00ebri nj\u00eb vler\u00ebsim p\u00ebr Berish\u00ebn.<\/span><\/p>\n<p><span style=\"color: #000000;\">Nuk mund t\u00eb rri pa e th\u00ebn\u00eb q\u00eb zoti Berisha \u00ebsht\u00eb si vera, sa m\u00eb shum\u00eb koh\u00eb kalon, aq m\u00eb t\u00ebrheq\u00ebs, po edhe m\u00eb demokrat b\u00ebhet.\u201d, p\u00ebrfundoi Meta.<\/span><\/p>\n<p><span style=\"color: #000000;\">Meta foli nga Kor\u00e7a p\u00ebr zhvillimet e reja politike.<\/span><\/p>\n<p><img loading=\"lazy\" decoding=\"async\" class=\"aligncenter  wp-image-473267\" src=\"https:\/\/hashtag.al\/wp-content\/uploads\/2021\/09\/ilirmetasaliberisha.jpg\" alt=\"\" width=\"1073\" height=\"715\" srcset=\"https:\/\/www.hashtag.al\/wp-content\/uploads\/2021\/09\/ilirmetasaliberisha.jpg 800w, https:\/\/www.hashtag.al\/wp-content\/uploads\/2021\/09\/ilirmetasaliberisha-300x200.jpg 300w, https:\/\/www.hashtag.al\/wp-content\/uploads\/2021\/09\/ilirmetasaliberisha-768x512.jpg 768w\" sizes=\"auto, (max-width: 1073px) 100vw, 1073px\" \/><\/p>\n","protected":false,"gt_translate_keys":[{"key":"rendered","format":"html"}]},"excerpt":{"rendered":"<p>Presidenti Ilir Meta ka zgjedhur t\u00eb mos komentoj\u00eb situat\u00ebn e ish-kryeministrit Sali Berisha me \u201cNon Grat\u00ebn\u201d nga amerikan\u00ebt, p\u00ebrjashtimin nga Basha apo nism\u00ebn e tij n\u00eb baz\u00ebn demokrate. \u201cNuk \u00ebsht\u00eb detyra ime t\u00eb komentoj mbi k\u00ebt\u00eb \u00e7\u00ebshtje\u201d, tha Meta, duke i q\u00ebndruar strikt pozicionit t\u00eb tij si president i Republik\u00ebs. Megjithat\u00eb ai b\u00ebri nj\u00eb vler\u00ebsim [&hellip;]<\/p>\n","protected":false,"gt_translate_keys":[{"key":"rendered","format":"html"}]},"author":51,"featured_media":473266,"comment_status":"closed","ping_status":"closed","sticky":false,"template":"","format":"standard","meta":{"footnotes":""},"categories":[65],"tags":[],"class_list":["post-473265","post","type-post","status-publish","format-standard","has-post-thumbnail","hentry","category-lajme"],"gt_translate_keys":[{"key":"link","format":"url"}],"_links":{"self":[{"href":"https:\/\/www.hashtag.al\/index.php\/wp-json\/wp\/v2\/posts\/473265","targetHints":{"allow":["GET"]}}],"collection":[{"href":"https:\/\/www.hashtag.al\/index.php\/wp-json\/wp\/v2\/posts"}],"about":[{"href":"https:\/\/www.hashtag.al\/index.php\/wp-json\/wp\/v2\/types\/post"}],"author":[{"embeddable":true,"href":"https:\/\/www.hashtag.al\/index.php\/wp-json\/wp\/v2\/users\/51"}],"replies":[{"embeddable":true,"href":"https:\/\/www.hashtag.al\/index.php\/wp-json\/wp\/v2\/comments?post=473265"}],"version-history":[{"count":0,"href":"https:\/\/www.hashtag.al\/index.php\/wp-json\/wp\/v2\/posts\/473265\/revisions"}],"wp:featuredmedia":[{"embeddable":true,"href":"https:\/\/www.hashtag.al\/index.php\/wp-json\/wp\/v2\/media\/473266"}],"wp:attachment":[{"href":"https:\/\/www.hashtag.al\/index.php\/wp-json\/wp\/v2\/media?parent=473265"}],"wp:term":[{"taxonomy":"category","embeddable":true,"href":"https:\/\/www.hashtag.al\/index.php\/wp-json\/wp\/v2\/categories?post=473265"},{"taxonomy":"post_tag","embeddable":true,"href":"https:\/\/www.hashtag.al\/index.php\/wp-json\/wp\/v2\/tags?post=473265"}],"curies":[{"name":"wp","href":"https:\/\/api.w.org\/{rel}","templated":true}]}}