{"id":473245,"date":"2021-09-16T23:38:36","date_gmt":"2021-09-16T21:38:36","guid":{"rendered":"https:\/\/hashtag.al\/?p=473245"},"modified":"2021-09-16T23:38:36","modified_gmt":"2021-09-16T21:38:36","slug":"gjukanovic-mali-i-zi-ne-beteje-per-te-ruajtur-pavaresine","status":"publish","type":"post","link":"https:\/\/www.hashtag.al\/index.php\/2021\/09\/16\/gjukanovic-mali-i-zi-ne-beteje-per-te-ruajtur-pavaresine\/","title":{"rendered":"Gjukanovi\u00e7: Mali i Zi n\u00eb betej\u00eb p\u00ebr t\u00eb ruajtur pavar\u00ebsin\u00eb","gt_translate_keys":[{"key":"rendered","format":"text"}]},"content":{"rendered":"<p><span style=\"color: #000000;\"><img loading=\"lazy\" decoding=\"async\" class=\"aligncenter size-full wp-image-473246\" src=\"https:\/\/hashtag.al\/wp-content\/uploads\/2021\/09\/zagreb-gjukanovic.jpg\" alt=\"\" width=\"863\" height=\"486\" srcset=\"https:\/\/www.hashtag.al\/wp-content\/uploads\/2021\/09\/zagreb-gjukanovic.jpg 863w, https:\/\/www.hashtag.al\/wp-content\/uploads\/2021\/09\/zagreb-gjukanovic-300x169.jpg 300w, https:\/\/www.hashtag.al\/wp-content\/uploads\/2021\/09\/zagreb-gjukanovic-768x433.jpg 768w\" sizes=\"auto, (max-width: 863px) 100vw, 863px\" \/><\/span><\/p>\n<p><span style=\"color: #000000;\">N\u00eb k\u00ebto momente Mali i Zi po zhvillon nj\u00eb betej\u00eb p\u00ebr t\u00eb ruajtur pavar\u00ebsin\u00eb dhe sovranitetin e tij dhe p\u00ebr t\u00eb ruajtur karakterin qytetar dhe laik t\u00eb vendit, tha sot president malazez Milo Gjukanovi\u00e7, pas takimit me homologun e tij kroat Zoran Milanovi\u00e7 n\u00eb Zagreb.<\/span><\/p>\n<p><span style=\"color: #000000;\">Ai tha se beson se do t\u00eb ishte shum\u00eb e dobishme t\u00eb vij\u00eb deri te nd\u00ebrrimi i qeveris\u00eb dhe t\u00eb ndalonte koh\u00ebn e r\u00ebnies n\u00eb Mal t\u00eb Zi dhe shteti t\u00eb mbetet n\u00eb rrug\u00ebn e integrimit evropian dhe euroatlantik.<\/span><\/p>\n<p><span style=\"color: #000000;\">&#8220;Kjo kryesisht varet nga disponimi i qytetar\u00ebve n\u00eb Mal t\u00eb Zi. Mendoj se ky \u00ebsht\u00eb aleati yn\u00eb dhe kjo \u00ebsht\u00eb arsyeja pse nuk pendohem p\u00ebr k\u00ebt\u00eb vit t\u00eb mir\u00ebkuptimit ose se \u00e7do ndryshim nuk \u00ebsht\u00eb nj\u00eb ndryshim p\u00ebr mir\u00eb&#8221;, tha Gjukanovi\u00e7, duke shtuar se n\u00eb Mal t\u00eb Zi po rritet nd\u00ebrgjegj\u00ebsimi p\u00ebr nevoj\u00ebn q\u00eb t\u00eb ket\u00eb nj\u00eb qeverie q\u00eb do t\u00eb mbroj\u00eb interesat komb\u00ebtare t\u00eb Malit t\u00eb Zi dhe se ngjarjet n\u00eb Cetinje kan\u00eb treguar se vendi aktualisht nuk ka nj\u00eb qeveri t\u00eb till\u00eb.<\/span><\/p>\n<p><span style=\"color: #000000;\">N\u00eb fjalimin e tij, presidenti malazez tha se bart\u00ebsit e koncepteve politike t\u00eb prapambetura n\u00eb Ballkan kuptuan se ishte koha p\u00ebr t\u00eb rinovuar q\u00ebllimet e tyre t\u00eb paplot\u00ebsuara n\u00eb luft\u00ebrat e fillimit t\u00eb viteve 1990.<\/span><\/p>\n<p><span style=\"color: #000000;\">&#8220;Sot, Ballkani Per\u00ebndimor \u00ebsht\u00eb p\u00ebrs\u00ebri n\u00ebn iluzionin se meq\u00eb demokracia multietnike gjoja nuk \u00ebsht\u00eb e mundur k\u00ebtu, se \u00ebsht\u00eb koha p\u00ebr t\u00eb rikompozuar Ballkanin Per\u00ebndimor, se \u00ebsht\u00eb koha p\u00ebr t\u00eb krijuar shtete t\u00eb zgjeruara komb\u00ebtare dhe fetare homogjene. Se \u00ebsht\u00eb koha p\u00ebr nj\u00eb recet\u00eb ku Ballkani Per\u00ebndimor do t\u00eb jetonte jasht\u00eb bot\u00ebs\u201d, tha Gjukanovi\u00e7 dhe shtoi se po p\u00ebrpiqen t\u00eb mbrojn\u00eb arritjet e Malit t\u00eb Zi modern.<\/span><\/p>\n<p><span style=\"color: #000000;\">Gjat\u00eb fjal\u00ebs s\u00eb tij, Gjukanovi\u00e7 fal\u00ebnderoi presidentin kroat Milanovi\u00e7, p\u00ebr ftes\u00ebn p\u00ebr kthimin e vizit\u00ebs dhe nj\u00eb zgjedhje t\u00eb mir\u00eb t\u00eb terminit. Ai tha se e perceptojn\u00eb Kroacin\u00eb si nj\u00eb fqinj t\u00eb mir\u00eb, mik, partner n\u00eb NATO dhe nj\u00eb vend q\u00eb ka mb\u00ebshtetur Malin e Zi n\u00eb arritjen e ambicieve evropiane dhe euroatlantike.<\/span><\/p>\n<p><span style=\"color: #000000;\">Presidenti i Malit t\u00eb Zi konfirmoi se bisedimet me homologun e tij kroat u p\u00ebrqendruan kryesisht n\u00eb \u00e7\u00ebshtjet e perspektiv\u00ebs evropiane dhe euroatlantike t\u00eb Malit t\u00eb Zi dhe Ballkanit Per\u00ebndimor dhe se t\u00eb dy i konsiderojn\u00eb k\u00ebto \u00e7\u00ebshtje prioritare t\u00eb t\u00eb dy vendeve.<\/span><\/p>\n","protected":false,"gt_translate_keys":[{"key":"rendered","format":"html"}]},"excerpt":{"rendered":"<p>N\u00eb k\u00ebto momente Mali i Zi po zhvillon nj\u00eb betej\u00eb p\u00ebr t\u00eb ruajtur pavar\u00ebsin\u00eb dhe sovranitetin e tij dhe p\u00ebr t\u00eb ruajtur karakterin qytetar dhe laik t\u00eb vendit, tha sot president malazez Milo Gjukanovi\u00e7, pas takimit me homologun e tij kroat Zoran Milanovi\u00e7 n\u00eb Zagreb. Ai tha se beson se do t\u00eb ishte shum\u00eb e [&hellip;]<\/p>\n","protected":false,"gt_translate_keys":[{"key":"rendered","format":"html"}]},"author":32,"featured_media":473246,"comment_status":"closed","ping_status":"closed","sticky":false,"template":"","format":"standard","meta":{"footnotes":""},"categories":[149,13],"tags":[],"class_list":["post-473245","post","type-post","status-publish","format-standard","has-post-thumbnail","hentry","category-kosoverajon","category-te-fundit"],"gt_translate_keys":[{"key":"link","format":"url"}],"_links":{"self":[{"href":"https:\/\/www.hashtag.al\/index.php\/wp-json\/wp\/v2\/posts\/473245","targetHints":{"allow":["GET"]}}],"collection":[{"href":"https:\/\/www.hashtag.al\/index.php\/wp-json\/wp\/v2\/posts"}],"about":[{"href":"https:\/\/www.hashtag.al\/index.php\/wp-json\/wp\/v2\/types\/post"}],"author":[{"embeddable":true,"href":"https:\/\/www.hashtag.al\/index.php\/wp-json\/wp\/v2\/users\/32"}],"replies":[{"embeddable":true,"href":"https:\/\/www.hashtag.al\/index.php\/wp-json\/wp\/v2\/comments?post=473245"}],"version-history":[{"count":0,"href":"https:\/\/www.hashtag.al\/index.php\/wp-json\/wp\/v2\/posts\/473245\/revisions"}],"wp:featuredmedia":[{"embeddable":true,"href":"https:\/\/www.hashtag.al\/index.php\/wp-json\/wp\/v2\/media\/473246"}],"wp:attachment":[{"href":"https:\/\/www.hashtag.al\/index.php\/wp-json\/wp\/v2\/media?parent=473245"}],"wp:term":[{"taxonomy":"category","embeddable":true,"href":"https:\/\/www.hashtag.al\/index.php\/wp-json\/wp\/v2\/categories?post=473245"},{"taxonomy":"post_tag","embeddable":true,"href":"https:\/\/www.hashtag.al\/index.php\/wp-json\/wp\/v2\/tags?post=473245"}],"curies":[{"name":"wp","href":"https:\/\/api.w.org\/{rel}","templated":true}]}}