{"id":473177,"date":"2021-09-16T13:34:09","date_gmt":"2021-09-16T11:34:09","guid":{"rendered":"https:\/\/hashtag.al\/?p=473177"},"modified":"2021-09-16T13:36:29","modified_gmt":"2021-09-16T11:36:29","slug":"taulant-balla-nuk-harron-uron-fatos-nanon-per-ditelindjen","status":"publish","type":"post","link":"https:\/\/www.hashtag.al\/index.php\/2021\/09\/16\/taulant-balla-nuk-harron-uron-fatos-nanon-per-ditelindjen\/","title":{"rendered":"Taulant Balla nuk harron, uron Fatos Nanon p\u00ebr dit\u00eblindjen","gt_translate_keys":[{"key":"rendered","format":"text"}]},"content":{"rendered":"<p><strong><img loading=\"lazy\" decoding=\"async\" class=\"aligncenter size-full wp-image-473178\" src=\"https:\/\/hashtag.al\/wp-content\/uploads\/2021\/09\/taulantballafatosnano.jpg\" alt=\"\" width=\"1024\" height=\"743\" srcset=\"https:\/\/www.hashtag.al\/wp-content\/uploads\/2021\/09\/taulantballafatosnano.jpg 1024w, https:\/\/www.hashtag.al\/wp-content\/uploads\/2021\/09\/taulantballafatosnano-300x218.jpg 300w, https:\/\/www.hashtag.al\/wp-content\/uploads\/2021\/09\/taulantballafatosnano-768x557.jpg 768w\" sizes=\"auto, (max-width: 1024px) 100vw, 1024px\" \/><\/strong><\/p>\n<p><span style=\"color: #000000;\">Ka patur disa momente specifike k\u00ebto jav\u00eb p\u00ebr Taulant Ball\u00ebn, kreun e Grupit Parlamentar t\u00eb Partis\u00eb Socialiste.<\/span><\/p>\n<p><span style=\"color: #000000;\">Kryeministri Edi Rama ka marr\u00eb disa vendime t\u00eb papritura ndaj. Ai jo vet\u00ebm nuk u vendos n\u00eb asnj\u00eb post ministror si nj\u00eb nga eksponent\u00ebt m\u00eb t\u00eb r\u00ebnd\u00ebsish\u00ebm brenda Partis\u00eb Socialiste por edhe u spostua nga Elbasani n\u00eb Fier si drejtues politik.<\/span><\/p>\n<p><span style=\"color: #000000;\">Sot Balla, edhe pse n\u00eb nj\u00eb seanc\u00eb t\u00eb ngjeshur parlamentare nuk ka harruar ish-kryetarin e PS-s\u00eb, kryetarin q\u00eb z\u00ebvend\u00ebsoi Rama, Fatos Nanon.<\/span><\/p>\n<p><span style=\"color: #000000;\">\u201cG\u00ebzuar dit\u00eblindjen Fatos Nano\u201d, e uron Balla, duke shp\u00ebrndar\u00eb edhe nj\u00eb foto t\u00eb hershme me t\u00eb.<\/span><\/p>\n","protected":false,"gt_translate_keys":[{"key":"rendered","format":"html"}]},"excerpt":{"rendered":"<p>Ka patur disa momente specifike k\u00ebto jav\u00eb p\u00ebr Taulant Ball\u00ebn, kreun e Grupit Parlamentar t\u00eb Partis\u00eb Socialiste. Kryeministri Edi Rama ka marr\u00eb disa vendime t\u00eb papritura ndaj. Ai jo vet\u00ebm nuk u vendos n\u00eb asnj\u00eb post ministror si nj\u00eb nga eksponent\u00ebt m\u00eb t\u00eb r\u00ebnd\u00ebsish\u00ebm brenda Partis\u00eb Socialiste por edhe u spostua nga Elbasani n\u00eb Fier [&hellip;]<\/p>\n","protected":false,"gt_translate_keys":[{"key":"rendered","format":"html"}]},"author":51,"featured_media":473178,"comment_status":"closed","ping_status":"closed","sticky":false,"template":"","format":"standard","meta":{"footnotes":""},"categories":[65],"tags":[],"class_list":["post-473177","post","type-post","status-publish","format-standard","has-post-thumbnail","hentry","category-lajme"],"gt_translate_keys":[{"key":"link","format":"url"}],"_links":{"self":[{"href":"https:\/\/www.hashtag.al\/index.php\/wp-json\/wp\/v2\/posts\/473177","targetHints":{"allow":["GET"]}}],"collection":[{"href":"https:\/\/www.hashtag.al\/index.php\/wp-json\/wp\/v2\/posts"}],"about":[{"href":"https:\/\/www.hashtag.al\/index.php\/wp-json\/wp\/v2\/types\/post"}],"author":[{"embeddable":true,"href":"https:\/\/www.hashtag.al\/index.php\/wp-json\/wp\/v2\/users\/51"}],"replies":[{"embeddable":true,"href":"https:\/\/www.hashtag.al\/index.php\/wp-json\/wp\/v2\/comments?post=473177"}],"version-history":[{"count":0,"href":"https:\/\/www.hashtag.al\/index.php\/wp-json\/wp\/v2\/posts\/473177\/revisions"}],"wp:featuredmedia":[{"embeddable":true,"href":"https:\/\/www.hashtag.al\/index.php\/wp-json\/wp\/v2\/media\/473178"}],"wp:attachment":[{"href":"https:\/\/www.hashtag.al\/index.php\/wp-json\/wp\/v2\/media?parent=473177"}],"wp:term":[{"taxonomy":"category","embeddable":true,"href":"https:\/\/www.hashtag.al\/index.php\/wp-json\/wp\/v2\/categories?post=473177"},{"taxonomy":"post_tag","embeddable":true,"href":"https:\/\/www.hashtag.al\/index.php\/wp-json\/wp\/v2\/tags?post=473177"}],"curies":[{"name":"wp","href":"https:\/\/api.w.org\/{rel}","templated":true}]}}