{"id":473114,"date":"2021-09-16T08:56:06","date_gmt":"2021-09-16T06:56:06","guid":{"rendered":"https:\/\/hashtag.al\/?p=473114"},"modified":"2021-09-16T08:56:06","modified_gmt":"2021-09-16T06:56:06","slug":"grupi-per-pd-kerkon-largimin-e-bashes-percakton-hapat-e-ringritjes-se-pd-se","status":"publish","type":"post","link":"https:\/\/www.hashtag.al\/index.php\/2021\/09\/16\/grupi-per-pd-kerkon-largimin-e-bashes-percakton-hapat-e-ringritjes-se-pd-se\/","title":{"rendered":"\u2018Grupi p\u00ebr PD\u2019 k\u00ebrkon largimin e Bash\u00ebs, p\u00ebrcakton hapat e ringritjes\u00a0 s\u00eb PD-s\u00eb","gt_translate_keys":[{"key":"rendered","format":"text"}]},"content":{"rendered":"<p><span style=\"color: #000000;\"><img loading=\"lazy\" decoding=\"async\" class=\"aligncenter size-full wp-image-473115\" src=\"https:\/\/hashtag.al\/wp-content\/uploads\/2021\/09\/PERPD.jpg\" alt=\"\" width=\"1280\" height=\"720\" srcset=\"https:\/\/www.hashtag.al\/wp-content\/uploads\/2021\/09\/PERPD.jpg 1280w, https:\/\/www.hashtag.al\/wp-content\/uploads\/2021\/09\/PERPD-300x169.jpg 300w, https:\/\/www.hashtag.al\/wp-content\/uploads\/2021\/09\/PERPD-768x432.jpg 768w, https:\/\/www.hashtag.al\/wp-content\/uploads\/2021\/09\/PERPD-1024x576.jpg 1024w\" sizes=\"auto, (max-width: 1280px) 100vw, 1280px\" \/><\/span><\/p>\n<p><span style=\"color: #000000;\">\u2018Grupi p\u00ebr PD\u2019-n\u00eb ka k\u00ebrkuar dor\u00ebheqjen e kreut t\u00eb PD-s\u00eb, Basha, lidhur me vendimin e tij p\u00ebr p\u00ebrjashtimin e Sali Berish\u00ebs nga grupi parlamentar i k\u00ebsaj force politike. <\/span><\/p>\n<p><span style=\"color: #000000;\">N\u00eb nj\u00eb deklarat\u00eb zytrtare p\u00ebr mediat, grupi thekson se vendimi \u00ebsht\u00eb antistatutor dhe \u00ebsht\u00eb vijim i vendimeve antistatutore t\u00eb nd\u00ebrmarra nga Basha q\u00eb n\u00eb vitin 2017. <\/span><\/p>\n<p><span style=\"color: #000000;\">Ata thon\u00eb se Basha \u00ebsht\u00eb p\u00ebrgjegj\u00ebs p\u00ebr humbjen e zgjedhjeve t\u00eb 25 prillit n\u00ebp\u00ebrmjet pazareve me kryeministrin Rama. <\/span><\/p>\n<p><span style=\"color: #000000;\">Grupi k\u00ebrkon ringritjen e PD-s\u00eb si parti e djatht\u00eb bashk\u00ebkohore me nj\u00eb projekt t\u00eb ri si dhe p\u00ebrcakton hapat p\u00ebr k\u00ebt\u00eb. Do\u00ebheqja ose largimi i Bash\u00ebs \u00ebsht\u00eb hapi i par\u00eb, q\u00eb pasohet nga krijimi i nj\u00eb K\u00ebshilli Drejtues t\u00eb P\u00ebrkohsh\u00ebm, kthimi i vot\u00ebs dhe mendimit t\u00eb lir\u00eb si dhe ringritja e forumeve t\u00eb partis\u00eb.<\/span><\/p>\n<p><span style=\"color: #000000;\"><strong>Deklarata<\/strong><\/span><\/p>\n<p><span style=\"color: #000000;\"><em>\u201cTiran\u00eb, 16 shtator 2021<\/em><\/span><\/p>\n<p><span style=\"color: #000000;\"><em>Grupi p\u00ebr PD ka ndjekur me shqet\u00ebsim zhvillimet e dit\u00ebve t\u00eb fundit n\u00eb Partin\u00eb Demokratike. Vendimi i fundit i Kryetarit n\u00eb detyr\u00eb t\u00eb Partis\u00eb Demokratike \u00ebsht\u00eb antistatutor dhe n\u00eb vazhd\u00ebn e t\u00eb gjitha vendimeve antistatutore e antidemokratike t\u00eb nd\u00ebrmarra q\u00eb prej vitit 2017.<\/em><\/span><\/p>\n<p><span style=\"color: #000000;\"><em>Lulzim Basha \u00ebsht\u00eb p\u00ebrgjegj\u00ebs p\u00ebr humbjen e zgjedhjeve t\u00eb 25 prillit 2021 n\u00ebp\u00ebrmjet pazareve dhe marr\u00ebveshjeve fitimprur\u00ebse me Edi Ram\u00ebn, p\u00ebr p\u00ebrfitim personal. \u201cMasakra zgjedhore\u201d ishte alibia e rradh\u00ebs p\u00ebr t\u00eb mbuluar k\u00ebto pazare. P\u00ebr k\u00ebto arsye dhe shum\u00eb t\u00eb tjera, Partia Demokratike duhet t\u00eb ringrihet dhe reformohet si nj\u00eb parti e djatht\u00eb bashk\u00ebkohore, me nj\u00eb projekt t\u00eb ri t\u00eb bazuar n\u00eb idealet e themelimit t\u00eb saj. PD-ja e marr\u00eb peng duhet ti kthehet demokrat\u00ebve dhe an\u00ebtar\u00ebsia e saj e gjer\u00eb dhe e pandikuar, e pakusht\u00ebzuar, duhet t\u00eb vendos\u00eb mbi t\u00eb ardhmen e saj. Dor\u00ebheqja ose largimi i Lulzim Bash\u00ebs nga pozitat e Kryetarit n\u00eb detyr\u00eb duhet t\u00eb jet\u00eb akti i par\u00eb dhe i menj\u00ebhersh\u00ebm drejt k\u00ebtij reformimi. Krijimi i nj\u00eb K\u00ebshilli Drejtues t\u00eb p\u00ebrkohsh\u00ebm, kthimi i vot\u00ebs dhe i mendimit t\u00eb lir\u00eb n\u00eb parti, si dhe ringritja e t\u00eb gjitha forumeve t\u00eb PDSH-s\u00eb n\u00ebp\u00ebrmjet zgjedhjeve t\u00eb lira, jan\u00eb t\u00eb domosdoshme p\u00ebr ringritjen e Partis\u00eb dhe kthimin e besimit. Reformimi i PD-s\u00eb do t\u00eb vij\u00eb nga bashkimi i t\u00eb gjith\u00eb kontributeve dhe vlerave nd\u00ebr vite, konkurenca e lir\u00eb dhe meritokracia n\u00eb Parti. Ne vler\u00ebsojm\u00eb se Shqip\u00ebria ka m\u00eb tep\u00ebr se kurr\u00eb nevoj\u00eb p\u00ebr nj\u00eb opozit\u00eb t\u00eb fort\u00eb, t\u00eb pakapur dhe t\u00eb pandikuar dhe kjo b\u00ebhet vet\u00ebm me hapjen e Partis\u00eb dhe kthimin e institucionit t\u00eb vot\u00ebs s\u00eb lir\u00eb.\u201d<\/em><\/span><\/p>\n","protected":false,"gt_translate_keys":[{"key":"rendered","format":"html"}]},"excerpt":{"rendered":"<p>\u2018Grupi p\u00ebr PD\u2019-n\u00eb ka k\u00ebrkuar dor\u00ebheqjen e kreut t\u00eb PD-s\u00eb, Basha, lidhur me vendimin e tij p\u00ebr p\u00ebrjashtimin e Sali Berish\u00ebs nga grupi parlamentar i k\u00ebsaj force politike. N\u00eb nj\u00eb deklarat\u00eb zytrtare p\u00ebr mediat, grupi thekson se vendimi \u00ebsht\u00eb antistatutor dhe \u00ebsht\u00eb vijim i vendimeve antistatutore t\u00eb nd\u00ebrmarra nga Basha q\u00eb n\u00eb vitin 2017. Ata [&hellip;]<\/p>\n","protected":false,"gt_translate_keys":[{"key":"rendered","format":"html"}]},"author":51,"featured_media":473115,"comment_status":"closed","ping_status":"closed","sticky":false,"template":"","format":"standard","meta":{"footnotes":""},"categories":[65,13],"tags":[],"class_list":["post-473114","post","type-post","status-publish","format-standard","has-post-thumbnail","hentry","category-lajme","category-te-fundit"],"gt_translate_keys":[{"key":"link","format":"url"}],"_links":{"self":[{"href":"https:\/\/www.hashtag.al\/index.php\/wp-json\/wp\/v2\/posts\/473114","targetHints":{"allow":["GET"]}}],"collection":[{"href":"https:\/\/www.hashtag.al\/index.php\/wp-json\/wp\/v2\/posts"}],"about":[{"href":"https:\/\/www.hashtag.al\/index.php\/wp-json\/wp\/v2\/types\/post"}],"author":[{"embeddable":true,"href":"https:\/\/www.hashtag.al\/index.php\/wp-json\/wp\/v2\/users\/51"}],"replies":[{"embeddable":true,"href":"https:\/\/www.hashtag.al\/index.php\/wp-json\/wp\/v2\/comments?post=473114"}],"version-history":[{"count":0,"href":"https:\/\/www.hashtag.al\/index.php\/wp-json\/wp\/v2\/posts\/473114\/revisions"}],"wp:featuredmedia":[{"embeddable":true,"href":"https:\/\/www.hashtag.al\/index.php\/wp-json\/wp\/v2\/media\/473115"}],"wp:attachment":[{"href":"https:\/\/www.hashtag.al\/index.php\/wp-json\/wp\/v2\/media?parent=473114"}],"wp:term":[{"taxonomy":"category","embeddable":true,"href":"https:\/\/www.hashtag.al\/index.php\/wp-json\/wp\/v2\/categories?post=473114"},{"taxonomy":"post_tag","embeddable":true,"href":"https:\/\/www.hashtag.al\/index.php\/wp-json\/wp\/v2\/tags?post=473114"}],"curies":[{"name":"wp","href":"https:\/\/api.w.org\/{rel}","templated":true}]}}