{"id":473069,"date":"2021-09-15T20:32:32","date_gmt":"2021-09-15T18:32:32","guid":{"rendered":"https:\/\/hashtag.al\/?p=473069"},"modified":"2021-09-15T20:32:32","modified_gmt":"2021-09-15T18:32:32","slug":"pd-ja-mbledh-grupin-parlamentar-diskutohet-plani-per-ne-seancen-plenare-dhe-diskutimet-ne-kuvend","status":"publish","type":"post","link":"https:\/\/www.hashtag.al\/index.php\/2021\/09\/15\/pd-ja-mbledh-grupin-parlamentar-diskutohet-plani-per-ne-seancen-plenare-dhe-diskutimet-ne-kuvend\/","title":{"rendered":"PD-ja mbledh grupin parlamentar, diskutohet plani p\u00ebr n\u00eb seanc\u00ebn plenare dhe diskutimet n\u00eb Kuvend","gt_translate_keys":[{"key":"rendered","format":"text"}]},"content":{"rendered":"<p><span style=\"color: #000000;\"><img loading=\"lazy\" decoding=\"async\" class=\"aligncenter size-full wp-image-472072\" src=\"https:\/\/hashtag.al\/wp-content\/uploads\/2021\/09\/Basha-PD-1024x683.jpg\" alt=\"\" width=\"1024\" height=\"683\" srcset=\"https:\/\/www.hashtag.al\/wp-content\/uploads\/2021\/09\/Basha-PD-1024x683.jpg 1024w, https:\/\/www.hashtag.al\/wp-content\/uploads\/2021\/09\/Basha-PD-1024x683-300x200.jpg 300w, https:\/\/www.hashtag.al\/wp-content\/uploads\/2021\/09\/Basha-PD-1024x683-768x512.jpg 768w\" sizes=\"auto, (max-width: 1024px) 100vw, 1024px\" \/><\/span><\/p>\n<p><span style=\"color: #000000;\">Partia Demokratike ka mbledhur dit\u00ebn e sotme Grupin Parlamentar p\u00ebr t\u00eb diskutuar dhe vendosur sjelljen e nes\u00ebrme n\u00eb seanc\u00ebn e Kuvendit t\u00eb Shqip\u00ebris\u00eb ku do votohet edhe p\u00ebrb\u00ebrja e qeveris\u00eb.<\/span><\/p>\n<p><span style=\"color: #000000;\">Seanca e nes\u00ebrme do jet\u00eb maraton\u00eb pasi parashikohet q\u00eb deputet\u00ebt t\u00eb ken\u00eb hap\u00ebsir\u00eb p\u00ebr nj\u00eb diskutim 10 minut\u00ebsh.<\/span><\/p>\n<p><span style=\"color: #000000;\">PD-ja vendosi q\u00eb t\u00eb mos e bojkotoj\u00eb seanc\u00ebn e nes\u00ebrme dhe t\u00eb vijoj\u00eb t\u00eb jet\u00eb n\u00eb sall\u00eb p\u00ebrgjat\u00eb gjith\u00eb koh\u00ebs.<\/span><\/p>\n<p><span style=\"color: #000000;\">Diskutimet nes\u00ebr priten t\u00eb p\u00ebrqendrohen n\u00eb tre \u00e7\u00ebshtje kryesore q\u00eb sipas PD-s\u00eb jan\u00eb t\u00eb r\u00ebnd\u00ebsishme dhe mazhoranca ka d\u00ebshtuar. T\u00ebrmeti, pandemia dhe kriminaliteti do trajtohen n\u00eb diskutimet n\u00eb Kuvend nga deputet\u00ebt e PD-s\u00eb.<\/span><\/p>\n<p><span style=\"color: #000000;\">Seanca e nes\u00ebrme do t\u00eb nis\u00eb n\u00eb or\u00ebn 10:00 dhe do t\u00eb jet\u00eb e ndar\u00eb n\u00eb tri faza, ku n\u00eb faz\u00ebn e par\u00eb do t\u00eb b\u00ebhet prezantimi i programit qeveris\u00ebs t\u00eb qeveris\u00eb \u201cRama 3\u201d, n\u00eb faz\u00ebn e dyt\u00eb, e cila \u00ebsht\u00eb parashikuar t\u00eb nis\u00eb n\u00eb or\u00ebn 13:00, do t\u00eb ket\u00eb pyetje nga deputet\u00ebt dhe diskutime e debate, nd\u00ebrsa faza e fundit, e parashikuar n\u00eb or\u00ebn 14:00, p\u00ebrfshin votimin e qeveris\u00eb dhe programit \u201cRama 3\u201d.<\/span><\/p>\n","protected":false,"gt_translate_keys":[{"key":"rendered","format":"html"}]},"excerpt":{"rendered":"<p>Partia Demokratike ka mbledhur dit\u00ebn e sotme Grupin Parlamentar p\u00ebr t\u00eb diskutuar dhe vendosur sjelljen e nes\u00ebrme n\u00eb seanc\u00ebn e Kuvendit t\u00eb Shqip\u00ebris\u00eb ku do votohet edhe p\u00ebrb\u00ebrja e qeveris\u00eb. Seanca e nes\u00ebrme do jet\u00eb maraton\u00eb pasi parashikohet q\u00eb deputet\u00ebt t\u00eb ken\u00eb hap\u00ebsir\u00eb p\u00ebr nj\u00eb diskutim 10 minut\u00ebsh. PD-ja vendosi q\u00eb t\u00eb mos e bojkotoj\u00eb [&hellip;]<\/p>\n","protected":false,"gt_translate_keys":[{"key":"rendered","format":"html"}]},"author":32,"featured_media":472072,"comment_status":"closed","ping_status":"closed","sticky":false,"template":"","format":"standard","meta":{"footnotes":""},"categories":[65,13],"tags":[],"class_list":["post-473069","post","type-post","status-publish","format-standard","has-post-thumbnail","hentry","category-lajme","category-te-fundit"],"gt_translate_keys":[{"key":"link","format":"url"}],"_links":{"self":[{"href":"https:\/\/www.hashtag.al\/index.php\/wp-json\/wp\/v2\/posts\/473069","targetHints":{"allow":["GET"]}}],"collection":[{"href":"https:\/\/www.hashtag.al\/index.php\/wp-json\/wp\/v2\/posts"}],"about":[{"href":"https:\/\/www.hashtag.al\/index.php\/wp-json\/wp\/v2\/types\/post"}],"author":[{"embeddable":true,"href":"https:\/\/www.hashtag.al\/index.php\/wp-json\/wp\/v2\/users\/32"}],"replies":[{"embeddable":true,"href":"https:\/\/www.hashtag.al\/index.php\/wp-json\/wp\/v2\/comments?post=473069"}],"version-history":[{"count":0,"href":"https:\/\/www.hashtag.al\/index.php\/wp-json\/wp\/v2\/posts\/473069\/revisions"}],"wp:featuredmedia":[{"embeddable":true,"href":"https:\/\/www.hashtag.al\/index.php\/wp-json\/wp\/v2\/media\/472072"}],"wp:attachment":[{"href":"https:\/\/www.hashtag.al\/index.php\/wp-json\/wp\/v2\/media?parent=473069"}],"wp:term":[{"taxonomy":"category","embeddable":true,"href":"https:\/\/www.hashtag.al\/index.php\/wp-json\/wp\/v2\/categories?post=473069"},{"taxonomy":"post_tag","embeddable":true,"href":"https:\/\/www.hashtag.al\/index.php\/wp-json\/wp\/v2\/tags?post=473069"}],"curies":[{"name":"wp","href":"https:\/\/api.w.org\/{rel}","templated":true}]}}