{"id":473060,"date":"2021-09-15T19:47:00","date_gmt":"2021-09-15T17:47:00","guid":{"rendered":"https:\/\/hashtag.al\/?p=473060"},"modified":"2021-09-15T20:02:14","modified_gmt":"2021-09-15T18:02:14","slug":"qindra-persona-dalin-ne-proteste-ne-tirane-kerkojne-drejtesi-per-vrasjen-e-23-vjecares","status":"publish","type":"post","link":"https:\/\/www.hashtag.al\/index.php\/2021\/09\/15\/qindra-persona-dalin-ne-proteste-ne-tirane-kerkojne-drejtesi-per-vrasjen-e-23-vjecares\/","title":{"rendered":"Qindra persona dalin n\u00eb protest\u00eb n\u00eb Tiran\u00eb, k\u00ebrkojn\u00eb drejt\u00ebsi p\u00ebr vrasjen e 23-vje\u00e7ares","gt_translate_keys":[{"key":"rendered","format":"text"}]},"content":{"rendered":"<p><span style=\"color: #000000;\"><img loading=\"lazy\" decoding=\"async\" class=\"aligncenter size-full wp-image-473061\" src=\"https:\/\/hashtag.al\/wp-content\/uploads\/2021\/09\/proteste.jpg\" alt=\"\" width=\"723\" height=\"399\" srcset=\"https:\/\/www.hashtag.al\/wp-content\/uploads\/2021\/09\/proteste.jpg 723w, https:\/\/www.hashtag.al\/wp-content\/uploads\/2021\/09\/proteste-300x166.jpg 300w\" sizes=\"auto, (max-width: 723px) 100vw, 723px\" \/><\/span><\/p>\n<p><span style=\"color: #000000;\">N\u00eb Tiran\u00eb pasditen e sotme \u00ebsht\u00eb zhvilluar protesta p\u00ebr 23-vje\u00e7aren e cila u vra nga ish-bashk\u00ebshorti i saj.<\/span><\/p>\n<p><span style=\"color: #000000;\">Qindra persona kan\u00eb dal\u00eb me pankarta n\u00eb duar dhe kan\u00eb k\u00ebrkuar drejt\u00ebsi p\u00ebr ngjarjen si dhe p\u00ebr t\u00eb gjith\u00eb vajzat dhe grat\u00eb q\u00eb jan\u00eb vrar\u00eb nga bashk\u00ebshort\u00ebt e tyre.<\/span><\/p>\n<p><span style=\"color: #000000;\">\u201cPlatforma komb\u00ebtare p\u00ebr grat\u00eb\u201d k\u00ebrkon drejt\u00ebsi p\u00ebr n\u00ebn\u00ebn e ndjer\u00eb 23-vje\u00e7are, q\u00eb u vra nga ish-bashk\u00ebshorti Elton Metaj dhe la pas nj\u00eb f\u00ebmij\u00eb t\u00eb vog\u00ebl 3 vje\u00e7.<\/span><\/p>\n<p><span style=\"color: #000000;\">Ata kan\u00eb k\u00ebrkuar heqjen e kujdestaris\u00eb prind\u00ebrore p\u00ebr vras\u00ebsit e n\u00ebnave.<\/span><\/p>\n<p><span style=\"color: #000000;\">\u201cDuam drejt\u00ebsi, mb\u00ebshtetje familjeve t\u00eb viktimave\u201d- thon\u00eb protestuesit.<\/span><\/p>\n<p><iframe loading=\"lazy\" style=\"border: none; overflow: hidden;\" src=\"https:\/\/www.facebook.com\/plugins\/video.php?href=https%3A%2F%2Fwww.facebook.com%2Fcitizenschannel%2Fvideos%2F934946837090350%2F&amp;show_text=0&amp;width=560\" width=\"560\" height=\"288\" frameborder=\"0\" scrolling=\"no\" allowfullscreen=\"allowfullscreen\"><\/iframe><span style=\"color: #000000;\">\u00a0<\/span><\/p>\n","protected":false,"gt_translate_keys":[{"key":"rendered","format":"html"}]},"excerpt":{"rendered":"<p>N\u00eb Tiran\u00eb pasditen e sotme \u00ebsht\u00eb zhvilluar protesta p\u00ebr 23-vje\u00e7aren e cila u vra nga ish-bashk\u00ebshorti i saj. Qindra persona kan\u00eb dal\u00eb me pankarta n\u00eb duar dhe kan\u00eb k\u00ebrkuar drejt\u00ebsi p\u00ebr ngjarjen si dhe p\u00ebr t\u00eb gjith\u00eb vajzat dhe grat\u00eb q\u00eb jan\u00eb vrar\u00eb nga bashk\u00ebshort\u00ebt e tyre. \u201cPlatforma komb\u00ebtare p\u00ebr grat\u00eb\u201d k\u00ebrkon drejt\u00ebsi p\u00ebr n\u00ebn\u00ebn [&hellip;]<\/p>\n","protected":false,"gt_translate_keys":[{"key":"rendered","format":"html"}]},"author":32,"featured_media":473062,"comment_status":"closed","ping_status":"closed","sticky":false,"template":"","format":"standard","meta":{"footnotes":""},"categories":[65,13],"tags":[],"class_list":["post-473060","post","type-post","status-publish","format-standard","has-post-thumbnail","hentry","category-lajme","category-te-fundit"],"gt_translate_keys":[{"key":"link","format":"url"}],"_links":{"self":[{"href":"https:\/\/www.hashtag.al\/index.php\/wp-json\/wp\/v2\/posts\/473060","targetHints":{"allow":["GET"]}}],"collection":[{"href":"https:\/\/www.hashtag.al\/index.php\/wp-json\/wp\/v2\/posts"}],"about":[{"href":"https:\/\/www.hashtag.al\/index.php\/wp-json\/wp\/v2\/types\/post"}],"author":[{"embeddable":true,"href":"https:\/\/www.hashtag.al\/index.php\/wp-json\/wp\/v2\/users\/32"}],"replies":[{"embeddable":true,"href":"https:\/\/www.hashtag.al\/index.php\/wp-json\/wp\/v2\/comments?post=473060"}],"version-history":[{"count":0,"href":"https:\/\/www.hashtag.al\/index.php\/wp-json\/wp\/v2\/posts\/473060\/revisions"}],"wp:featuredmedia":[{"embeddable":true,"href":"https:\/\/www.hashtag.al\/index.php\/wp-json\/wp\/v2\/media\/473062"}],"wp:attachment":[{"href":"https:\/\/www.hashtag.al\/index.php\/wp-json\/wp\/v2\/media?parent=473060"}],"wp:term":[{"taxonomy":"category","embeddable":true,"href":"https:\/\/www.hashtag.al\/index.php\/wp-json\/wp\/v2\/categories?post=473060"},{"taxonomy":"post_tag","embeddable":true,"href":"https:\/\/www.hashtag.al\/index.php\/wp-json\/wp\/v2\/tags?post=473060"}],"curies":[{"name":"wp","href":"https:\/\/api.w.org\/{rel}","templated":true}]}}