{"id":472711,"date":"2021-09-13T21:37:57","date_gmt":"2021-09-13T19:37:57","guid":{"rendered":"https:\/\/hashtag.al\/?p=472711"},"modified":"2021-09-13T21:37:57","modified_gmt":"2021-09-13T19:37:57","slug":"berisha-sondazhet-tregonin-se-anetaresia-nuk-e-besonte-bashen-ai-eshte-broken-leader","status":"publish","type":"post","link":"https:\/\/www.hashtag.al\/index.php\/2021\/09\/13\/berisha-sondazhet-tregonin-se-anetaresia-nuk-e-besonte-bashen-ai-eshte-broken-leader\/","title":{"rendered":"Berisha: Sondazhet tregonin se an\u00ebtar\u00ebsia nuk e besonte Bash\u00ebn, ai \u00ebsht\u00eb \u2018broken leader\u2019","gt_translate_keys":[{"key":"rendered","format":"text"}]},"content":{"rendered":"<p><span style=\"color: #000000;\"><img loading=\"lazy\" decoding=\"async\" class=\"aligncenter size-full wp-image-472712\" src=\"https:\/\/hashtag.al\/wp-content\/uploads\/2021\/09\/berisha-syri.png\" alt=\"\" width=\"1352\" height=\"679\" srcset=\"https:\/\/www.hashtag.al\/wp-content\/uploads\/2021\/09\/berisha-syri.png 1352w, https:\/\/www.hashtag.al\/wp-content\/uploads\/2021\/09\/berisha-syri-300x151.png 300w, https:\/\/www.hashtag.al\/wp-content\/uploads\/2021\/09\/berisha-syri-768x386.png 768w, https:\/\/www.hashtag.al\/wp-content\/uploads\/2021\/09\/berisha-syri-1024x514.png 1024w\" sizes=\"auto, (max-width: 1352px) 100vw, 1352px\" \/><\/span><\/p>\n<p><span style=\"color: #000000;\">Ish-lideri i PD-s\u00eb Sali Berisha deklaroi n\u00eb intervist\u00ebn p\u00ebr emisionin \u00c7im Peka LIVE se sondazhet tregonin se an\u00ebtar\u00ebsia nuk e besonte Lulzim Bash\u00ebn si lider.<\/span><\/p>\n<p><span style=\"color: #000000;\">\u201cNdjej shum\u00eb keqardhje p\u00ebr dhimbjen e krijuar n\u00eb an\u00ebtar\u00ebsin\u00eb e PD, q\u00eb nuk e ka imagjinuar ndonj\u00ebher\u00eb.<\/span><\/p>\n<p><span style=\"color: #000000;\"><em>Shumica e an\u00ebtar\u00ebsis\u00eb nuk e besonte si lider Lulzim Bash\u00ebn. Nuk jan\u00eb vet\u00ebm sondazhet, por edhe ndjenjat.<\/em><\/span><\/p>\n<p><span style=\"color: #000000;\"><em>Por p\u00ebrs\u00ebri, un\u00eb dy gj\u00ebra kam b\u00ebr\u00eb n\u00eb fushat\u00eb dhe tani njer\u00ebzit mund t\u00eb m\u00eb qortojn\u00eb. Kam b\u00ebr\u00eb luft\u00eb me mediat q\u00eb e zhvler\u00ebsonin n\u00eb mas\u00eb ekstreme. Jam p\u00ebrpjekur t\u00eb rreshtoj meritat e tij, tjet\u00ebr pun\u00eb q\u00eb ai kaloi n\u00eb supervler\u00ebsim p\u00ebr veten e tij,\u201d<\/em>\u00a0tha Berisha.<\/span><\/p>\n<p><span style=\"color: #000000;\"><em>\u201cMedia dhe kund\u00ebrshtari e zhvler\u00ebsonte t\u00ebr\u00ebsisht dhe un\u00eb nuk pajtohesha me k\u00ebt\u00eb. Problemi \u00ebsht\u00eb se media i vinte kryq dhe un\u00eb e vler\u00ebsoja, por k\u00ebt\u00eb e b\u00ebja jo p\u00ebr personin e tij, por p\u00ebr demokrat\u00ebt. Doja q\u00eb t\u00eb mos e asgj\u00ebsonin at\u00eb\u201d.<\/em><\/span><\/p>\n<p><span style=\"color: #000000;\"><em>\u201cU kam th\u00ebn\u00eb grupit t\u00eb k\u00ebshilltar\u00ebve se ai \u00ebsht\u00eb \u2018broken leader\u2019, nj\u00eb lider i thyer dhe se duhet b\u00ebr\u00eb gjith\u00e7ka p\u00ebr ta ngjitur. N\u00ebse ai nuk ngjitet, at\u00ebher\u00eb duhet t\u00eb kaloni n\u00eb platform\u00ebn tjet\u00ebr, t\u00eb Fransua Miteran \u201cun\u00eb jam zot\u00ebria normal\u201d. duke th\u00ebn\u00eb se ai \u00ebsht\u00eb normal dhe t\u00eb gjenden rrug\u00eb me \u00e7do m\u00ebnyr\u00eb p\u00ebr t\u00eb rritur partin\u00eb,\u201d<\/em>-deklaroi Berisha.<\/span><\/p>\n<p>&nbsp;<\/p>\n","protected":false,"gt_translate_keys":[{"key":"rendered","format":"html"}]},"excerpt":{"rendered":"<p>Ish-lideri i PD-s\u00eb Sali Berisha deklaroi n\u00eb intervist\u00ebn p\u00ebr emisionin \u00c7im Peka LIVE se sondazhet tregonin se an\u00ebtar\u00ebsia nuk e besonte Lulzim Bash\u00ebn si lider. \u201cNdjej shum\u00eb keqardhje p\u00ebr dhimbjen e krijuar n\u00eb an\u00ebtar\u00ebsin\u00eb e PD, q\u00eb nuk e ka imagjinuar ndonj\u00ebher\u00eb. Shumica e an\u00ebtar\u00ebsis\u00eb nuk e besonte si lider Lulzim Bash\u00ebn. Nuk jan\u00eb vet\u00ebm [&hellip;]<\/p>\n","protected":false,"gt_translate_keys":[{"key":"rendered","format":"html"}]},"author":32,"featured_media":472712,"comment_status":"closed","ping_status":"closed","sticky":false,"template":"","format":"standard","meta":{"footnotes":""},"categories":[65,13],"tags":[],"class_list":["post-472711","post","type-post","status-publish","format-standard","has-post-thumbnail","hentry","category-lajme","category-te-fundit"],"gt_translate_keys":[{"key":"link","format":"url"}],"_links":{"self":[{"href":"https:\/\/www.hashtag.al\/index.php\/wp-json\/wp\/v2\/posts\/472711","targetHints":{"allow":["GET"]}}],"collection":[{"href":"https:\/\/www.hashtag.al\/index.php\/wp-json\/wp\/v2\/posts"}],"about":[{"href":"https:\/\/www.hashtag.al\/index.php\/wp-json\/wp\/v2\/types\/post"}],"author":[{"embeddable":true,"href":"https:\/\/www.hashtag.al\/index.php\/wp-json\/wp\/v2\/users\/32"}],"replies":[{"embeddable":true,"href":"https:\/\/www.hashtag.al\/index.php\/wp-json\/wp\/v2\/comments?post=472711"}],"version-history":[{"count":0,"href":"https:\/\/www.hashtag.al\/index.php\/wp-json\/wp\/v2\/posts\/472711\/revisions"}],"wp:featuredmedia":[{"embeddable":true,"href":"https:\/\/www.hashtag.al\/index.php\/wp-json\/wp\/v2\/media\/472712"}],"wp:attachment":[{"href":"https:\/\/www.hashtag.al\/index.php\/wp-json\/wp\/v2\/media?parent=472711"}],"wp:term":[{"taxonomy":"category","embeddable":true,"href":"https:\/\/www.hashtag.al\/index.php\/wp-json\/wp\/v2\/categories?post=472711"},{"taxonomy":"post_tag","embeddable":true,"href":"https:\/\/www.hashtag.al\/index.php\/wp-json\/wp\/v2\/tags?post=472711"}],"curies":[{"name":"wp","href":"https:\/\/api.w.org\/{rel}","templated":true}]}}