{"id":472708,"date":"2021-09-13T21:18:33","date_gmt":"2021-09-13T19:18:33","guid":{"rendered":"https:\/\/hashtag.al\/?p=472708"},"modified":"2021-09-13T21:18:33","modified_gmt":"2021-09-13T19:18:33","slug":"berisha-do-nis-foltoren-me-anetaresine-vendimi-i-jetes-se-bashes-duhet-te-ishte-largimi-i-rames-dhe-jo-thikat-mbas-shpine","status":"publish","type":"post","link":"https:\/\/www.hashtag.al\/index.php\/2021\/09\/13\/berisha-do-nis-foltoren-me-anetaresine-vendimi-i-jetes-se-bashes-duhet-te-ishte-largimi-i-rames-dhe-jo-thikat-mbas-shpine\/","title":{"rendered":"Berisha: Do nis \u201cfoltoren\u201d me an\u00ebtar\u00ebsin\u00eb, vendimi i jet\u00ebs s\u00eb Bash\u00ebs duhet t\u00eb ishte largimi i Ram\u00ebs dhe jo thikat mbas shpine","gt_translate_keys":[{"key":"rendered","format":"text"}]},"content":{"rendered":"<p><span style=\"color: #000000;\"><img loading=\"lazy\" decoding=\"async\" class=\"aligncenter size-full wp-image-472709\" src=\"https:\/\/hashtag.al\/wp-content\/uploads\/2021\/09\/Screenshot-30.png\" alt=\"\" width=\"1397\" height=\"709\" srcset=\"https:\/\/www.hashtag.al\/wp-content\/uploads\/2021\/09\/Screenshot-30.png 1397w, https:\/\/www.hashtag.al\/wp-content\/uploads\/2021\/09\/Screenshot-30-300x152.png 300w, https:\/\/www.hashtag.al\/wp-content\/uploads\/2021\/09\/Screenshot-30-768x390.png 768w, https:\/\/www.hashtag.al\/wp-content\/uploads\/2021\/09\/Screenshot-30-1024x520.png 1024w\" sizes=\"auto, (max-width: 1397px) 100vw, 1397px\" \/><\/span><\/p>\n<p><span style=\"color: #000000;\">Sali Berisha n\u00eb nj\u00eb intervist\u00eb p\u00ebr Syri TV deklaroi se do filloj\u00eb \u201cfoltoren\u201d me an\u00ebtar\u00ebsin\u00eb lidhur me vendimin e Bash\u00ebs p\u00ebr ta larguar nga Grupi Parlamentar i PD-s\u00eb.<\/span><\/p>\n<p><span style=\"color: #000000;\">Berisha theksoi se nuk ka q\u00ebllim t\u00eb rikthehet si kryetar n\u00eb PD por do b\u00ebj\u00eb betej\u00eb q\u00eb an\u00ebtar\u00ebsia t\u00eb votoj\u00eb n\u00ebse Basha ka t\u00eb drejt\u00eb apo jo.<\/span><\/p>\n<p><span style=\"color: #000000;\">\u201c<em>Kam nj\u00eb l\u00ebvizje p\u00ebr t\u00eb mos lejuar zvog\u00eblimin e PD do b\u00ebj p\u00ebrpjekjen m\u00eb t\u00eb madhe, do filloj foltoren me an\u00ebtar\u00ebsin\u00eb vet\u00ebm e vet\u00ebm me k\u00ebt\u00eb q\u00ebllim. \u00c7far\u00eb do p\u00ebrcaktoj\u00eb an\u00ebtar\u00ebsia ne duhet t\u2019i n\u00ebnshtrohemi. An\u00ebtar\u00ebsis\u00eb do t\u2019i k\u00ebrkoj at\u00eb q\u00eb ajo ka shprehur, vler\u00ebsimin e vendimit. <\/em><\/span><\/p>\n<p><span style=\"color: #000000;\"><em>Nuk \u00ebsht\u00eb q\u00ebllimi t\u00eb rikthej kryetarin Berisha. Kjo betej\u00eb ka nj\u00eb q\u00ebllim q\u00eb kur m\u00eb nj\u00eb kryetar t\u00eb mos mund t\u2019i thot\u00eb an\u00ebtar\u00ebsis\u00eb s\u00eb saj se un\u00eb e morra k\u00ebt\u00eb vendim duke shkelur \u00e7do rregull duke e quajtur vendimi i jet\u00ebs sime. Vendimi i jet\u00ebs do ishte largimi i Edi Ram\u00ebs dhe jo thika mbas shpine<\/em>\u201d-deklaroi Berisha.<\/span><\/p>\n","protected":false,"gt_translate_keys":[{"key":"rendered","format":"html"}]},"excerpt":{"rendered":"<p>Sali Berisha n\u00eb nj\u00eb intervist\u00eb p\u00ebr Syri TV deklaroi se do filloj\u00eb \u201cfoltoren\u201d me an\u00ebtar\u00ebsin\u00eb lidhur me vendimin e Bash\u00ebs p\u00ebr ta larguar nga Grupi Parlamentar i PD-s\u00eb. Berisha theksoi se nuk ka q\u00ebllim t\u00eb rikthehet si kryetar n\u00eb PD por do b\u00ebj\u00eb betej\u00eb q\u00eb an\u00ebtar\u00ebsia t\u00eb votoj\u00eb n\u00ebse Basha ka t\u00eb drejt\u00eb apo jo. [&hellip;]<\/p>\n","protected":false,"gt_translate_keys":[{"key":"rendered","format":"html"}]},"author":32,"featured_media":472709,"comment_status":"closed","ping_status":"closed","sticky":false,"template":"","format":"standard","meta":{"footnotes":""},"categories":[65,13],"tags":[],"class_list":["post-472708","post","type-post","status-publish","format-standard","has-post-thumbnail","hentry","category-lajme","category-te-fundit"],"gt_translate_keys":[{"key":"link","format":"url"}],"_links":{"self":[{"href":"https:\/\/www.hashtag.al\/index.php\/wp-json\/wp\/v2\/posts\/472708","targetHints":{"allow":["GET"]}}],"collection":[{"href":"https:\/\/www.hashtag.al\/index.php\/wp-json\/wp\/v2\/posts"}],"about":[{"href":"https:\/\/www.hashtag.al\/index.php\/wp-json\/wp\/v2\/types\/post"}],"author":[{"embeddable":true,"href":"https:\/\/www.hashtag.al\/index.php\/wp-json\/wp\/v2\/users\/32"}],"replies":[{"embeddable":true,"href":"https:\/\/www.hashtag.al\/index.php\/wp-json\/wp\/v2\/comments?post=472708"}],"version-history":[{"count":0,"href":"https:\/\/www.hashtag.al\/index.php\/wp-json\/wp\/v2\/posts\/472708\/revisions"}],"wp:featuredmedia":[{"embeddable":true,"href":"https:\/\/www.hashtag.al\/index.php\/wp-json\/wp\/v2\/media\/472709"}],"wp:attachment":[{"href":"https:\/\/www.hashtag.al\/index.php\/wp-json\/wp\/v2\/media?parent=472708"}],"wp:term":[{"taxonomy":"category","embeddable":true,"href":"https:\/\/www.hashtag.al\/index.php\/wp-json\/wp\/v2\/categories?post=472708"},{"taxonomy":"post_tag","embeddable":true,"href":"https:\/\/www.hashtag.al\/index.php\/wp-json\/wp\/v2\/tags?post=472708"}],"curies":[{"name":"wp","href":"https:\/\/api.w.org\/{rel}","templated":true}]}}