{"id":472421,"date":"2021-09-12T14:08:22","date_gmt":"2021-09-12T12:08:22","guid":{"rendered":"https:\/\/hashtag.al\/?p=472421"},"modified":"2021-09-12T14:08:22","modified_gmt":"2021-09-12T12:08:22","slug":"sot-e-akuzon-si-bashkepunetor-te-rames-dikur-berisha-lavderonte-bashen-si-ministri-me-i-suksesshem-video","status":"publish","type":"post","link":"https:\/\/www.hashtag.al\/index.php\/2021\/09\/12\/sot-e-akuzon-si-bashkepunetor-te-rames-dikur-berisha-lavderonte-bashen-si-ministri-me-i-suksesshem-video\/","title":{"rendered":"Sot e akuzon si bashk\u00ebpun\u00ebtor t\u00eb Ram\u00ebs, dikur Berisha lavd\u00ebronte Bash\u00ebn si ministri m\u00eb i suksessh\u00ebm (Video)","gt_translate_keys":[{"key":"rendered","format":"text"}]},"content":{"rendered":"<p><img loading=\"lazy\" decoding=\"async\" class=\"size-full wp-image-472260\" src=\"https:\/\/hashtag.al\/wp-content\/uploads\/2021\/09\/lulzimbashasaliberisha2.jpg\" alt=\"\" width=\"2029\" height=\"1271\" srcset=\"https:\/\/www.hashtag.al\/wp-content\/uploads\/2021\/09\/lulzimbashasaliberisha2.jpg 2029w, https:\/\/www.hashtag.al\/wp-content\/uploads\/2021\/09\/lulzimbashasaliberisha2-300x188.jpg 300w, https:\/\/www.hashtag.al\/wp-content\/uploads\/2021\/09\/lulzimbashasaliberisha2-768x481.jpg 768w, https:\/\/www.hashtag.al\/wp-content\/uploads\/2021\/09\/lulzimbashasaliberisha2-1024x640.jpg 1024w\" sizes=\"auto, (max-width: 2029px) 100vw, 2029px\" \/><\/p>\n<p><span style=\"color: #000000;\">Sali Berisha ndryshoi 360 grad\u00eb mendimin p\u00ebr Lulzim Bash\u00ebn, q\u00eb prej largimit q\u00eb ky i fundit i b\u00ebri nga grupi parlamentar i PD-s\u00eb 3 dit\u00eb m\u00eb par\u00eb.<\/span><\/p>\n<p><span style=\"color: #000000;\">L\u00ebvdatat dhe deklaratat me superlativa p\u00ebr Bash\u00ebn u harruan nga nj\u00eb veprim i vet\u00ebm dhe nis\u00ebn akuzat kundrejt ish-ministrit m\u00eb t\u00eb suksessh\u00ebm sipas tij gjat\u00eb dy mandateve q\u00eb qeverisi.<\/span><\/p>\n<p><span style=\"color: #000000;\">Mjafton t\u00eb sjellim n\u00eb v\u00ebmendje nj\u00eb fjalim t\u00eb Berish\u00ebs n\u00eb mandatin e par\u00eb t\u00eb Ram\u00ebs ku n\u00eb parlament e quante Bash\u00ebs si ministri promotor i rrug\u00ebs\u00eb s\u00eb Kombit, promotor i hyrjes n\u00eb NATO apo edhe ministri q\u00eb realizoi heqjen e vizave.<\/span><\/p>\n<p><span style=\"color: #000000;\">Madje sipas Berish\u00ebs ato q\u00eb b\u00ebri Basha si minist\u00ebr Rama nuk i b\u00ebnte as sikur t\u00eb kishte tre jet\u00eb.<\/span><\/p>\n<p><span style=\"color: #000000;\">\u201c<em>Edhe merret me Lul Bash\u00ebn! \u00c7far\u00eb ka b\u00ebr\u00eb ai thot\u00eb! M\u00ebsoje \u00e7far\u00eb ka b\u00ebr\u00eb: Ka qen\u00eb minist\u00ebr i Pun\u00ebve Publike. Ishte promotor jetik p\u00ebr Rrug\u00ebn e Kombit. M\u00ebsoje! Ishte minist\u00ebr i Jasht\u00ebm. Ishte promotor kryesor i an\u00ebtar\u00ebsimit t\u00eb Shqip\u00ebris\u00eb n\u00eb NATO. Ishte minist\u00ebr i Pun\u00ebve t\u00eb Brendshme. Realizoi vizat p\u00ebr shqiptar\u00ebt, n\u00eb nj\u00eb koh\u00eb kur ti nuk ke shitur as tre tablo t\u00eb tuat, n\u00eb nj\u00eb koh\u00eb kur ti ke betonuar Tiran\u00ebn. Edhe tre jet\u00eb t\u00eb kesh nuk i b\u00ebn dot ti ato q\u00eb b\u00ebn Lulzim Basha. Nuk matesh kurr\u00eb me t\u00eb, hiqe nga mendja! Edhe n\u00eb fund t\u00eb fundit t\u00eb ka palosur ty n\u00eb 2011-\u00ebn<\/em>\u201d-deklaronte Berisha.<\/span><\/p>\n<p><iframe loading=\"lazy\" id=\"am__1631444269552\" src=\"https:\/\/player.boostplatforms.com\/video?id=1631444269552\" width=\"640\" height=\"360\" frameborder=\"0\" scrolling=\"no\" allowfullscreen=\"allowfullscreen\"><\/iframe><script src=\"https:\/\/player.boostplatforms.com\/js\/resize-bp.js\">{\"videoid\":\"1631444269552\",\"type\":50,\"ratio\":0.75}<\/script><\/p>\n","protected":false,"gt_translate_keys":[{"key":"rendered","format":"html"}]},"excerpt":{"rendered":"<p>Sali Berisha ndryshoi 360 grad\u00eb mendimin p\u00ebr Lulzim Bash\u00ebn, q\u00eb prej largimit q\u00eb ky i fundit i b\u00ebri nga grupi parlamentar i PD-s\u00eb 3 dit\u00eb m\u00eb par\u00eb. L\u00ebvdatat dhe deklaratat me superlativa p\u00ebr Bash\u00ebn u harruan nga nj\u00eb veprim i vet\u00ebm dhe nis\u00ebn akuzat kundrejt ish-ministrit m\u00eb t\u00eb suksessh\u00ebm sipas tij gjat\u00eb dy mandateve q\u00eb [&hellip;]<\/p>\n","protected":false,"gt_translate_keys":[{"key":"rendered","format":"html"}]},"author":32,"featured_media":472260,"comment_status":"closed","ping_status":"closed","sticky":false,"template":"","format":"standard","meta":{"footnotes":""},"categories":[65,13],"tags":[],"class_list":["post-472421","post","type-post","status-publish","format-standard","has-post-thumbnail","hentry","category-lajme","category-te-fundit"],"gt_translate_keys":[{"key":"link","format":"url"}],"_links":{"self":[{"href":"https:\/\/www.hashtag.al\/index.php\/wp-json\/wp\/v2\/posts\/472421","targetHints":{"allow":["GET"]}}],"collection":[{"href":"https:\/\/www.hashtag.al\/index.php\/wp-json\/wp\/v2\/posts"}],"about":[{"href":"https:\/\/www.hashtag.al\/index.php\/wp-json\/wp\/v2\/types\/post"}],"author":[{"embeddable":true,"href":"https:\/\/www.hashtag.al\/index.php\/wp-json\/wp\/v2\/users\/32"}],"replies":[{"embeddable":true,"href":"https:\/\/www.hashtag.al\/index.php\/wp-json\/wp\/v2\/comments?post=472421"}],"version-history":[{"count":0,"href":"https:\/\/www.hashtag.al\/index.php\/wp-json\/wp\/v2\/posts\/472421\/revisions"}],"wp:featuredmedia":[{"embeddable":true,"href":"https:\/\/www.hashtag.al\/index.php\/wp-json\/wp\/v2\/media\/472260"}],"wp:attachment":[{"href":"https:\/\/www.hashtag.al\/index.php\/wp-json\/wp\/v2\/media?parent=472421"}],"wp:term":[{"taxonomy":"category","embeddable":true,"href":"https:\/\/www.hashtag.al\/index.php\/wp-json\/wp\/v2\/categories?post=472421"},{"taxonomy":"post_tag","embeddable":true,"href":"https:\/\/www.hashtag.al\/index.php\/wp-json\/wp\/v2\/tags?post=472421"}],"curies":[{"name":"wp","href":"https:\/\/api.w.org\/{rel}","templated":true}]}}