{"id":472336,"date":"2021-09-11T19:44:55","date_gmt":"2021-09-11T17:44:55","guid":{"rendered":"https:\/\/hashtag.al\/?p=472336"},"modified":"2021-09-11T19:44:55","modified_gmt":"2021-09-11T17:44:55","slug":"peza-a-do-ta-mbaje-fjalen-meta-dhe-te-jape-doreheqjen","status":"publish","type":"post","link":"https:\/\/www.hashtag.al\/index.php\/2021\/09\/11\/peza-a-do-ta-mbaje-fjalen-meta-dhe-te-jape-doreheqjen\/","title":{"rendered":"Peza: A do ta mbaj\u00eb fjal\u00ebn Meta dhe t\u00eb jap\u00eb dor\u00ebheqjen?","gt_translate_keys":[{"key":"rendered","format":"text"}]},"content":{"rendered":"<p><span style=\"color: #000000;\"><img loading=\"lazy\" decoding=\"async\" class=\"aligncenter size-full wp-image-469490\" src=\"https:\/\/hashtag.al\/wp-content\/uploads\/2021\/08\/alfredpeza.png\" alt=\"\" width=\"936\" height=\"577\" srcset=\"https:\/\/www.hashtag.al\/wp-content\/uploads\/2021\/08\/alfredpeza.png 936w, https:\/\/www.hashtag.al\/wp-content\/uploads\/2021\/08\/alfredpeza-300x185.png 300w, https:\/\/www.hashtag.al\/wp-content\/uploads\/2021\/08\/alfredpeza-768x473.png 768w\" sizes=\"auto, (max-width: 936px) 100vw, 936px\" \/><\/span><\/p>\n<p><span style=\"color: #000000;\">Alfred Peza pret q\u00eb Presidenti Ilir Meta t\u00eb jap\u00eb dor\u00ebheqjen pasi dekretoi Edi Ram\u00ebn Kryeminist\u00ebr t\u00eb dal\u00eb nga zgjedhjet e 25 prillit.<\/span><\/p>\n<p><span style=\"color: #000000;\">Peza kujton deklarat\u00ebn e Met\u00ebs p\u00ebrpara zgjedhjeve i cili thoshte se n\u00ebse Rama merr 71 mandate ai do jepte dor\u00ebheqjen dhe jo firm\u00ebn p\u00ebr kryeminist\u00ebr.<\/span><\/p>\n<p><span style=\"color: #000000;\">Peza pyet n\u00ebse tani q\u00eb dekretoi Ram\u00ebn si kryeminist\u00ebr edhe Meta t\u00eb mbaj\u00eb fjal\u00ebn,<\/span><\/p>\n<p><span style=\"color: #000000;\">\u201c<em>Ilir Meta sot do t\u00eb jap\u00eb dor\u00ebheqjen si President i Republik\u00ebs?!<\/em><\/span><\/p>\n<p><span style=\"color: #000000;\"><em>Pasi dekretoi Edi Ram\u00ebn Kryeminist\u00ebr, si fitues t\u00eb zgjedhjeve t\u00eb 25 prillit 2021, tani po presim q\u00eb Kryetari i Shtetit t\u00eb mbaj\u00eb fjal\u00ebn:<\/em><\/span><\/p>\n<p><span style=\"color: #000000;\"><em>\u201cDeri tani zgjedhjet jan\u00eb cenuar r\u00ebnd\u00eb vet\u00ebm nga Edi Rama. Un\u00eb apeloj nga ky moment q\u00eb t\u00eb gjith\u00eb t\u00eb reflektojn\u00eb, n\u00eb m\u00ebnyr\u00eb q\u00eb t\u00eb lejojm\u00eb shqiptar\u00ebt t\u00eb shprehin vullnetin e tyre t\u00eb lir\u00eb. N\u00ebse ai merr 71 mandate, un\u00eb firm\u00eb p\u00ebr kryeminist\u00ebr nuk i jap, por do i jap dor\u00ebheqjen time. Un\u00eb e respektoj vendimin e popullit. Un\u00eb dal n\u00eb bulevard dhe ia l\u00eb zyr\u00ebn atij,\u201d- ka deklaruar Ilir Meta.<\/em><\/span><\/p>\n<p><span style=\"color: #000000;\"><em>A do ta mbaj\u00eb fjal\u00ebn? Apo l\u00ebre thuaj, \u00e7e do?!\u201d-<\/em>shkruan Peza.<\/span><\/p>\n<p>&nbsp;<\/p>\n","protected":false,"gt_translate_keys":[{"key":"rendered","format":"html"}]},"excerpt":{"rendered":"<p>Alfred Peza pret q\u00eb Presidenti Ilir Meta t\u00eb jap\u00eb dor\u00ebheqjen pasi dekretoi Edi Ram\u00ebn Kryeminist\u00ebr t\u00eb dal\u00eb nga zgjedhjet e 25 prillit. Peza kujton deklarat\u00ebn e Met\u00ebs p\u00ebrpara zgjedhjeve i cili thoshte se n\u00ebse Rama merr 71 mandate ai do jepte dor\u00ebheqjen dhe jo firm\u00ebn p\u00ebr kryeminist\u00ebr. Peza pyet n\u00ebse tani q\u00eb dekretoi Ram\u00ebn si [&hellip;]<\/p>\n","protected":false,"gt_translate_keys":[{"key":"rendered","format":"html"}]},"author":32,"featured_media":469490,"comment_status":"closed","ping_status":"closed","sticky":false,"template":"","format":"standard","meta":{"footnotes":""},"categories":[65,13],"tags":[],"class_list":["post-472336","post","type-post","status-publish","format-standard","has-post-thumbnail","hentry","category-lajme","category-te-fundit"],"gt_translate_keys":[{"key":"link","format":"url"}],"_links":{"self":[{"href":"https:\/\/www.hashtag.al\/index.php\/wp-json\/wp\/v2\/posts\/472336","targetHints":{"allow":["GET"]}}],"collection":[{"href":"https:\/\/www.hashtag.al\/index.php\/wp-json\/wp\/v2\/posts"}],"about":[{"href":"https:\/\/www.hashtag.al\/index.php\/wp-json\/wp\/v2\/types\/post"}],"author":[{"embeddable":true,"href":"https:\/\/www.hashtag.al\/index.php\/wp-json\/wp\/v2\/users\/32"}],"replies":[{"embeddable":true,"href":"https:\/\/www.hashtag.al\/index.php\/wp-json\/wp\/v2\/comments?post=472336"}],"version-history":[{"count":0,"href":"https:\/\/www.hashtag.al\/index.php\/wp-json\/wp\/v2\/posts\/472336\/revisions"}],"wp:featuredmedia":[{"embeddable":true,"href":"https:\/\/www.hashtag.al\/index.php\/wp-json\/wp\/v2\/media\/469490"}],"wp:attachment":[{"href":"https:\/\/www.hashtag.al\/index.php\/wp-json\/wp\/v2\/media?parent=472336"}],"wp:term":[{"taxonomy":"category","embeddable":true,"href":"https:\/\/www.hashtag.al\/index.php\/wp-json\/wp\/v2\/categories?post=472336"},{"taxonomy":"post_tag","embeddable":true,"href":"https:\/\/www.hashtag.al\/index.php\/wp-json\/wp\/v2\/tags?post=472336"}],"curies":[{"name":"wp","href":"https:\/\/api.w.org\/{rel}","templated":true}]}}