{"id":472333,"date":"2021-09-11T19:25:48","date_gmt":"2021-09-11T17:25:48","guid":{"rendered":"https:\/\/hashtag.al\/?p=472333"},"modified":"2021-09-11T19:25:48","modified_gmt":"2021-09-11T17:25:48","slug":"gjekmarkaj-pd-ja-ishte-ne-diktat-ose-largohej-berisha-ose-shpallej-organizate-e-padeshiruar","status":"publish","type":"post","link":"https:\/\/www.hashtag.al\/index.php\/2021\/09\/11\/gjekmarkaj-pd-ja-ishte-ne-diktat-ose-largohej-berisha-ose-shpallej-organizate-e-padeshiruar\/","title":{"rendered":"Gjekmarkaj: PD-ja ishte n\u00eb diktat, ose largohej Berisha ose shpallej organizat\u00eb e pad\u00ebshiruar","gt_translate_keys":[{"key":"rendered","format":"text"}]},"content":{"rendered":"<p><span style=\"color: #000000;\"><img loading=\"lazy\" decoding=\"async\" class=\"aligncenter size-full wp-image-472334\" src=\"https:\/\/hashtag.al\/wp-content\/uploads\/2021\/09\/gjekmarkaj-2.jpg\" alt=\"\" width=\"1323\" height=\"735\" srcset=\"https:\/\/www.hashtag.al\/wp-content\/uploads\/2021\/09\/gjekmarkaj-2.jpg 1323w, https:\/\/www.hashtag.al\/wp-content\/uploads\/2021\/09\/gjekmarkaj-2-300x167.jpg 300w, https:\/\/www.hashtag.al\/wp-content\/uploads\/2021\/09\/gjekmarkaj-2-768x427.jpg 768w, https:\/\/www.hashtag.al\/wp-content\/uploads\/2021\/09\/gjekmarkaj-2-1024x569.jpg 1024w, https:\/\/www.hashtag.al\/wp-content\/uploads\/2021\/09\/gjekmarkaj-2-1170x650.jpg 1170w\" sizes=\"auto, (max-width: 1323px) 100vw, 1323px\" \/><\/span><\/p>\n<p><span style=\"color: #000000;\">Deputeti i Partis\u00eb Demokratike, Agron Gjekmarkaj n\u00eb nj\u00eb intervist\u00eb p\u00ebr emisionin \u201cKjo Jav\u00eb\u201d ka komentuar largimin e Berish\u00ebs nga Grupi Parlamentar i PD-s\u00eb.<\/span><\/p>\n<p><span style=\"color: #000000;\">Gjekmarkaj tha se PD ishte n\u00eb diktat ose dor\u00ebhiqej Basha dhe vinte nj\u00eb tjet\u00ebr duke rrezikuar q\u00eb partia t\u00eb shpallej organizat\u00eb e pad\u00ebshiruar.<\/span><\/p>\n<p><span style=\"color: #000000;\">M\u00eb tej deputeti tha se Basha ka marr\u00eb nj\u00eb vendim q\u00eb \u00e7liroi deputet\u00ebt.<\/span><\/p>\n<p><span style=\"color: #000000;\">\u201c<em>Nuk e teproj n\u00ebse them se kur Basha shpalli k\u00ebt\u00eb vendim ngjante me nj\u00eb personazh tragjik. Un\u00eb e kam pritur me trishtim t\u00eb madh. Edhe vet\u00eb zoti Basha e ka pritur me trishtim t\u00eb madh. Procedura e ndjekur linte p\u00ebr t\u00eb d\u00ebshiruar, por n\u00ebse do t\u00eb votohej t\u00eb gjith\u00eb do t\u00eb votonin kund\u00ebr nga nderimi dhe roli n\u00eb historin\u00eb e Shqip\u00ebris\u00eb. Berisha i ka b\u00ebr\u00eb nderime shum\u00eb t\u00eb vyera vendit. \u00cbsht\u00eb nj\u00eb vendim i v\u00ebshtir\u00eb i marr\u00eb nga Basha. Ky vendim i ka shmangur deputet\u00ebt, i ka \u00e7liruar ata nga nj\u00eb p\u00ebrgjegj\u00ebsi. Basha kishte dy rrug\u00eb: ose t\u00eb merrte k\u00ebt\u00eb vendim ose t\u00eb jepte dor\u00ebheqjen. PD ishte n\u00eb\u00a0 diktat. N\u00ebse dor\u00ebhiqej Basha vinte nj\u00eb tjet\u00ebr duke u rrezikuar qe PD t\u00eb shpallej nj\u00eb organizat\u00eb e pad\u00ebshiruar. \u00cbsht\u00eb e pamundur t\u00eb vish n\u00eb pushtet me p\u00ebrplasje me Amerik\u00ebn. Ishte nj\u00eb rrug\u00eb pa shteg, e vetmja. PD do t\u00eb hynte n\u00eb nj\u00eb kriz\u00eb dhe p\u00ebrplasje me SHBA-t\u00eb q\u00eb e rrit\u00ebn presionin ndaj PD-s\u00eb. Ata lan\u00eb nj\u00eb ultimatum n\u00eb zyr\u00ebn e liderit demokrat. Ishte gabim, por ishte gabimi i duhur. Nuk mendoj q\u00eb e ka b\u00ebr\u00eb p\u00ebr interesa personale pasi vet\u00eb ai e mb\u00ebshteti n\u00eb 2013-\u00ebn, n\u00eb 2017-\u00ebn dhe 2021-shin. \u00cbsht\u00eb nj\u00eb vendim q\u00eb e ka marr\u00eb nj\u00eb vend i huaj. Mua m\u00eb dhemb si vendim\u201d-<\/em> deklaroi Gjekmarkaj.<\/span><\/p>\n","protected":false,"gt_translate_keys":[{"key":"rendered","format":"html"}]},"excerpt":{"rendered":"<p>Deputeti i Partis\u00eb Demokratike, Agron Gjekmarkaj n\u00eb nj\u00eb intervist\u00eb p\u00ebr emisionin \u201cKjo Jav\u00eb\u201d ka komentuar largimin e Berish\u00ebs nga Grupi Parlamentar i PD-s\u00eb. Gjekmarkaj tha se PD ishte n\u00eb diktat ose dor\u00ebhiqej Basha dhe vinte nj\u00eb tjet\u00ebr duke rrezikuar q\u00eb partia t\u00eb shpallej organizat\u00eb e pad\u00ebshiruar. M\u00eb tej deputeti tha se Basha ka marr\u00eb nj\u00eb [&hellip;]<\/p>\n","protected":false,"gt_translate_keys":[{"key":"rendered","format":"html"}]},"author":32,"featured_media":472334,"comment_status":"closed","ping_status":"closed","sticky":false,"template":"","format":"standard","meta":{"footnotes":""},"categories":[65,13],"tags":[],"class_list":["post-472333","post","type-post","status-publish","format-standard","has-post-thumbnail","hentry","category-lajme","category-te-fundit"],"gt_translate_keys":[{"key":"link","format":"url"}],"_links":{"self":[{"href":"https:\/\/www.hashtag.al\/index.php\/wp-json\/wp\/v2\/posts\/472333","targetHints":{"allow":["GET"]}}],"collection":[{"href":"https:\/\/www.hashtag.al\/index.php\/wp-json\/wp\/v2\/posts"}],"about":[{"href":"https:\/\/www.hashtag.al\/index.php\/wp-json\/wp\/v2\/types\/post"}],"author":[{"embeddable":true,"href":"https:\/\/www.hashtag.al\/index.php\/wp-json\/wp\/v2\/users\/32"}],"replies":[{"embeddable":true,"href":"https:\/\/www.hashtag.al\/index.php\/wp-json\/wp\/v2\/comments?post=472333"}],"version-history":[{"count":0,"href":"https:\/\/www.hashtag.al\/index.php\/wp-json\/wp\/v2\/posts\/472333\/revisions"}],"wp:featuredmedia":[{"embeddable":true,"href":"https:\/\/www.hashtag.al\/index.php\/wp-json\/wp\/v2\/media\/472334"}],"wp:attachment":[{"href":"https:\/\/www.hashtag.al\/index.php\/wp-json\/wp\/v2\/media?parent=472333"}],"wp:term":[{"taxonomy":"category","embeddable":true,"href":"https:\/\/www.hashtag.al\/index.php\/wp-json\/wp\/v2\/categories?post=472333"},{"taxonomy":"post_tag","embeddable":true,"href":"https:\/\/www.hashtag.al\/index.php\/wp-json\/wp\/v2\/tags?post=472333"}],"curies":[{"name":"wp","href":"https:\/\/api.w.org\/{rel}","templated":true}]}}