{"id":472109,"date":"2021-09-10T10:12:23","date_gmt":"2021-09-10T08:12:23","guid":{"rendered":"https:\/\/hashtag.al\/?p=472109"},"modified":"2021-09-10T10:14:46","modified_gmt":"2021-09-10T08:14:46","slug":"berisha-para-parlamentit-sot-nis-beteja-kunder-pazareve-te-felliqura-te-bashes-me-ramen-dalim-me-te-forte","status":"publish","type":"post","link":"https:\/\/www.hashtag.al\/index.php\/2021\/09\/10\/berisha-para-parlamentit-sot-nis-beteja-kunder-pazareve-te-felliqura-te-bashes-me-ramen-dalim-me-te-forte\/","title":{"rendered":"Berisha para parlamentit: Sot nis beteja kund\u00ebr pazareve t\u00eb f\u00eblliqura t\u00eb Bash\u00ebs me Ram\u00ebn, dalim m\u00eb t\u00eb fort\u00eb","gt_translate_keys":[{"key":"rendered","format":"text"}]},"content":{"rendered":"<div style=\"width: 848px;\" class=\"wp-video\"><video class=\"wp-video-shortcode\" id=\"video-472109-1\" width=\"848\" height=\"480\" preload=\"metadata\" controls=\"controls\"><source type=\"video\/mp4\" src=\"https:\/\/hashtag.al\/wp-content\/uploads\/2021\/09\/WhatsApp-Video-2021-09-10-at-10.02.52.mp4?_=1\" \/><a href=\"https:\/\/hashtag.al\/wp-content\/uploads\/2021\/09\/WhatsApp-Video-2021-09-10-at-10.02.52.mp4\">https:\/\/hashtag.al\/wp-content\/uploads\/2021\/09\/WhatsApp-Video-2021-09-10-at-10.02.52.mp4<\/a><\/video><\/div>\n<p><span style=\"color: #000000;\">Ish-kryeministri Berisha ka akuzuar kreun e Partis\u00eb Demokratike, Basha, p\u00ebr pazare t\u00eb f\u00eblliqura me kryeministrin Rama.<\/span><\/p>\n<p><span style=\"color: #000000;\"> Ai foli para nj\u00eb grupi simpatizant\u00ebsh q\u00eb ishin mbledhur para parlamentit, duke th\u00ebn\u00eb se sot do nis\u00eb beteja p\u00ebr kthimin e sovranitetit n\u00eb PD dhe kund\u00ebr pazareve t\u00eb turpshme mes Bash\u00ebs e Ram\u00ebs. <\/span><\/p>\n<p><span style=\"color: #000000;\">N\u00eb fund ai u premtoi simpatizant\u00ebve se nga kjo betej\u00eb, PD do dal\u00eb m\u00eb e fort\u00eb dhe m\u00eb e sigurt te fitorja.<\/span><\/p>\n<p><span style=\"color: #000000;\"><em>\u201cSot nis beteja jon\u00eb, kund\u00ebr pazareve t\u00eb turpshme pazare t\u00eb f\u00eblliqura t\u00eb Lulzim Bash\u00ebs me Edi Ram\u00ebn PD del nga kjo betej\u00eb m\u00eb e fort\u00eb dhe m\u00eb e sigurt se kurr\u00eb n\u00eb fitore. Rroft\u00eb Partia Demokratike. Rroft\u00eb Shqip\u00ebria.\u201d<\/em> \u2013 deklaroi ish-kryeministri Berisha para hyrjes n\u00eb parlament.<\/span><\/p>\n","protected":false,"gt_translate_keys":[{"key":"rendered","format":"html"}]},"excerpt":{"rendered":"<p>Ish-kryeministri Berisha ka akuzuar kreun e Partis\u00eb Demokratike, Basha, p\u00ebr pazare t\u00eb f\u00eblliqura me kryeministrin Rama. Ai foli para nj\u00eb grupi simpatizant\u00ebsh q\u00eb ishin mbledhur para parlamentit, duke th\u00ebn\u00eb se sot do nis\u00eb beteja p\u00ebr kthimin e sovranitetit n\u00eb PD dhe kund\u00ebr pazareve t\u00eb turpshme mes Bash\u00ebs e Ram\u00ebs. N\u00eb fund ai u premtoi simpatizant\u00ebve [&hellip;]<\/p>\n","protected":false,"gt_translate_keys":[{"key":"rendered","format":"html"}]},"author":51,"featured_media":472111,"comment_status":"closed","ping_status":"closed","sticky":false,"template":"","format":"standard","meta":{"footnotes":""},"categories":[22,65,13],"tags":[],"class_list":["post-472109","post","type-post","status-publish","format-standard","has-post-thumbnail","hentry","category-ballina","category-lajme","category-te-fundit"],"gt_translate_keys":[{"key":"link","format":"url"}],"_links":{"self":[{"href":"https:\/\/www.hashtag.al\/index.php\/wp-json\/wp\/v2\/posts\/472109","targetHints":{"allow":["GET"]}}],"collection":[{"href":"https:\/\/www.hashtag.al\/index.php\/wp-json\/wp\/v2\/posts"}],"about":[{"href":"https:\/\/www.hashtag.al\/index.php\/wp-json\/wp\/v2\/types\/post"}],"author":[{"embeddable":true,"href":"https:\/\/www.hashtag.al\/index.php\/wp-json\/wp\/v2\/users\/51"}],"replies":[{"embeddable":true,"href":"https:\/\/www.hashtag.al\/index.php\/wp-json\/wp\/v2\/comments?post=472109"}],"version-history":[{"count":0,"href":"https:\/\/www.hashtag.al\/index.php\/wp-json\/wp\/v2\/posts\/472109\/revisions"}],"wp:featuredmedia":[{"embeddable":true,"href":"https:\/\/www.hashtag.al\/index.php\/wp-json\/wp\/v2\/media\/472111"}],"wp:attachment":[{"href":"https:\/\/www.hashtag.al\/index.php\/wp-json\/wp\/v2\/media?parent=472109"}],"wp:term":[{"taxonomy":"category","embeddable":true,"href":"https:\/\/www.hashtag.al\/index.php\/wp-json\/wp\/v2\/categories?post=472109"},{"taxonomy":"post_tag","embeddable":true,"href":"https:\/\/www.hashtag.al\/index.php\/wp-json\/wp\/v2\/tags?post=472109"}],"curies":[{"name":"wp","href":"https:\/\/api.w.org\/{rel}","templated":true}]}}