{"id":471776,"date":"2021-09-08T09:51:56","date_gmt":"2021-09-08T07:51:56","guid":{"rendered":"https:\/\/hashtag.al\/?p=471776"},"modified":"2021-09-08T09:51:56","modified_gmt":"2021-09-08T07:51:56","slug":"plagosen-me-arme-dy-vellezer-ne-shkoder","status":"publish","type":"post","link":"https:\/\/www.hashtag.al\/index.php\/2021\/09\/08\/plagosen-me-arme-dy-vellezer-ne-shkoder\/","title":{"rendered":"Plagosen me arm\u00eb dy v\u00ebllez\u00ebr n\u00eb Shkod\u00ebr","gt_translate_keys":[{"key":"rendered","format":"text"}]},"content":{"rendered":"<p><span style=\"color: #000000;\"><img loading=\"lazy\" decoding=\"async\" class=\"aligncenter size-full wp-image-467227\" src=\"https:\/\/hashtag.al\/wp-content\/uploads\/2021\/08\/shkoder.jpg\" alt=\"\" width=\"800\" height=\"450\" srcset=\"https:\/\/www.hashtag.al\/wp-content\/uploads\/2021\/08\/shkoder.jpg 800w, https:\/\/www.hashtag.al\/wp-content\/uploads\/2021\/08\/shkoder-300x169.jpg 300w, https:\/\/www.hashtag.al\/wp-content\/uploads\/2021\/08\/shkoder-768x432.jpg 768w\" sizes=\"auto, (max-width: 800px) 100vw, 800px\" \/><\/span><\/p>\n<p><span style=\"color: #000000;\">Dy v\u00ebllez\u00ebr jan\u00eb plagosur n\u00eb Shkod\u00ebr. Nj\u00ebri prej tyre \u00ebsht\u00eb q\u00eblluar me arm\u00eb zjarri nd\u00ebrsa tjetri me sende t\u00eb forta. <\/span><\/p>\n<p><span style=\"color: #000000;\">Ngjarja ka ndodhur n\u00eb fshatin Mes nd\u00ebrs at\u00eb l\u00ebnduarit jan\u00eb d\u00ebrguar n\u00eb spitalin e Shkodr\u00eb. <\/span><\/p>\n<p><span style=\"color: #000000;\">Rrrethanat e ngjarjes nuk dihen ende nd\u00ebrsa m\u00ebsohet se policia ka identifikuar autorin e dyshuar dhe po punon p\u00ebr kapjen e tij.<\/span><\/p>\n","protected":false,"gt_translate_keys":[{"key":"rendered","format":"html"}]},"excerpt":{"rendered":"<p>Dy v\u00ebllez\u00ebr jan\u00eb plagosur n\u00eb Shkod\u00ebr. Nj\u00ebri prej tyre \u00ebsht\u00eb q\u00eblluar me arm\u00eb zjarri nd\u00ebrsa tjetri me sende t\u00eb forta. Ngjarja ka ndodhur n\u00eb fshatin Mes nd\u00ebrs at\u00eb l\u00ebnduarit jan\u00eb d\u00ebrguar n\u00eb spitalin e Shkodr\u00eb. Rrrethanat e ngjarjes nuk dihen ende nd\u00ebrsa m\u00ebsohet se policia ka identifikuar autorin e dyshuar dhe po punon p\u00ebr kapjen [&hellip;]<\/p>\n","protected":false,"gt_translate_keys":[{"key":"rendered","format":"html"}]},"author":51,"featured_media":467227,"comment_status":"closed","ping_status":"closed","sticky":false,"template":"","format":"standard","meta":{"footnotes":""},"categories":[65,13],"tags":[],"class_list":["post-471776","post","type-post","status-publish","format-standard","has-post-thumbnail","hentry","category-lajme","category-te-fundit"],"gt_translate_keys":[{"key":"link","format":"url"}],"_links":{"self":[{"href":"https:\/\/www.hashtag.al\/index.php\/wp-json\/wp\/v2\/posts\/471776","targetHints":{"allow":["GET"]}}],"collection":[{"href":"https:\/\/www.hashtag.al\/index.php\/wp-json\/wp\/v2\/posts"}],"about":[{"href":"https:\/\/www.hashtag.al\/index.php\/wp-json\/wp\/v2\/types\/post"}],"author":[{"embeddable":true,"href":"https:\/\/www.hashtag.al\/index.php\/wp-json\/wp\/v2\/users\/51"}],"replies":[{"embeddable":true,"href":"https:\/\/www.hashtag.al\/index.php\/wp-json\/wp\/v2\/comments?post=471776"}],"version-history":[{"count":0,"href":"https:\/\/www.hashtag.al\/index.php\/wp-json\/wp\/v2\/posts\/471776\/revisions"}],"wp:featuredmedia":[{"embeddable":true,"href":"https:\/\/www.hashtag.al\/index.php\/wp-json\/wp\/v2\/media\/467227"}],"wp:attachment":[{"href":"https:\/\/www.hashtag.al\/index.php\/wp-json\/wp\/v2\/media?parent=471776"}],"wp:term":[{"taxonomy":"category","embeddable":true,"href":"https:\/\/www.hashtag.al\/index.php\/wp-json\/wp\/v2\/categories?post=471776"},{"taxonomy":"post_tag","embeddable":true,"href":"https:\/\/www.hashtag.al\/index.php\/wp-json\/wp\/v2\/tags?post=471776"}],"curies":[{"name":"wp","href":"https:\/\/api.w.org\/{rel}","templated":true}]}}