{"id":471704,"date":"2021-09-08T07:28:20","date_gmt":"2021-09-08T05:28:20","guid":{"rendered":"https:\/\/hashtag.al\/?p=471704"},"modified":"2021-09-07T20:51:04","modified_gmt":"2021-09-07T18:51:04","slug":"vdes-nje-person-i-trete-ne-japoni-pasi-beri-dozen-e-dyte-te-vaksines-moderna","status":"publish","type":"post","link":"https:\/\/www.hashtag.al\/index.php\/2021\/09\/08\/vdes-nje-person-i-trete-ne-japoni-pasi-beri-dozen-e-dyte-te-vaksines-moderna\/","title":{"rendered":"Vdes nj\u00eb person i tret\u00eb n\u00eb Japoni pasi b\u00ebri doz\u00ebn e dyt\u00eb t\u00eb vaksin\u00ebs Moderna","gt_translate_keys":[{"key":"rendered","format":"text"}]},"content":{"rendered":"<p><span style=\"color: #000000;\"><img loading=\"lazy\" decoding=\"async\" class=\"aligncenter size-full wp-image-471731\" src=\"https:\/\/hashtag.al\/wp-content\/uploads\/2021\/09\/moderna-1.jpg\" alt=\"\" width=\"1200\" height=\"667\" srcset=\"https:\/\/www.hashtag.al\/wp-content\/uploads\/2021\/09\/moderna-1.jpg 1200w, https:\/\/www.hashtag.al\/wp-content\/uploads\/2021\/09\/moderna-1-300x167.jpg 300w, https:\/\/www.hashtag.al\/wp-content\/uploads\/2021\/09\/moderna-1-768x427.jpg 768w, https:\/\/www.hashtag.al\/wp-content\/uploads\/2021\/09\/moderna-1-1024x569.jpg 1024w, https:\/\/www.hashtag.al\/wp-content\/uploads\/2021\/09\/moderna-1-1170x650.jpg 1170w\" sizes=\"auto, (max-width: 1200px) 100vw, 1200px\" \/><\/span><\/p>\n<p><span style=\"color: #000000;\">Autoritetet sh\u00ebndet\u00ebsore japoneze kan\u00eb pohuar se nj\u00eb person i tret\u00eb ka vdekur, nj\u00eb dit\u00eb pasi mori doz\u00ebn e dyt\u00eb t\u00eb vaksin\u00ebs Moderna Covid-19, nga nj\u00eb prej loteve t\u00eb ndotura q\u00eb jan\u00eb t\u00ebrhequr q\u00eb at\u00ebher\u00eb.<\/span><\/p>\n<p><span style=\"color: #000000;\">Burri, 49 vje\u00e7, mori doz\u00ebn e dyt\u00eb t\u00eb vaksin\u00ebs kund\u00ebr Covid-19 m\u00eb 11 gusht dhe u shpall i vdekur m\u00ebngjesin tjet\u00ebr, raportuan mediat vendase, duke cituar Ministrin\u00eb e Sh\u00ebndet\u00ebsis\u00eb. Deri m\u00eb tani \u00ebsht\u00eb e paqart\u00eb n\u00ebse vdekja e tij ishte e lidhur me vaksinimin. Gjithashtu nuk dihet n\u00ebse i ndjeri kishte ndonj\u00eb problem sh\u00ebndet\u00ebsor kronik q\u00eb mund t\u00eb ket\u00eb ndikuar n\u00eb vdekjen e tij t\u00eb papritur. U raportua se burri ishte alergjik ndaj nj\u00eb lloj drithi i njohur si hik\u00ebrror.<\/span><\/p>\n<p><span style=\"color: #000000;\">Burri u vaksinua me nj\u00eb doz\u00eb q\u00eb vinte nga nj\u00eb prej grupeve tashm\u00eb t\u00eb pezulluara t\u00eb vaksin\u00ebs. Rreth 2.6 milion\u00eb doza t\u00eb vaksin\u00ebs Covid t\u00eb kompanis\u00eb Moderna u t\u00ebrhoq\u00ebn n\u00eb t\u00eb gjith\u00eb Japonin\u00eb pasi grimca t\u00eb huaja u gjet\u00ebn brenda disa prej shisheve. Nd\u00ebrsa autoritetet fillimisht t\u00ebrhoq\u00ebn rreth 1.63 milion doza me origjin\u00eb nga tre lote t\u00eb ndryshme, nj\u00eb milion doza t\u00eb tjera u t\u00ebrho\u00ebn m\u00eb von\u00eb n\u00eb prefekturat Okina\u00eba dhe Gunma pasi ato gjithashtu u zbuluan se ishin t\u00eb ndotura.<\/span><\/p>\n<p><span style=\"color: #000000;\">M\u00eb her\u00ebt, dy burra, t\u00eb dy n\u00eb t\u00eb 30-at e tyre, vdiq\u00ebn dit\u00eb pasi b\u00ebn\u00eb doz\u00ebn e dyt\u00eb t\u00eb vaksin\u00ebs Moderna. Sidoqoft\u00eb, u raportua se asnj\u00eb nga shishet q\u00eb u p\u00ebrdor\u00ebn p\u00ebr t&#8217;i vaksinuar ato nuk p\u00ebrmbanin grimca t\u00eb huaja. Nj\u00eb hetim p\u00ebr vdekjen e tyre \u00ebsht\u00eb duke u zhvilluar n\u00eb vendin aziatik.<\/span><\/p>\n","protected":false,"gt_translate_keys":[{"key":"rendered","format":"html"}]},"excerpt":{"rendered":"<p>Autoritetet sh\u00ebndet\u00ebsore japoneze kan\u00eb pohuar se nj\u00eb person i tret\u00eb ka vdekur, nj\u00eb dit\u00eb pasi mori doz\u00ebn e dyt\u00eb t\u00eb vaksin\u00ebs Moderna Covid-19, nga nj\u00eb prej loteve t\u00eb ndotura q\u00eb jan\u00eb t\u00ebrhequr q\u00eb at\u00ebher\u00eb. Burri, 49 vje\u00e7, mori doz\u00ebn e dyt\u00eb t\u00eb vaksin\u00ebs kund\u00ebr Covid-19 m\u00eb 11 gusht dhe u shpall i vdekur m\u00ebngjesin tjet\u00ebr, [&hellip;]<\/p>\n","protected":false,"gt_translate_keys":[{"key":"rendered","format":"html"}]},"author":51,"featured_media":471731,"comment_status":"closed","ping_status":"closed","sticky":false,"template":"","format":"standard","meta":{"footnotes":""},"categories":[53],"tags":[],"class_list":["post-471704","post","type-post","status-publish","format-standard","has-post-thumbnail","hentry","category-fast-foodi"],"gt_translate_keys":[{"key":"link","format":"url"}],"_links":{"self":[{"href":"https:\/\/www.hashtag.al\/index.php\/wp-json\/wp\/v2\/posts\/471704","targetHints":{"allow":["GET"]}}],"collection":[{"href":"https:\/\/www.hashtag.al\/index.php\/wp-json\/wp\/v2\/posts"}],"about":[{"href":"https:\/\/www.hashtag.al\/index.php\/wp-json\/wp\/v2\/types\/post"}],"author":[{"embeddable":true,"href":"https:\/\/www.hashtag.al\/index.php\/wp-json\/wp\/v2\/users\/51"}],"replies":[{"embeddable":true,"href":"https:\/\/www.hashtag.al\/index.php\/wp-json\/wp\/v2\/comments?post=471704"}],"version-history":[{"count":0,"href":"https:\/\/www.hashtag.al\/index.php\/wp-json\/wp\/v2\/posts\/471704\/revisions"}],"wp:featuredmedia":[{"embeddable":true,"href":"https:\/\/www.hashtag.al\/index.php\/wp-json\/wp\/v2\/media\/471731"}],"wp:attachment":[{"href":"https:\/\/www.hashtag.al\/index.php\/wp-json\/wp\/v2\/media?parent=471704"}],"wp:term":[{"taxonomy":"category","embeddable":true,"href":"https:\/\/www.hashtag.al\/index.php\/wp-json\/wp\/v2\/categories?post=471704"},{"taxonomy":"post_tag","embeddable":true,"href":"https:\/\/www.hashtag.al\/index.php\/wp-json\/wp\/v2\/tags?post=471704"}],"curies":[{"name":"wp","href":"https:\/\/api.w.org\/{rel}","templated":true}]}}