{"id":471428,"date":"2021-09-06T11:20:16","date_gmt":"2021-09-06T09:20:16","guid":{"rendered":"https:\/\/hashtag.al\/?p=471428"},"modified":"2021-09-07T10:57:08","modified_gmt":"2021-09-07T08:57:08","slug":"deputetja-e-ps-se-berishen-e-ka-votuar-populli-nuk-ka-asnje-qe-ta-pengoje-te-hyje-ne-parlament","status":"publish","type":"post","link":"https:\/\/www.hashtag.al\/index.php\/2021\/09\/06\/deputetja-e-ps-se-berishen-e-ka-votuar-populli-nuk-ka-asnje-qe-ta-pengoje-te-hyje-ne-parlament\/","title":{"rendered":"Deputetja e PS-s\u00eb: Berish\u00ebn e ka votuar populli, nuk ka asnj\u00eb q\u00eb ta pengoj\u00eb t\u00eb hyj\u00eb n\u00eb parlament","gt_translate_keys":[{"key":"rendered","format":"text"}]},"content":{"rendered":"<p><span style=\"color: #000000;\"><img loading=\"lazy\" decoding=\"async\" class=\"aligncenter size-full wp-image-471429\" src=\"https:\/\/hashtag.al\/wp-content\/uploads\/2021\/09\/bozo-berisha.jpg\" alt=\"\" width=\"3822\" height=\"1857\" srcset=\"https:\/\/www.hashtag.al\/wp-content\/uploads\/2021\/09\/bozo-berisha.jpg 3822w, https:\/\/www.hashtag.al\/wp-content\/uploads\/2021\/09\/bozo-berisha-300x146.jpg 300w, https:\/\/www.hashtag.al\/wp-content\/uploads\/2021\/09\/bozo-berisha-768x373.jpg 768w, https:\/\/www.hashtag.al\/wp-content\/uploads\/2021\/09\/bozo-berisha-1024x498.jpg 1024w\" sizes=\"auto, (max-width: 3822px) 100vw, 3822px\" \/><\/span><\/p>\n<p><span style=\"color: #000000;\">Deputetja e sapo zgjedhur e Partis\u00eb Socialiste, Luljeta Bozo e cila do mbaj\u00eb edhe fjalimin e par\u00eb n\u00eb Parlamentin q\u00eb nis punimet e legjislatur\u00ebs X k\u00ebt\u00eb t\u00eb premte, ka komentuar n\u00eb nj\u00eb intervist\u00eb p\u00ebr Euronews Albania edhe hyrjen apo jo t\u00eb Sali Berish\u00ebs pas shpalljes non-grata.<\/span><\/p>\n<p><span style=\"color: #000000;\">Bozo thot\u00eb n\u00ebse Berisha hyn apo jo n\u00eb parlament kjo varet nga d\u00ebshira e tij.<\/span><\/p>\n<p><span style=\"color: #000000;\">Nd\u00ebrsa thekson se at\u00eb e ka votuar populli dhe nuk ka asnj\u00eb q\u00eb ta pengoj\u00eb t\u00eb hyj\u00eb n\u00eb parlament.<\/span><\/p>\n<p><span style=\"color: #000000;\">\u201c<em>SHBA-t\u00eb q\u00eb kan\u00eb marr\u00eb at\u00eb vendim kan\u00eb pasur arsye shum\u00eb t\u00eb forta, nuk e diskutoj fare, aq m\u00eb tep\u00ebr p\u00ebr nj\u00eb person q\u00eb ka drejtuar p\u00ebr aq vite. N\u00ebse hyn apo jo n\u00eb parlament kjo varet nga d\u00ebshira e personit vet. At\u00eb e ka votuar populli, ndaj nuk ka asnj\u00eb q\u00eb ta pengoj\u00eb t\u00eb hyj\u00eb n\u00eb parlament<\/em>\u201d, thot\u00eb znj. Bozo.<\/span><\/p>\n","protected":false,"gt_translate_keys":[{"key":"rendered","format":"html"}]},"excerpt":{"rendered":"<p>Deputetja e sapo zgjedhur e Partis\u00eb Socialiste, Luljeta Bozo e cila do mbaj\u00eb edhe fjalimin e par\u00eb n\u00eb Parlamentin q\u00eb nis punimet e legjislatur\u00ebs X k\u00ebt\u00eb t\u00eb premte, ka komentuar n\u00eb nj\u00eb intervist\u00eb p\u00ebr Euronews Albania edhe hyrjen apo jo t\u00eb Sali Berish\u00ebs pas shpalljes non-grata. Bozo thot\u00eb n\u00ebse Berisha hyn apo jo n\u00eb parlament [&hellip;]<\/p>\n","protected":false,"gt_translate_keys":[{"key":"rendered","format":"html"}]},"author":32,"featured_media":471429,"comment_status":"closed","ping_status":"closed","sticky":false,"template":"","format":"standard","meta":{"footnotes":""},"categories":[65,13],"tags":[],"class_list":["post-471428","post","type-post","status-publish","format-standard","has-post-thumbnail","hentry","category-lajme","category-te-fundit"],"gt_translate_keys":[{"key":"link","format":"url"}],"_links":{"self":[{"href":"https:\/\/www.hashtag.al\/index.php\/wp-json\/wp\/v2\/posts\/471428","targetHints":{"allow":["GET"]}}],"collection":[{"href":"https:\/\/www.hashtag.al\/index.php\/wp-json\/wp\/v2\/posts"}],"about":[{"href":"https:\/\/www.hashtag.al\/index.php\/wp-json\/wp\/v2\/types\/post"}],"author":[{"embeddable":true,"href":"https:\/\/www.hashtag.al\/index.php\/wp-json\/wp\/v2\/users\/32"}],"replies":[{"embeddable":true,"href":"https:\/\/www.hashtag.al\/index.php\/wp-json\/wp\/v2\/comments?post=471428"}],"version-history":[{"count":0,"href":"https:\/\/www.hashtag.al\/index.php\/wp-json\/wp\/v2\/posts\/471428\/revisions"}],"wp:featuredmedia":[{"embeddable":true,"href":"https:\/\/www.hashtag.al\/index.php\/wp-json\/wp\/v2\/media\/471429"}],"wp:attachment":[{"href":"https:\/\/www.hashtag.al\/index.php\/wp-json\/wp\/v2\/media?parent=471428"}],"wp:term":[{"taxonomy":"category","embeddable":true,"href":"https:\/\/www.hashtag.al\/index.php\/wp-json\/wp\/v2\/categories?post=471428"},{"taxonomy":"post_tag","embeddable":true,"href":"https:\/\/www.hashtag.al\/index.php\/wp-json\/wp\/v2\/tags?post=471428"}],"curies":[{"name":"wp","href":"https:\/\/api.w.org\/{rel}","templated":true}]}}