{"id":471332,"date":"2021-09-05T19:36:11","date_gmt":"2021-09-05T17:36:11","guid":{"rendered":"https:\/\/hashtag.al\/?p=471332"},"modified":"2021-09-05T19:36:11","modified_gmt":"2021-09-05T17:36:11","slug":"taulant-balla-elbasani-ty-te-do-ngrihet-droni-ne-stadiumin-e-elbasanit-video","status":"publish","type":"post","link":"https:\/\/www.hashtag.al\/index.php\/2021\/09\/05\/taulant-balla-elbasani-ty-te-do-ngrihet-droni-ne-stadiumin-e-elbasanit-video\/","title":{"rendered":"\u201cTaulant Balla, Elbasani ty t\u00eb do\u201d &#8211; Ngrihet droni n\u00eb stadiumin e Elbasanit (Video)","gt_translate_keys":[{"key":"rendered","format":"text"}]},"content":{"rendered":"<div style=\"width: 1170px;\" class=\"wp-video\"><video class=\"wp-video-shortcode\" id=\"video-471332-1\" width=\"1170\" height=\"658\" preload=\"metadata\" controls=\"controls\"><source type=\"video\/mp4\" src=\"https:\/\/hashtag.al\/wp-content\/uploads\/2021\/09\/balladron.mp4?_=1\" \/><a href=\"https:\/\/hashtag.al\/wp-content\/uploads\/2021\/09\/balladron.mp4\">https:\/\/hashtag.al\/wp-content\/uploads\/2021\/09\/balladron.mp4<\/a><\/video><\/div>\n<p><span style=\"color: #000000;\">Nj\u00eb dron \u00ebsht\u00eb ngritur pasditen e sotme n\u00eb stadiumin e Elbasanit ku Shqip\u00ebria po luan me Hungarin\u00eb.<\/span><\/p>\n<p><span style=\"color: #000000;\"> Droni mbante nj\u00eb pankart\u00eb kus shkruhej: Taulant Balla, Elbasani ty t\u00eb do! <\/span><\/p>\n<p><span style=\"color: #000000;\">Ngritja e dronit vjen pak dit\u00eb pas kryeministri Rama e hoqi Taulant Ball\u00ebn si drejtues politik n\u00eb Elbasan duke i besuar Fierin. <\/span><\/p>\n<p><span style=\"color: #000000;\">Po k\u00ebshtu Balla nuk do jet\u00eb m\u00eb as Sekretar i P\u00ebrgjithsh\u00ebm i Partis\u00eb Socialiste.<\/span><\/p>\n<p><span style=\"color: #000000;\"><span style=\"color: #ff0000;\">*<\/span>Video Credit: <span style=\"color: #0000ff;\">Syri<\/span><\/span><\/p>\n","protected":false,"gt_translate_keys":[{"key":"rendered","format":"html"}]},"excerpt":{"rendered":"<p>Nj\u00eb dron \u00ebsht\u00eb ngritur pasditen e sotme n\u00eb stadiumin e Elbasanit ku Shqip\u00ebria po luan me Hungarin\u00eb. Droni mbante nj\u00eb pankart\u00eb kus shkruhej: Taulant Balla, Elbasani ty t\u00eb do! Ngritja e dronit vjen pak dit\u00eb pas kryeministri Rama e hoqi Taulant Ball\u00ebn si drejtues politik n\u00eb Elbasan duke i besuar Fierin. Po k\u00ebshtu Balla nuk [&hellip;]<\/p>\n","protected":false,"gt_translate_keys":[{"key":"rendered","format":"html"}]},"author":51,"featured_media":471334,"comment_status":"closed","ping_status":"closed","sticky":false,"template":"","format":"standard","meta":{"footnotes":""},"categories":[53],"tags":[],"class_list":["post-471332","post","type-post","status-publish","format-standard","has-post-thumbnail","hentry","category-fast-foodi"],"gt_translate_keys":[{"key":"link","format":"url"}],"_links":{"self":[{"href":"https:\/\/www.hashtag.al\/index.php\/wp-json\/wp\/v2\/posts\/471332","targetHints":{"allow":["GET"]}}],"collection":[{"href":"https:\/\/www.hashtag.al\/index.php\/wp-json\/wp\/v2\/posts"}],"about":[{"href":"https:\/\/www.hashtag.al\/index.php\/wp-json\/wp\/v2\/types\/post"}],"author":[{"embeddable":true,"href":"https:\/\/www.hashtag.al\/index.php\/wp-json\/wp\/v2\/users\/51"}],"replies":[{"embeddable":true,"href":"https:\/\/www.hashtag.al\/index.php\/wp-json\/wp\/v2\/comments?post=471332"}],"version-history":[{"count":0,"href":"https:\/\/www.hashtag.al\/index.php\/wp-json\/wp\/v2\/posts\/471332\/revisions"}],"wp:featuredmedia":[{"embeddable":true,"href":"https:\/\/www.hashtag.al\/index.php\/wp-json\/wp\/v2\/media\/471334"}],"wp:attachment":[{"href":"https:\/\/www.hashtag.al\/index.php\/wp-json\/wp\/v2\/media?parent=471332"}],"wp:term":[{"taxonomy":"category","embeddable":true,"href":"https:\/\/www.hashtag.al\/index.php\/wp-json\/wp\/v2\/categories?post=471332"},{"taxonomy":"post_tag","embeddable":true,"href":"https:\/\/www.hashtag.al\/index.php\/wp-json\/wp\/v2\/tags?post=471332"}],"curies":[{"name":"wp","href":"https:\/\/api.w.org\/{rel}","templated":true}]}}