{"id":471288,"date":"2021-09-05T14:45:20","date_gmt":"2021-09-05T12:45:20","guid":{"rendered":"https:\/\/hashtag.al\/?p=471288"},"modified":"2021-09-05T14:45:20","modified_gmt":"2021-09-05T12:45:20","slug":"papa-francesku-thirrje-vendeve-te-mirepresin-afganet","status":"publish","type":"post","link":"https:\/\/www.hashtag.al\/index.php\/2021\/09\/05\/papa-francesku-thirrje-vendeve-te-mirepresin-afganet\/","title":{"rendered":"Papa Fran\u00e7esku thirrje vendeve t\u00eb mir\u00ebpresin afgan\u00ebt","gt_translate_keys":[{"key":"rendered","format":"text"}]},"content":{"rendered":"<p><span style=\"color: #000000;\"><img loading=\"lazy\" decoding=\"async\" class=\"aligncenter size-full wp-image-448840\" src=\"https:\/\/hashtag.al\/wp-content\/uploads\/2021\/05\/papa.jpg\" alt=\"\" width=\"822\" height=\"527\" srcset=\"https:\/\/www.hashtag.al\/wp-content\/uploads\/2021\/05\/papa.jpg 822w, https:\/\/www.hashtag.al\/wp-content\/uploads\/2021\/05\/papa-300x192.jpg 300w, https:\/\/www.hashtag.al\/wp-content\/uploads\/2021\/05\/papa-768x492.jpg 768w\" sizes=\"auto, (max-width: 822px) 100vw, 822px\" \/><\/span><\/p>\n<p><span style=\"color: #000000;\">Papa Fran\u00e7esku u b\u00ebri thirrje vendeve q\u00eb t\u00eb pranojn\u00eb refugjat\u00ebt afgan\u00eb t\u00eb cil\u00ebt jan\u00eb n\u00eb k\u00ebrkim t\u00eb nj\u00eb jete t\u00eb re.<\/span><\/p>\n<p><span style=\"color: #000000;\">T\u00eb diel\u00ebn (5 shtator) nga Sheshi i Sh\u00ebn Pjetrit n\u00eb Vatikan, Papa Fran\u00e7esku u lut q\u00eb personat e zhvendosur brenda Afganistanit t\u00eb marrin ndihm\u00eb dhe mbrojtje.<\/span><\/p>\n<p><span style=\"color: #000000;\">&#8220;N\u00eb k\u00ebto momente kur afgan\u00ebt po k\u00ebrkojn\u00eb strehim lutem q\u00eb shum\u00eb vende t\u00eb mir\u00ebpresin dhe mbrojn\u00eb t\u00eb gjith\u00eb ata q\u00eb k\u00ebrkojn\u00eb nj\u00eb jet\u00eb t\u00eb re&#8221;, tha Papa Fran\u00e7esku.<\/span><\/p>\n<p><span style=\"color: #000000;\">Shtetet e Bashkuara m\u00eb 30 gusht e kan\u00eb p\u00ebrfunduar t\u00ebrheqjen e plot\u00eb nga Afganistani pas 20 vjet\u00ebsh t\u00eb prezenc\u00ebs ushtarake atje.<\/span><\/p>\n<p><span style=\"color: #000000;\">Vendi tashm\u00eb \u00ebsht\u00eb n\u00ebn kontrollin e taliban\u00ebve dhe shum\u00eb afgan\u00eb e kan\u00eb t\u00eb paqart\u00eb t\u00eb ardhmen e tyre n\u00ebn sundimin taliban.<\/span><\/p>\n<p>&nbsp;<\/p>\n","protected":false,"gt_translate_keys":[{"key":"rendered","format":"html"}]},"excerpt":{"rendered":"<p>Papa Fran\u00e7esku u b\u00ebri thirrje vendeve q\u00eb t\u00eb pranojn\u00eb refugjat\u00ebt afgan\u00eb t\u00eb cil\u00ebt jan\u00eb n\u00eb k\u00ebrkim t\u00eb nj\u00eb jete t\u00eb re. T\u00eb diel\u00ebn (5 shtator) nga Sheshi i Sh\u00ebn Pjetrit n\u00eb Vatikan, Papa Fran\u00e7esku u lut q\u00eb personat e zhvendosur brenda Afganistanit t\u00eb marrin ndihm\u00eb dhe mbrojtje. &#8220;N\u00eb k\u00ebto momente kur afgan\u00ebt po k\u00ebrkojn\u00eb strehim [&hellip;]<\/p>\n","protected":false,"gt_translate_keys":[{"key":"rendered","format":"html"}]},"author":32,"featured_media":448840,"comment_status":"closed","ping_status":"closed","sticky":false,"template":"","format":"standard","meta":{"footnotes":""},"categories":[6,13],"tags":[],"class_list":["post-471288","post","type-post","status-publish","format-standard","has-post-thumbnail","hentry","category-nderkombetare","category-te-fundit"],"gt_translate_keys":[{"key":"link","format":"url"}],"_links":{"self":[{"href":"https:\/\/www.hashtag.al\/index.php\/wp-json\/wp\/v2\/posts\/471288","targetHints":{"allow":["GET"]}}],"collection":[{"href":"https:\/\/www.hashtag.al\/index.php\/wp-json\/wp\/v2\/posts"}],"about":[{"href":"https:\/\/www.hashtag.al\/index.php\/wp-json\/wp\/v2\/types\/post"}],"author":[{"embeddable":true,"href":"https:\/\/www.hashtag.al\/index.php\/wp-json\/wp\/v2\/users\/32"}],"replies":[{"embeddable":true,"href":"https:\/\/www.hashtag.al\/index.php\/wp-json\/wp\/v2\/comments?post=471288"}],"version-history":[{"count":0,"href":"https:\/\/www.hashtag.al\/index.php\/wp-json\/wp\/v2\/posts\/471288\/revisions"}],"wp:featuredmedia":[{"embeddable":true,"href":"https:\/\/www.hashtag.al\/index.php\/wp-json\/wp\/v2\/media\/448840"}],"wp:attachment":[{"href":"https:\/\/www.hashtag.al\/index.php\/wp-json\/wp\/v2\/media?parent=471288"}],"wp:term":[{"taxonomy":"category","embeddable":true,"href":"https:\/\/www.hashtag.al\/index.php\/wp-json\/wp\/v2\/categories?post=471288"},{"taxonomy":"post_tag","embeddable":true,"href":"https:\/\/www.hashtag.al\/index.php\/wp-json\/wp\/v2\/tags?post=471288"}],"curies":[{"name":"wp","href":"https:\/\/api.w.org\/{rel}","templated":true}]}}