{"id":471267,"date":"2021-09-05T11:42:36","date_gmt":"2021-09-05T09:42:36","guid":{"rendered":"https:\/\/hashtag.al\/?p=471267"},"modified":"2021-09-05T11:42:36","modified_gmt":"2021-09-05T09:42:36","slug":"shugurimi-i-mitropolitit-te-kishes-ortodokse-ne-malin-e-zi-perplasje-ne-cetinje","status":"publish","type":"post","link":"https:\/\/www.hashtag.al\/index.php\/2021\/09\/05\/shugurimi-i-mitropolitit-te-kishes-ortodokse-ne-malin-e-zi-perplasje-ne-cetinje\/","title":{"rendered":"Shugurimi i Mitropolitit t\u00eb Kish\u00ebs Ortodokse n\u00eb Malin e Zi, p\u00ebrplasje n\u00eb Cetinj\u00eb","gt_translate_keys":[{"key":"rendered","format":"text"}]},"content":{"rendered":"<p><img loading=\"lazy\" decoding=\"async\" class=\"aligncenter size-full wp-image-471268\" src=\"https:\/\/hashtag.al\/wp-content\/uploads\/2021\/09\/perplasje.png\" alt=\"\" width=\"724\" height=\"418\" srcset=\"https:\/\/www.hashtag.al\/wp-content\/uploads\/2021\/09\/perplasje.png 724w, https:\/\/www.hashtag.al\/wp-content\/uploads\/2021\/09\/perplasje-300x173.png 300w, https:\/\/www.hashtag.al\/wp-content\/uploads\/2021\/09\/perplasje-250x145.png 250w\" sizes=\"auto, (max-width: 724px) 100vw, 724px\" \/><\/p>\n<p><span style=\"color: #000000;\">N\u00eb nj\u00eb situat\u00eb t\u00eb tensionuar, n\u00eb Cetinje t\u00eb Malit t\u00eb Zi \u00ebsht\u00eb mbajtur ceremonia e shugurimit t\u00eb Kreu i Kish\u00ebs Ortodokse Serbe n\u00eb Mal t\u00eb Zi, Joanikije.<\/span><\/p>\n<p><span style=\"color: #000000;\">Patriarku i Kish\u00ebs Ortodokse Serbe, Porfirije, shkroi n\u00eb rrjetin social Instagram se ka b\u00ebr\u00eb shugurimin e Joanikijes duke u lutur p\u00ebr paqen e t\u00eb gjith\u00ebve, paqen e t\u00eb gjith\u00eb bot\u00ebs, dhe mbi t\u00eb gjitha p\u00ebr paqen e k\u00ebtij qyteti.<\/span><\/p>\n<p><span style=\"color: #000000;\">M\u00eb 4 dhe 5 shtator protestuesit kan\u00eb kund\u00ebrshtuar mbajtjen e k\u00ebsaj ceremonie n\u00eb qytetin e Cetinj\u00ebs.<\/span><\/p>\n<p><span style=\"color: #000000;\">Ata dol\u00ebn n\u00eb rrug\u00eb dhe vendos\u00ebn barrikada n\u00eb hyrje t\u00eb qytetit p\u00ebr t\u00eb penguar arritjen e krer\u00ebve t\u00eb Kish\u00ebs Ortodokse Serbe nga Podgorica n\u00eb Cetinje.<\/span><\/p>\n<p><span style=\"color: #000000;\">Por, Porfirije dhe Joanikije u transportuan me helikopter deri n\u00eb Manastirin e Cetinj\u00ebs.<\/span><\/p>\n<p><span style=\"color: #000000;\">Jan\u00eb raportuar edhe p\u00ebrleshje me policin\u00eb malazeze. Forca t\u00eb shumta t\u00eb siguris\u00eb jan\u00eb vendosur n\u00eb qytet.<\/span><\/p>\n<p><span style=\"color: #000000;\">P\u00ebrve\u00e7 ndasive brenda p\u00ebrkrah\u00ebsve t\u00eb Kish\u00ebs Ortodokse Serbe dhe asaj t\u00eb Malit t\u00eb Zi, ceremonia ka nxitur p\u00ebrplasje edhe mes udh\u00ebheq\u00ebsve shtet\u00ebror.<\/span><\/p>\n<p><span style=\"color: #000000;\">Kryeministri i Malit t\u00eb Zi, Zdravko Krivokapiq tha se ngjarjet n\u00eb Cetinje jan\u00eb nj\u00eb p\u00ebrpjekje p\u00ebr veprime terroriste dhe porosit\u00ebsit dhe organizator\u00ebt jan\u00eb udh\u00ebheqja m\u00eb e lart\u00eb e Partis\u00eb Demokratike t\u00eb Socialist\u00ebve n\u00eb bashk\u00ebpunim me grupet e organizuara kriminale.<\/span><\/p>\n<p><span style=\"color: #000000;\">&#8220;Sulmi ndaj policis\u00eb \u00ebsht\u00eb nj\u00eb sulm ndaj shtetit&#8221;, shkroi Krivokapiq n\u00eb rrjetin social Twitter.<\/span><\/p>\n<p><span style=\"color: #000000;\">Krivokapiq vjen nga Fronti Demokratik pro-serb, parti kjo q\u00eb udh\u00ebheq me qeverin\u00eb malazeze, pasi vitin e kaluar rr\u00ebzoi Partin\u00eb Demokratike t\u00eb Socialist\u00ebve, pas 30 vjet\u00ebsh n\u00eb pushtet.<\/span><\/p>\n<p><iframe loading=\"lazy\" src=\"https:\/\/www.evropaelire.org\/embed\/player\/0\/31444374.html?type=video\" width=\"640\" height=\"360\" frameborder=\"0\" scrolling=\"no\" allowfullscreen=\"allowfullscreen\"><\/iframe><\/p>\n","protected":false,"gt_translate_keys":[{"key":"rendered","format":"html"}]},"excerpt":{"rendered":"<p>N\u00eb nj\u00eb situat\u00eb t\u00eb tensionuar, n\u00eb Cetinje t\u00eb Malit t\u00eb Zi \u00ebsht\u00eb mbajtur ceremonia e shugurimit t\u00eb Kreu i Kish\u00ebs Ortodokse Serbe n\u00eb Mal t\u00eb Zi, Joanikije. Patriarku i Kish\u00ebs Ortodokse Serbe, Porfirije, shkroi n\u00eb rrjetin social Instagram se ka b\u00ebr\u00eb shugurimin e Joanikijes duke u lutur p\u00ebr paqen e t\u00eb gjith\u00ebve, paqen e t\u00eb [&hellip;]<\/p>\n","protected":false,"gt_translate_keys":[{"key":"rendered","format":"html"}]},"author":32,"featured_media":471268,"comment_status":"closed","ping_status":"closed","sticky":false,"template":"","format":"standard","meta":{"footnotes":""},"categories":[149,13],"tags":[],"class_list":["post-471267","post","type-post","status-publish","format-standard","has-post-thumbnail","hentry","category-kosoverajon","category-te-fundit"],"gt_translate_keys":[{"key":"link","format":"url"}],"_links":{"self":[{"href":"https:\/\/www.hashtag.al\/index.php\/wp-json\/wp\/v2\/posts\/471267","targetHints":{"allow":["GET"]}}],"collection":[{"href":"https:\/\/www.hashtag.al\/index.php\/wp-json\/wp\/v2\/posts"}],"about":[{"href":"https:\/\/www.hashtag.al\/index.php\/wp-json\/wp\/v2\/types\/post"}],"author":[{"embeddable":true,"href":"https:\/\/www.hashtag.al\/index.php\/wp-json\/wp\/v2\/users\/32"}],"replies":[{"embeddable":true,"href":"https:\/\/www.hashtag.al\/index.php\/wp-json\/wp\/v2\/comments?post=471267"}],"version-history":[{"count":0,"href":"https:\/\/www.hashtag.al\/index.php\/wp-json\/wp\/v2\/posts\/471267\/revisions"}],"wp:featuredmedia":[{"embeddable":true,"href":"https:\/\/www.hashtag.al\/index.php\/wp-json\/wp\/v2\/media\/471268"}],"wp:attachment":[{"href":"https:\/\/www.hashtag.al\/index.php\/wp-json\/wp\/v2\/media?parent=471267"}],"wp:term":[{"taxonomy":"category","embeddable":true,"href":"https:\/\/www.hashtag.al\/index.php\/wp-json\/wp\/v2\/categories?post=471267"},{"taxonomy":"post_tag","embeddable":true,"href":"https:\/\/www.hashtag.al\/index.php\/wp-json\/wp\/v2\/tags?post=471267"}],"curies":[{"name":"wp","href":"https:\/\/api.w.org\/{rel}","templated":true}]}}