{"id":471107,"date":"2021-09-03T21:51:01","date_gmt":"2021-09-03T19:51:01","guid":{"rendered":"https:\/\/hashtag.al\/?p=471107"},"modified":"2021-09-03T21:53:01","modified_gmt":"2021-09-03T19:53:01","slug":"ambasadoret-e-amerikes-dhe-suedise-nisen-drejt-peshkopise","status":"publish","type":"post","link":"https:\/\/www.hashtag.al\/index.php\/2021\/09\/03\/ambasadoret-e-amerikes-dhe-suedise-nisen-drejt-peshkopise\/","title":{"rendered":"Ambasadoret e Amerik\u00ebs dhe Suedis\u00eb nisen drejt Peshkopis\u00eb","gt_translate_keys":[{"key":"rendered","format":"text"}]},"content":{"rendered":"<p><span style=\"color: #000000;\"><img loading=\"lazy\" decoding=\"async\" class=\"aligncenter size-full wp-image-471108\" src=\"https:\/\/hashtag.al\/wp-content\/uploads\/2021\/09\/yurikimpeshkopi.jpg\" alt=\"\" width=\"1242\" height=\"1441\" srcset=\"https:\/\/www.hashtag.al\/wp-content\/uploads\/2021\/09\/yurikimpeshkopi.jpg 1242w, https:\/\/www.hashtag.al\/wp-content\/uploads\/2021\/09\/yurikimpeshkopi-259x300.jpg 259w, https:\/\/www.hashtag.al\/wp-content\/uploads\/2021\/09\/yurikimpeshkopi-768x891.jpg 768w, https:\/\/www.hashtag.al\/wp-content\/uploads\/2021\/09\/yurikimpeshkopi-883x1024.jpg 883w\" sizes=\"auto, (max-width: 1242px) 100vw, 1242px\" \/><\/span><\/p>\n<p><span style=\"color: #000000;\">\u00cbsht\u00eb b\u00ebr\u00eb e shpesht\u00eb p\u00ebr dy ambasadoret, at\u00eb t\u00eb SHBA-ve dhe t\u00eb Suedis\u00eb q\u00eb t\u00eb eksplorojn\u00eb Shqip\u00ebrin\u00eb cep e m\u00eb cep.<\/span><\/p>\n<p><span style=\"color: #000000;\">Yuri Kim dhe Elsa Hastad jan\u00eb nisur drejt Peshkopis\u00eb, ku kan\u00eb takuar banor\u00ebt e zon\u00ebs dhe me k\u00ebnaq\u00ebsi kan\u00eb ndar\u00eb edhe foto n\u00eb profilet e rrjeteve sociale.<\/span><\/p>\n<p><span style=\"color: #000000;\">\u201cVizituam qendr\u00ebn lokale t\u00eb turizmit q\u00eb \u00ebsht\u00eb mund\u00ebsuar me mb\u00ebshtetjen e USAID-it dhe SIDA Sweden. Po ashtu takuam qytetar\u00eb miq\u00ebsor\u00eb p\u00ebrgjat\u00eb ecjes son\u00eb n\u00eb bulevardin kryesor, duke p\u00ebrfshir\u00eb disa zot\u00ebrinj q\u00eb na ftuan p\u00ebr kafe.<\/span><\/p>\n<p><span style=\"color: #000000;\">Faleminderit Ethem Muda, Shukri Konesha, Nuri Sallahu dhe Xhemal Jashari p\u00ebr kafen dhe bised\u00ebn.<\/span><\/p>\n<p><span style=\"color: #000000;\">Biem dakord 100% q\u00eb Dibra ka nj\u00eb potencial t\u00eb madh dhe duhet t\u00eb zhvillohet m\u00eb shum\u00eb.\u201d, shkruan ambasadorja amerikane n\u00eb Tiran\u00eb Yuri Kim.<\/span><\/p>\n<p><span style=\"color: #000000;\"><img loading=\"lazy\" decoding=\"async\" class=\"aligncenter size-full wp-image-471109\" src=\"https:\/\/hashtag.al\/wp-content\/uploads\/2021\/09\/yurikimpeshkopi2.jpg\" alt=\"\" width=\"1242\" height=\"1456\" srcset=\"https:\/\/www.hashtag.al\/wp-content\/uploads\/2021\/09\/yurikimpeshkopi2.jpg 1242w, https:\/\/www.hashtag.al\/wp-content\/uploads\/2021\/09\/yurikimpeshkopi2-256x300.jpg 256w, https:\/\/www.hashtag.al\/wp-content\/uploads\/2021\/09\/yurikimpeshkopi2-768x900.jpg 768w, https:\/\/www.hashtag.al\/wp-content\/uploads\/2021\/09\/yurikimpeshkopi2-873x1024.jpg 873w\" sizes=\"auto, (max-width: 1242px) 100vw, 1242px\" \/><img loading=\"lazy\" decoding=\"async\" class=\"aligncenter size-full wp-image-471110\" src=\"https:\/\/hashtag.al\/wp-content\/uploads\/2021\/09\/yurikimpeshkopi3.jpg\" alt=\"\" width=\"1235\" height=\"1459\" srcset=\"https:\/\/www.hashtag.al\/wp-content\/uploads\/2021\/09\/yurikimpeshkopi3.jpg 1235w, https:\/\/www.hashtag.al\/wp-content\/uploads\/2021\/09\/yurikimpeshkopi3-254x300.jpg 254w, https:\/\/www.hashtag.al\/wp-content\/uploads\/2021\/09\/yurikimpeshkopi3-768x907.jpg 768w, https:\/\/www.hashtag.al\/wp-content\/uploads\/2021\/09\/yurikimpeshkopi3-867x1024.jpg 867w\" sizes=\"auto, (max-width: 1235px) 100vw, 1235px\" \/><\/span><\/p>\n","protected":false,"gt_translate_keys":[{"key":"rendered","format":"html"}]},"excerpt":{"rendered":"<p>\u00cbsht\u00eb b\u00ebr\u00eb e shpesht\u00eb p\u00ebr dy ambasadoret, at\u00eb t\u00eb SHBA-ve dhe t\u00eb Suedis\u00eb q\u00eb t\u00eb eksplorojn\u00eb Shqip\u00ebrin\u00eb cep e m\u00eb cep. Yuri Kim dhe Elsa Hastad jan\u00eb nisur drejt Peshkopis\u00eb, ku kan\u00eb takuar banor\u00ebt e zon\u00ebs dhe me k\u00ebnaq\u00ebsi kan\u00eb ndar\u00eb edhe foto n\u00eb profilet e rrjeteve sociale. \u201cVizituam qendr\u00ebn lokale t\u00eb turizmit q\u00eb \u00ebsht\u00eb [&hellip;]<\/p>\n","protected":false,"gt_translate_keys":[{"key":"rendered","format":"html"}]},"author":51,"featured_media":471109,"comment_status":"closed","ping_status":"closed","sticky":false,"template":"","format":"standard","meta":{"footnotes":""},"categories":[65],"tags":[],"class_list":["post-471107","post","type-post","status-publish","format-standard","has-post-thumbnail","hentry","category-lajme"],"gt_translate_keys":[{"key":"link","format":"url"}],"_links":{"self":[{"href":"https:\/\/www.hashtag.al\/index.php\/wp-json\/wp\/v2\/posts\/471107","targetHints":{"allow":["GET"]}}],"collection":[{"href":"https:\/\/www.hashtag.al\/index.php\/wp-json\/wp\/v2\/posts"}],"about":[{"href":"https:\/\/www.hashtag.al\/index.php\/wp-json\/wp\/v2\/types\/post"}],"author":[{"embeddable":true,"href":"https:\/\/www.hashtag.al\/index.php\/wp-json\/wp\/v2\/users\/51"}],"replies":[{"embeddable":true,"href":"https:\/\/www.hashtag.al\/index.php\/wp-json\/wp\/v2\/comments?post=471107"}],"version-history":[{"count":0,"href":"https:\/\/www.hashtag.al\/index.php\/wp-json\/wp\/v2\/posts\/471107\/revisions"}],"wp:featuredmedia":[{"embeddable":true,"href":"https:\/\/www.hashtag.al\/index.php\/wp-json\/wp\/v2\/media\/471109"}],"wp:attachment":[{"href":"https:\/\/www.hashtag.al\/index.php\/wp-json\/wp\/v2\/media?parent=471107"}],"wp:term":[{"taxonomy":"category","embeddable":true,"href":"https:\/\/www.hashtag.al\/index.php\/wp-json\/wp\/v2\/categories?post=471107"},{"taxonomy":"post_tag","embeddable":true,"href":"https:\/\/www.hashtag.al\/index.php\/wp-json\/wp\/v2\/tags?post=471107"}],"curies":[{"name":"wp","href":"https:\/\/api.w.org\/{rel}","templated":true}]}}