{"id":471105,"date":"2021-09-03T21:40:36","date_gmt":"2021-09-03T19:40:36","guid":{"rendered":"https:\/\/hashtag.al\/?p=471105"},"modified":"2021-09-03T21:40:36","modified_gmt":"2021-09-03T19:40:36","slug":"dyshohet-per-vetevrasje-ne-linze-ngjarja-para-pak-minutash","status":"publish","type":"post","link":"https:\/\/www.hashtag.al\/index.php\/2021\/09\/03\/dyshohet-per-vetevrasje-ne-linze-ngjarja-para-pak-minutash\/","title":{"rendered":"Dyshohet p\u00ebr vet\u00ebvrasje n\u00eb Linz\u00eb, ngjarja para pak minutash","gt_translate_keys":[{"key":"rendered","format":"text"}]},"content":{"rendered":"<p><img loading=\"lazy\" decoding=\"async\" class=\"aligncenter  wp-image-463540\" src=\"https:\/\/hashtag.al\/wp-content\/uploads\/2021\/07\/pistolete.jpg\" alt=\"\" width=\"979\" height=\"653\" srcset=\"https:\/\/www.hashtag.al\/wp-content\/uploads\/2021\/07\/pistolete.jpg 640w, https:\/\/www.hashtag.al\/wp-content\/uploads\/2021\/07\/pistolete-300x200.jpg 300w\" sizes=\"auto, (max-width: 979px) 100vw, 979px\" \/><\/p>\n<p><span style=\"color: #000000;\">Nj\u00eb vet\u00ebvrasje me pistolet\u00eb dyshohet sa ka ndodhur n\u00eb Linz\u00eb, n\u00eb periferi t\u00eb Tiran\u00ebs.<\/span><\/p>\n<p><span style=\"color: #000000;\">\u201cM\u00eb dat\u00eb 03.09.2021, rreth or\u00ebs 20:55, n\u00eb Linz\u00eb, dyshohet se \u00ebsht\u00eb vet\u00ebvrar\u00eb me arm\u00eb zjarri pistolet\u00eb shtetasi L. T., 59 vje\u00e7.<\/span><\/p>\n<p><span style=\"color: #000000;\">Grupi hetimor ndodhet n\u00eb vendngjarje dhe po punon p\u00ebr sqarimin e rrethanave t\u00eb ngjarjes.\u201d, jep detajet e para policia.<\/span><\/p>\n","protected":false,"gt_translate_keys":[{"key":"rendered","format":"html"}]},"excerpt":{"rendered":"<p>Nj\u00eb vet\u00ebvrasje me pistolet\u00eb dyshohet sa ka ndodhur n\u00eb Linz\u00eb, n\u00eb periferi t\u00eb Tiran\u00ebs. \u201cM\u00eb dat\u00eb 03.09.2021, rreth or\u00ebs 20:55, n\u00eb Linz\u00eb, dyshohet se \u00ebsht\u00eb vet\u00ebvrar\u00eb me arm\u00eb zjarri pistolet\u00eb shtetasi L. T., 59 vje\u00e7. Grupi hetimor ndodhet n\u00eb vendngjarje dhe po punon p\u00ebr sqarimin e rrethanave t\u00eb ngjarjes.\u201d, jep detajet e para policia.<\/p>\n","protected":false,"gt_translate_keys":[{"key":"rendered","format":"html"}]},"author":51,"featured_media":463540,"comment_status":"closed","ping_status":"closed","sticky":false,"template":"","format":"standard","meta":{"footnotes":""},"categories":[65,13],"tags":[],"class_list":["post-471105","post","type-post","status-publish","format-standard","has-post-thumbnail","hentry","category-lajme","category-te-fundit"],"gt_translate_keys":[{"key":"link","format":"url"}],"_links":{"self":[{"href":"https:\/\/www.hashtag.al\/index.php\/wp-json\/wp\/v2\/posts\/471105","targetHints":{"allow":["GET"]}}],"collection":[{"href":"https:\/\/www.hashtag.al\/index.php\/wp-json\/wp\/v2\/posts"}],"about":[{"href":"https:\/\/www.hashtag.al\/index.php\/wp-json\/wp\/v2\/types\/post"}],"author":[{"embeddable":true,"href":"https:\/\/www.hashtag.al\/index.php\/wp-json\/wp\/v2\/users\/51"}],"replies":[{"embeddable":true,"href":"https:\/\/www.hashtag.al\/index.php\/wp-json\/wp\/v2\/comments?post=471105"}],"version-history":[{"count":0,"href":"https:\/\/www.hashtag.al\/index.php\/wp-json\/wp\/v2\/posts\/471105\/revisions"}],"wp:featuredmedia":[{"embeddable":true,"href":"https:\/\/www.hashtag.al\/index.php\/wp-json\/wp\/v2\/media\/463540"}],"wp:attachment":[{"href":"https:\/\/www.hashtag.al\/index.php\/wp-json\/wp\/v2\/media?parent=471105"}],"wp:term":[{"taxonomy":"category","embeddable":true,"href":"https:\/\/www.hashtag.al\/index.php\/wp-json\/wp\/v2\/categories?post=471105"},{"taxonomy":"post_tag","embeddable":true,"href":"https:\/\/www.hashtag.al\/index.php\/wp-json\/wp\/v2\/tags?post=471105"}],"curies":[{"name":"wp","href":"https:\/\/api.w.org\/{rel}","templated":true}]}}