{"id":471083,"date":"2021-09-03T18:05:25","date_gmt":"2021-09-03T16:05:25","guid":{"rendered":"https:\/\/hashtag.al\/?p=471083"},"modified":"2021-09-03T18:05:25","modified_gmt":"2021-09-03T16:05:25","slug":"pastori-pano-perfundon-tek-komisioneri-kunder-diskriminimit-rigjallerohet-debati-me-komunitetin-lgbti","status":"publish","type":"post","link":"https:\/\/www.hashtag.al\/index.php\/2021\/09\/03\/pastori-pano-perfundon-tek-komisioneri-kunder-diskriminimit-rigjallerohet-debati-me-komunitetin-lgbti\/","title":{"rendered":"Pastori Pano p\u00ebrfundon tek Komisioneri kund\u00ebr Diskriminimit, rigjall\u00ebrohet debati me komunitetin LGBTI+","gt_translate_keys":[{"key":"rendered","format":"text"}]},"content":{"rendered":"<p><span style=\"color: #000000;\"><img loading=\"lazy\" decoding=\"async\" class=\"aligncenter  wp-image-471084\" src=\"https:\/\/hashtag.al\/wp-content\/uploads\/2021\/09\/xhenikarajakilpano.jpg\" alt=\"\" width=\"971\" height=\"558\" srcset=\"https:\/\/www.hashtag.al\/wp-content\/uploads\/2021\/09\/xhenikarajakilpano.jpg 802w, https:\/\/www.hashtag.al\/wp-content\/uploads\/2021\/09\/xhenikarajakilpano-300x172.jpg 300w, https:\/\/www.hashtag.al\/wp-content\/uploads\/2021\/09\/xhenikarajakilpano-768x441.jpg 768w, https:\/\/www.hashtag.al\/wp-content\/uploads\/2021\/09\/xhenikarajakilpano-250x145.jpg 250w\" sizes=\"auto, (max-width: 971px) 100vw, 971px\" \/><\/span><\/p>\n<p><span style=\"color: #000000;\">\u201cAleanca LGBT\u201d \u00e7on te Komisioneri p\u00ebr Mbrojtjen kund\u00ebr Diskriminimit pastorin Akil Pano p\u00ebr p\u00ebrdorimin e gjuh\u00ebs s\u00eb urrejtjes dhe t\u00eb diskriminimit.<\/span><\/p>\n<p><span style=\"color: #000000;\">\u201cZoti Akil Pano, pastor i Kish\u00ebs \u201cUngjilli i Krishtit\u201d ka nisur nj\u00eb fushat\u00eb keqinformimi t\u00eb mbushur me gjuh\u00eb urrejtjeje ndaj komunitetit LGBTI+, duke p\u00ebrdorur median, rrjetet sociale dhe mb\u00ebshtetjen e ndjek\u00ebsve t\u00eb tij. N\u00eb daljen publike t\u00eb dat\u00ebs 02.09.2021, Z. Akil Pano na akuzoi se kishim nd\u00ebrtuar nj\u00eb ankes\u00eb p\u00ebr diskriminim dhe gjuh\u00eb urrejtjeje ndaj tij mbi deklarata t\u00eb nxjerra nga konteksti. N\u00eb fakt, ankesa jon\u00eb bazohet vet\u00ebm n\u00eb fakte t\u00eb njohura publikisht, leht\u00ebsisht t\u00eb verifikueshme dhe n\u00eb argumente t\u00eb mb\u00ebshtetura n\u00eb ligj.\u201d, deklaron \u201cAleanca LGBT\u201d.<\/span><\/p>\n<p><span style=\"color: #000000;\">Sipas aleanc\u00ebs \u201ct\u00eb qenurit personazh publik, me apo pa d\u00ebshir\u00eb e vendos pastorin Akil Pano n\u00eb nj\u00eb pozicion t\u00eb ndrysh\u00ebm nga ai i nj\u00eb individi t\u00eb panjohur p\u00ebr publikun, p\u00ebr faktin e thjesht\u00eb se ka t\u00eb gjitha mund\u00ebsit\u00eb t\u00eb ndikoj\u00eb opinionin dhe kuptimin e mas\u00ebs, duke e nxitur at\u00eb drejt mendimeve e sjelljeve paragjykuese, diskriminuese dhe t\u00eb dhunshme ndaj komunitetit LGBTI+. N\u00eb faqen e vet n\u00eb facebook, idhtar\u00ebt e kish\u00ebs s\u00eb pastorit q\u00eb duhet t\u00eb ishte nj\u00eb institucion fetar ku promovohet dashuria p\u00ebr njeriun, n\u00eb m\u00ebnyr\u00eb t\u00eb p\u00ebrs\u00ebritur fyejn\u00eb dhe b\u00ebjn\u00eb thirrje p\u00ebr urrejtje ndaj komunitetit LGBTI+, duke u larguar k\u00ebshtu nga fryma disa shekullore e feve n\u00eb Shqip\u00ebri q\u00eb nuk i fryjn\u00eb asnj\u00eb zjarri p\u00ebrjashtues\u201d.<\/span><\/p>\n<div id=\"attachment_471085\" style=\"width: 981px\" class=\"wp-caption aligncenter\"><img loading=\"lazy\" decoding=\"async\" aria-describedby=\"caption-attachment-471085\" class=\"wp-image-471085\" src=\"https:\/\/hashtag.al\/wp-content\/uploads\/2021\/09\/akilpanodeklarata.jpg\" alt=\"\" width=\"971\" height=\"968\" srcset=\"https:\/\/www.hashtag.al\/wp-content\/uploads\/2021\/09\/akilpanodeklarata.jpg 661w, https:\/\/www.hashtag.al\/wp-content\/uploads\/2021\/09\/akilpanodeklarata-150x150.jpg 150w, https:\/\/www.hashtag.al\/wp-content\/uploads\/2021\/09\/akilpanodeklarata-300x300.jpg 300w, https:\/\/www.hashtag.al\/wp-content\/uploads\/2021\/09\/akilpanodeklarata-180x180.jpg 180w, https:\/\/www.hashtag.al\/wp-content\/uploads\/2021\/09\/akilpanodeklarata-80x80.jpg 80w\" sizes=\"auto, (max-width: 971px) 100vw, 971px\" \/><p id=\"caption-attachment-471085\" class=\"wp-caption-text\"><\/span> <span style=\"color: #000000;\"><em>Deklarata e Panos sipas komunitetit LGBTI+, fjal\u00ebt e kuqe pretendohen si diskriminuese e me urrejtje<\/em><\/span><\/p><\/div>\n<p><span style=\"color: #000000;\">Pastori Pano thot\u00eb se seanca d\u00ebgjimore c\u00ebnoi r\u00ebnd\u00eb lirin\u00eb e fjal\u00ebs dhe besimit.<\/span><\/p>\n<p><span style=\"color: #000000;\">\u201cDje n\u00eb or\u00ebn 10:00 do t\u00eb zhvillohej seanca d\u00ebgjimore tek Institucioni i Komisionerit Kund\u00ebr Diskriminimit mbi hetimin e nisur ndaj meje p\u00ebr diskriminim, mbi pretendimet e Komisionerit dhe grupit LGBTQI+ n\u00eb daljet e mia publike n\u00eb mbrojtje t\u00eb familjes n\u00eb debatin mbi z\u00ebvend\u00ebsimin e fjal\u00ebs N\u00cbN\u00cb dhe BABA me PRINDI 1 dhe PRINDI 2.<\/span><\/p>\n<p><span style=\"color: #000000;\">Komisioneri n\u00eb shkelje t\u00eb plot\u00eb t\u00eb ligjit dhe pro\u00e7edurave, duke thyer parimet e pavar\u00ebsis\u00eb, paan\u00ebsis\u00eb, drejt\u00ebsis\u00eb, transparenc\u00ebs dhe t\u00eb drejt\u00ebs p\u00ebr informim publik, imponoi nj\u00eb seanc\u00eb antiligjore me dyer t\u00eb mbyllura ku nuk lejoi jo vet\u00ebm median por as avokatin tim, megjith\u00eb detyrimet ligjore t\u00eb p\u00ebrcaktuara shprehimisht n\u00eb Nenin 40 \u201cSeanca D\u00ebgjimore Publike.\u201d, shprehet Pano.<\/span><\/p>\n<p><span style=\"color: #000000;\">Sipas tij \u201ckjo ngjarje e sh\u00ebmtuar nuk \u00ebsht\u00eb nj\u00eb goditje vet\u00ebm ndaj nj\u00eb Pastori q\u00eb i q\u00ebndron besnik besimit dhe mbrojtjes s\u00eb fjal\u00ebs s\u00eb lir\u00eb, por ndaj vet\u00eb konceptimit t\u00eb ligjit si paanshm\u00ebri, ndaj \u00e7do qytetari t\u00eb lir\u00eb teist apo ateist, ndaj \u00e7do kleriku dhe sigurisht, ndaj institucioneve t\u00eb cilat jan\u00eb n\u00eb sh\u00ebrbim t\u00eb qytetar\u00ebve dhe ligjit.\u201d<\/span><\/p>\n<p><span style=\"color: #000000;\">\u201cSot un\u00eb dhe t\u00eb gjith\u00eb ne p\u00ebrballemi me nevoj\u00ebn t\u00eb mbrojm\u00eb \u00e7ka kemi m\u00eb t\u00eb \u00e7muar n\u00eb k\u00ebt\u00eb jet\u00eb: \u00a0lirin\u00eb dhe familjen<\/span><span style=\"color: #000000;\">.\u201d, p\u00ebrfundon Pano.<\/span><\/p>\n<p><span style=\"color: #000000;\">Pastori Pano thot\u00eb se gjith\u00e7ka \u00ebsht\u00eb e inskenuar dhe se jan\u00eb shk\u00ebputur fjal\u00eb dhe nocione dhe u jan\u00eb vendosur interpretime t\u00eb reja.<\/span><\/p>\n","protected":false,"gt_translate_keys":[{"key":"rendered","format":"html"}]},"excerpt":{"rendered":"<p>\u201cAleanca LGBT\u201d \u00e7on te Komisioneri p\u00ebr Mbrojtjen kund\u00ebr Diskriminimit pastorin Akil Pano p\u00ebr p\u00ebrdorimin e gjuh\u00ebs s\u00eb urrejtjes dhe t\u00eb diskriminimit. \u201cZoti Akil Pano, pastor i Kish\u00ebs \u201cUngjilli i Krishtit\u201d ka nisur nj\u00eb fushat\u00eb keqinformimi t\u00eb mbushur me gjuh\u00eb urrejtjeje ndaj komunitetit LGBTI+, duke p\u00ebrdorur median, rrjetet sociale dhe mb\u00ebshtetjen e ndjek\u00ebsve t\u00eb tij. N\u00eb [&hellip;]<\/p>\n","protected":false,"gt_translate_keys":[{"key":"rendered","format":"html"}]},"author":51,"featured_media":471084,"comment_status":"closed","ping_status":"closed","sticky":false,"template":"","format":"standard","meta":{"footnotes":""},"categories":[65],"tags":[],"class_list":["post-471083","post","type-post","status-publish","format-standard","has-post-thumbnail","hentry","category-lajme"],"gt_translate_keys":[{"key":"link","format":"url"}],"_links":{"self":[{"href":"https:\/\/www.hashtag.al\/index.php\/wp-json\/wp\/v2\/posts\/471083","targetHints":{"allow":["GET"]}}],"collection":[{"href":"https:\/\/www.hashtag.al\/index.php\/wp-json\/wp\/v2\/posts"}],"about":[{"href":"https:\/\/www.hashtag.al\/index.php\/wp-json\/wp\/v2\/types\/post"}],"author":[{"embeddable":true,"href":"https:\/\/www.hashtag.al\/index.php\/wp-json\/wp\/v2\/users\/51"}],"replies":[{"embeddable":true,"href":"https:\/\/www.hashtag.al\/index.php\/wp-json\/wp\/v2\/comments?post=471083"}],"version-history":[{"count":0,"href":"https:\/\/www.hashtag.al\/index.php\/wp-json\/wp\/v2\/posts\/471083\/revisions"}],"wp:featuredmedia":[{"embeddable":true,"href":"https:\/\/www.hashtag.al\/index.php\/wp-json\/wp\/v2\/media\/471084"}],"wp:attachment":[{"href":"https:\/\/www.hashtag.al\/index.php\/wp-json\/wp\/v2\/media?parent=471083"}],"wp:term":[{"taxonomy":"category","embeddable":true,"href":"https:\/\/www.hashtag.al\/index.php\/wp-json\/wp\/v2\/categories?post=471083"},{"taxonomy":"post_tag","embeddable":true,"href":"https:\/\/www.hashtag.al\/index.php\/wp-json\/wp\/v2\/tags?post=471083"}],"curies":[{"name":"wp","href":"https:\/\/api.w.org\/{rel}","templated":true}]}}