{"id":471081,"date":"2021-09-03T16:57:44","date_gmt":"2021-09-03T14:57:44","guid":{"rendered":"https:\/\/hashtag.al\/?p=471081"},"modified":"2021-09-03T16:57:44","modified_gmt":"2021-09-03T14:57:44","slug":"meta-thellesisht-i-shqetesuar-per-largimin-e-60-mije-femijeve-nga-shqiperia","status":"publish","type":"post","link":"https:\/\/www.hashtag.al\/index.php\/2021\/09\/03\/meta-thellesisht-i-shqetesuar-per-largimin-e-60-mije-femijeve-nga-shqiperia\/","title":{"rendered":"Meta: Thell\u00ebsisht i shqet\u00ebsuar p\u00ebr largimin e 60 mij\u00eb f\u00ebmij\u00ebve nga Shqip\u00ebria","gt_translate_keys":[{"key":"rendered","format":"text"}]},"content":{"rendered":"<p><span style=\"color: #000000;\"><img loading=\"lazy\" decoding=\"async\" class=\"aligncenter size-full wp-image-372702\" src=\"https:\/\/hashtag.al\/wp-content\/uploads\/2020\/05\/Meta-Ilir.jpeg\" alt=\"\" width=\"1024\" height=\"746\" srcset=\"https:\/\/www.hashtag.al\/wp-content\/uploads\/2020\/05\/Meta-Ilir.jpeg 1024w, https:\/\/www.hashtag.al\/wp-content\/uploads\/2020\/05\/Meta-Ilir-300x219.jpeg 300w, https:\/\/www.hashtag.al\/wp-content\/uploads\/2020\/05\/Meta-Ilir-768x560.jpeg 768w\" sizes=\"auto, (max-width: 1024px) 100vw, 1024px\" \/><\/span><\/p>\n<p><span style=\"color: #000000;\">Presidenti Ilir Meta reagon lidhur me t\u00eb dh\u00ebnat e \u201cEurostat\u201d-it p\u00ebr numrin e f\u00ebmij\u00ebve q\u00eb kan\u00eb braktisur Shqip\u00ebrin\u00eb n\u00eb 10 vitet e fundit.<\/span><\/p>\n<p><span style=\"color: #000000;\">\u201cSipas t\u00eb dh\u00ebnave t\u00eb b\u00ebra publike nga EUROSTAT, mbi 60.000 f\u00ebmij\u00eb jan\u00eb larguar nga Shqip\u00ebria dhe kan\u00eb k\u00ebrkuar azil p\u00ebr her\u00eb t\u00eb par\u00eb n\u00eb nj\u00eb vend t\u00eb BE-s\u00eb gjat\u00eb 10 viteve t\u00eb fundit (2011-2020).<\/span><\/p>\n<p><span style=\"color: #000000;\">Mbi 82 p\u00ebrqind e tyre jan\u00eb n\u00ebn mosh\u00ebn 14 vje\u00e7.<\/span><\/p>\n<p><span style=\"color: #000000;\">Thell\u00ebsisht i shqet\u00ebsuar p\u00ebr k\u00ebt\u00eb largim masiv t\u00eb f\u00ebmij\u00ebve nga Shqip\u00ebria, ve\u00e7an\u00ebrisht p\u00ebr faktin se destinacioni i tyre final \u00ebsht\u00eb i paqart\u00eb, e mb\u00ebshtes k\u00ebrkes\u00ebn e CRCA\/ECPAT dhe inkurajoj ngritjen e nj\u00eb Komisioni Hetimor Parlamentar, me hapjen e Kuvendit t\u00eb ri, p\u00ebr t\u00eb hetuar gjendjen dhe vendodhjen e tyre, analizuar arsyet dhe p\u00ebrgjegj\u00ebsit, si dhe rekomanduar masat efikase me q\u00ebllim nd\u00ebrtimin e nj\u00eb strategjie konkrete shtet\u00ebrore p\u00ebr ndalimin e k\u00ebtij fenomeni t\u00eb rreziksh\u00ebm.\u201d, shkruan Meta, duke shp\u00ebrndar\u00eb edhe shkrimin e detajuar t\u00eb <a href=\"https:\/\/www.crca.al\/sq\/barnhaus-free-legal-aid-vepro-per-femijet-news-press-release-justice-juveniles-child-protection\/ku?fbclid=IwAR3htwUm6li4dYkLhfbZaSbdJw2N1TQg-SOI4pR1pXDvvxL9SVMxD4Bh6qQ\"><span style=\"color: #0000ff;\"><strong>OJF-s\u00eb<\/strong><\/span><\/a> q\u00eb merret me t\u00eb drejtat e f\u00ebmij\u00ebve.<\/span><\/p>\n<p><span style=\"color: #000000;\">Meta shprehet se duhet t\u00eb b\u00ebjm\u00eb gjith\u00e7ka p\u00ebr f\u00ebmij\u00ebt dhe t\u00eb rinjt\u00eb shqiptar\u00eb, \u201cp\u00ebr t\u00eb mbrojtur jet\u00ebn dhe sh\u00ebndetin e tyre, duke rikthyer besimin dhe garantuar mund\u00ebsi dhe hap\u00ebsira t\u00eb reja, p\u00ebr t&#8217;u ndjer\u00eb plot\u00ebsisht t\u00eb realizuar, p\u00ebr t\u00eb nd\u00ebrtuar t\u00eb ardhmen e tyre t\u00eb sigurt europiane n\u00eb Atdhe\u201d.<\/span><\/p>\n<p><span style=\"color: #000000;\">S\u00eb fundmi kryeministri Edi Rama njoftoi se krijoi nj\u00eb ministri t\u00eb re, at\u00eb t\u00eb Rinis\u00eb dhe t\u00eb F\u00ebmij\u00ebve.<\/span><\/p>\n","protected":false,"gt_translate_keys":[{"key":"rendered","format":"html"}]},"excerpt":{"rendered":"<p>Presidenti Ilir Meta reagon lidhur me t\u00eb dh\u00ebnat e \u201cEurostat\u201d-it p\u00ebr numrin e f\u00ebmij\u00ebve q\u00eb kan\u00eb braktisur Shqip\u00ebrin\u00eb n\u00eb 10 vitet e fundit. \u201cSipas t\u00eb dh\u00ebnave t\u00eb b\u00ebra publike nga EUROSTAT, mbi 60.000 f\u00ebmij\u00eb jan\u00eb larguar nga Shqip\u00ebria dhe kan\u00eb k\u00ebrkuar azil p\u00ebr her\u00eb t\u00eb par\u00eb n\u00eb nj\u00eb vend t\u00eb BE-s\u00eb gjat\u00eb 10 viteve t\u00eb [&hellip;]<\/p>\n","protected":false,"gt_translate_keys":[{"key":"rendered","format":"html"}]},"author":51,"featured_media":445212,"comment_status":"closed","ping_status":"closed","sticky":false,"template":"","format":"standard","meta":{"footnotes":""},"categories":[65],"tags":[],"class_list":["post-471081","post","type-post","status-publish","format-standard","has-post-thumbnail","hentry","category-lajme"],"gt_translate_keys":[{"key":"link","format":"url"}],"_links":{"self":[{"href":"https:\/\/www.hashtag.al\/index.php\/wp-json\/wp\/v2\/posts\/471081","targetHints":{"allow":["GET"]}}],"collection":[{"href":"https:\/\/www.hashtag.al\/index.php\/wp-json\/wp\/v2\/posts"}],"about":[{"href":"https:\/\/www.hashtag.al\/index.php\/wp-json\/wp\/v2\/types\/post"}],"author":[{"embeddable":true,"href":"https:\/\/www.hashtag.al\/index.php\/wp-json\/wp\/v2\/users\/51"}],"replies":[{"embeddable":true,"href":"https:\/\/www.hashtag.al\/index.php\/wp-json\/wp\/v2\/comments?post=471081"}],"version-history":[{"count":0,"href":"https:\/\/www.hashtag.al\/index.php\/wp-json\/wp\/v2\/posts\/471081\/revisions"}],"wp:featuredmedia":[{"embeddable":true,"href":"https:\/\/www.hashtag.al\/index.php\/wp-json\/wp\/v2\/media\/445212"}],"wp:attachment":[{"href":"https:\/\/www.hashtag.al\/index.php\/wp-json\/wp\/v2\/media?parent=471081"}],"wp:term":[{"taxonomy":"category","embeddable":true,"href":"https:\/\/www.hashtag.al\/index.php\/wp-json\/wp\/v2\/categories?post=471081"},{"taxonomy":"post_tag","embeddable":true,"href":"https:\/\/www.hashtag.al\/index.php\/wp-json\/wp\/v2\/tags?post=471081"}],"curies":[{"name":"wp","href":"https:\/\/api.w.org\/{rel}","templated":true}]}}