{"id":471019,"date":"2021-09-03T13:28:03","date_gmt":"2021-09-03T11:28:03","guid":{"rendered":"https:\/\/hashtag.al\/?p=471019"},"modified":"2021-09-03T12:35:50","modified_gmt":"2021-09-03T10:35:50","slug":"mjaft-gazeta-e-rendesishme-australiane-del-kunder-masave-te-qeverise-per-covid-19","status":"publish","type":"post","link":"https:\/\/www.hashtag.al\/index.php\/2021\/09\/03\/mjaft-gazeta-e-rendesishme-australiane-del-kunder-masave-te-qeverise-per-covid-19\/","title":{"rendered":"&#8220;Mjaft&#8221; &#8211; Gazeta e r\u00ebnd\u00ebsishme australiane del kund\u00ebr masave t\u00eb qeveris\u00eb p\u00ebr Covid-19","gt_translate_keys":[{"key":"rendered","format":"text"}]},"content":{"rendered":"<p><span style=\"color: #000000;\"><img loading=\"lazy\" decoding=\"async\" class=\"aligncenter size-full wp-image-471028\" src=\"https:\/\/hashtag.al\/wp-content\/uploads\/2021\/09\/australicovid.jpg\" alt=\"\" width=\"980\" height=\"551\" srcset=\"https:\/\/www.hashtag.al\/wp-content\/uploads\/2021\/09\/australicovid.jpg 980w, https:\/\/www.hashtag.al\/wp-content\/uploads\/2021\/09\/australicovid-300x169.jpg 300w, https:\/\/www.hashtag.al\/wp-content\/uploads\/2021\/09\/australicovid-768x432.jpg 768w\" sizes=\"auto, (max-width: 980px) 100vw, 980px\" \/><\/span><\/p>\n<p><span style=\"color: #000000;\">Gazeta australiane \u2018The Age\u2019 ka ndezur nj\u00eb ndarje t\u00eb re n\u00eb Victoria pasi botoi nj\u00eb artikull t\u00eb gjer\u00eb editorial q\u00eb kritikonte ashp\u00ebr m\u00ebnyr\u00ebn sesi qeveria trajtoi pandemin\u00eb Covid-19 si dhe shtimin e masave.<\/span><\/p>\n<p><span style=\"color: #000000;\">Gazeta botoi nj\u00eb editorial me titullin \u2018Victoria nuk mund t\u00eb vazhdoj\u00eb k\u00ebshtu\u2019. Media kritikoi ashp\u00ebr kryeministrin e Victorias, Daniel Andrews p\u00ebr shtrirjen e masave t\u00eb ashpra t\u00eb bllokimit dhe munges\u00ebn e provave p\u00ebr t&#8217;i mb\u00ebshtetur ato.<\/span><\/p>\n<p><span style=\"color: #000000;\"><em>&#8220;Vjen nj\u00eb pik\u00eb dhe besojm\u00eb se ajo pik\u00eb \u00ebsht\u00eb arritur, ku d\u00ebmi i shkaktuar nga bllokimet m\u00eb t\u00eb ashpra dhe m\u00eb t\u00eb gjata n\u00eb vend duhet t\u00eb faktorizohet m\u00eb seriozisht,&#8221;<\/em> thuhet n\u00eb editorial.<\/span><\/p>\n<p><span style=\"color: #000000;\">N\u00eb mediat sociale, ajo menj\u00ebher\u00eb ndezi nj\u00eb ndarje n\u00eb Victorian tashm\u00eb t\u00eb polarizuar, mes atyre q\u00eb mb\u00ebshtesin bllokimet e vazhdueshme t\u00eb kryeministrit dhe atyre q\u00eb i kund\u00ebrshtojn\u00eb ato.<\/span><\/p>\n<p><span style=\"color: #000000;\">Gazeta vuri n\u00eb dukje l\u00ebshimet q\u00eb Andrews tha se do t\u00eb b\u00ebheshin pasi t\u00eb arrinte nj\u00eb norm\u00eb vaksinimi prej 70%, si\u00e7 \u00ebsht\u00eb shtrirja e distanc\u00ebs s\u00eb lejuar t\u00eb udh\u00ebtimit n\u00eb 10 kilometra nga 5 q\u00eb \u00ebsht\u00eb tani, por n\u00ebnkuptoi se ato nuk ishin t\u00eb mjaftueshme.<\/span><\/p>\n","protected":false,"gt_translate_keys":[{"key":"rendered","format":"html"}]},"excerpt":{"rendered":"<p>Gazeta australiane \u2018The Age\u2019 ka ndezur nj\u00eb ndarje t\u00eb re n\u00eb Victoria pasi botoi nj\u00eb artikull t\u00eb gjer\u00eb editorial q\u00eb kritikonte ashp\u00ebr m\u00ebnyr\u00ebn sesi qeveria trajtoi pandemin\u00eb Covid-19 si dhe shtimin e masave. Gazeta botoi nj\u00eb editorial me titullin \u2018Victoria nuk mund t\u00eb vazhdoj\u00eb k\u00ebshtu\u2019. Media kritikoi ashp\u00ebr kryeministrin e Victorias, Daniel Andrews p\u00ebr shtrirjen [&hellip;]<\/p>\n","protected":false,"gt_translate_keys":[{"key":"rendered","format":"html"}]},"author":51,"featured_media":471028,"comment_status":"closed","ping_status":"closed","sticky":false,"template":"","format":"standard","meta":{"footnotes":""},"categories":[53],"tags":[],"class_list":["post-471019","post","type-post","status-publish","format-standard","has-post-thumbnail","hentry","category-fast-foodi"],"gt_translate_keys":[{"key":"link","format":"url"}],"_links":{"self":[{"href":"https:\/\/www.hashtag.al\/index.php\/wp-json\/wp\/v2\/posts\/471019","targetHints":{"allow":["GET"]}}],"collection":[{"href":"https:\/\/www.hashtag.al\/index.php\/wp-json\/wp\/v2\/posts"}],"about":[{"href":"https:\/\/www.hashtag.al\/index.php\/wp-json\/wp\/v2\/types\/post"}],"author":[{"embeddable":true,"href":"https:\/\/www.hashtag.al\/index.php\/wp-json\/wp\/v2\/users\/51"}],"replies":[{"embeddable":true,"href":"https:\/\/www.hashtag.al\/index.php\/wp-json\/wp\/v2\/comments?post=471019"}],"version-history":[{"count":0,"href":"https:\/\/www.hashtag.al\/index.php\/wp-json\/wp\/v2\/posts\/471019\/revisions"}],"wp:featuredmedia":[{"embeddable":true,"href":"https:\/\/www.hashtag.al\/index.php\/wp-json\/wp\/v2\/media\/471028"}],"wp:attachment":[{"href":"https:\/\/www.hashtag.al\/index.php\/wp-json\/wp\/v2\/media?parent=471019"}],"wp:term":[{"taxonomy":"category","embeddable":true,"href":"https:\/\/www.hashtag.al\/index.php\/wp-json\/wp\/v2\/categories?post=471019"},{"taxonomy":"post_tag","embeddable":true,"href":"https:\/\/www.hashtag.al\/index.php\/wp-json\/wp\/v2\/tags?post=471019"}],"curies":[{"name":"wp","href":"https:\/\/api.w.org\/{rel}","templated":true}]}}