{"id":471001,"date":"2021-09-03T11:27:10","date_gmt":"2021-09-03T09:27:10","guid":{"rendered":"https:\/\/hashtag.al\/?p=471001"},"modified":"2021-09-03T14:57:22","modified_gmt":"2021-09-03T12:57:22","slug":"casti-kur-arber-cekaj-e-fatmir-pjetri-varen-poshte-me-litare-teksa-perpiqeshin-te-arratiseshin-nga-burgu-313-video","status":"publish","type":"post","link":"https:\/\/www.hashtag.al\/index.php\/2021\/09\/03\/casti-kur-arber-cekaj-e-fatmir-pjetri-varen-poshte-me-litare-teksa-perpiqeshin-te-arratiseshin-nga-burgu-313-video\/","title":{"rendered":"\u00c7asti kur Arb\u00ebr \u00c7ekaj e Fatmir Pjetri varen posht\u00eb me litar\u00eb, teksa p\u00ebrpiqeshin t\u00eb arratiseshin nga Burgu 313 (Video)","gt_translate_keys":[{"key":"rendered","format":"text"}]},"content":{"rendered":"<p><img loading=\"lazy\" decoding=\"async\" class=\"aligncenter size-full wp-image-471002\" src=\"https:\/\/hashtag.al\/wp-content\/uploads\/2021\/09\/cekja1.jpg\" alt=\"\" width=\"1024\" height=\"521\" srcset=\"https:\/\/www.hashtag.al\/wp-content\/uploads\/2021\/09\/cekja1.jpg 1024w, https:\/\/www.hashtag.al\/wp-content\/uploads\/2021\/09\/cekja1-300x153.jpg 300w, https:\/\/www.hashtag.al\/wp-content\/uploads\/2021\/09\/cekja1-768x391.jpg 768w, https:\/\/www.hashtag.al\/wp-content\/uploads\/2021\/09\/cekja1-568x290.jpg 568w\" sizes=\"auto, (max-width: 1024px) 100vw, 1024px\" \/><\/p>\n<p><span style=\"color: #000000;\">Jan\u00eb zbuluar pamjet e p\u00ebrpjekjes p\u00eb arratisje t\u00eb Arb\u00ebr \u00c7ekajt e Fatmir Pjetrit nga burgu i \u2018313\u2019 n\u00eb Tiran\u00eb.<\/span><\/p>\n<p><span style=\"color: #000000;\">Pamjet jan\u00eb siguruar nga gazetarja Klodiana Lala p\u00ebr \u2018<span style=\"color: #0000ff;\">News24<\/span>\u2019 e \u2018<span style=\"color: #0000ff;\"><a style=\"color: #0000ff;\" href=\"https:\/\/www.balkanweb.com\/ekskluzive-shihni-momentin-kur-arber-cekaj-tenton-te-arratiset-nga-burgu-313-zbret-me-litar-ne-pak-sekonda-sapo-kalon-rrethimin\/\">BW<\/a><\/span>\u2019.<\/span><\/p>\n<p><span style=\"color: #000000;\">N\u00eb video duket fillimisht Pjetri q\u00eb varet posht\u00eb me an\u00eb t\u00eb nj\u00eb litari e pas tij pak sekonda m\u00eb pas edhe \u00c7ekaj. Ata kapen pak \u00e7aste m\u00eb pas nga efektiv\u00ebt e policis\u00eb s\u00eb burgut.<\/span><\/p>\n<p><span style=\"color: #000000;\">Lidhur me ngjarjen n\u00eb fjal\u00eb ka nisur nj\u00eb hetim nd\u00ebrsa disa efektiv\u00eb jan\u00eb pezulluar deri n\u00eb zbardhjen e ngjarjes pasi dyshohen si bashk\u00ebpun\u00ebtor\u00eb n\u00eb p\u00ebrpjekjen p\u00ebr arratisje t\u00eb dyshes.<\/span><\/p>\n<p><span style=\"color: #000000;\">\u00c7ekaj ndodhet n\u00eb k\u00ebt\u00eb burg pasi \u00ebsht\u00eb d\u00ebnuar me 14 vjet burg p\u00ebr 613 kilogram\u00ebt e kokain\u00ebs q\u00eb u kap\u00ebn n\u00eb nj\u00eb magazin\u00eb pran\u00eb Portit t\u00eb Durr\u00ebsit n\u00eb nj\u00eb ngarkes\u00eb me banane t\u00eb porositur nga kompania e tij.<\/span><\/p>\n<div style=\"width: 1170px;\" class=\"wp-video\"><video class=\"wp-video-shortcode\" id=\"video-471001-1\" width=\"1170\" height=\"658\" preload=\"metadata\" controls=\"controls\"><source type=\"video\/mp4\" src=\"https:\/\/hashtag.al\/wp-content\/uploads\/2021\/09\/Shihni-momentin-kur-Arb\u00ebr-\u00c7ekaj-tenton-t\u00eb-arratiset-nga-burgu-\u201c313\u201d_720P-HD.mp4?_=1\" \/><a href=\"https:\/\/hashtag.al\/wp-content\/uploads\/2021\/09\/Shihni-momentin-kur-Arb\u00ebr-\u00c7ekaj-tenton-t\u00eb-arratiset-nga-burgu-\u201c313\u201d_720P-HD.mp4\">https:\/\/hashtag.al\/wp-content\/uploads\/2021\/09\/Shihni-momentin-kur-Arb\u00ebr-\u00c7ekaj-tenton-t\u00eb-arratiset-nga-burgu-\u201c313\u201d_720P-HD.mp4<\/a><\/video><\/div>\n","protected":false,"gt_translate_keys":[{"key":"rendered","format":"html"}]},"excerpt":{"rendered":"<p>Jan\u00eb zbuluar pamjet e p\u00ebrpjekjes p\u00eb arratisje t\u00eb Arb\u00ebr \u00c7ekajt e Fatmir Pjetrit nga burgu i \u2018313\u2019 n\u00eb Tiran\u00eb. Pamjet jan\u00eb siguruar nga gazetarja Klodiana Lala p\u00ebr \u2018News24\u2019 e \u2018BW\u2019. N\u00eb video duket fillimisht Pjetri q\u00eb varet posht\u00eb me an\u00eb t\u00eb nj\u00eb litari e pas tij pak sekonda m\u00eb pas edhe \u00c7ekaj. Ata kapen pak [&hellip;]<\/p>\n","protected":false,"gt_translate_keys":[{"key":"rendered","format":"html"}]},"author":51,"featured_media":471002,"comment_status":"closed","ping_status":"closed","sticky":false,"template":"","format":"standard","meta":{"footnotes":""},"categories":[65,13],"tags":[],"class_list":["post-471001","post","type-post","status-publish","format-standard","has-post-thumbnail","hentry","category-lajme","category-te-fundit"],"gt_translate_keys":[{"key":"link","format":"url"}],"_links":{"self":[{"href":"https:\/\/www.hashtag.al\/index.php\/wp-json\/wp\/v2\/posts\/471001","targetHints":{"allow":["GET"]}}],"collection":[{"href":"https:\/\/www.hashtag.al\/index.php\/wp-json\/wp\/v2\/posts"}],"about":[{"href":"https:\/\/www.hashtag.al\/index.php\/wp-json\/wp\/v2\/types\/post"}],"author":[{"embeddable":true,"href":"https:\/\/www.hashtag.al\/index.php\/wp-json\/wp\/v2\/users\/51"}],"replies":[{"embeddable":true,"href":"https:\/\/www.hashtag.al\/index.php\/wp-json\/wp\/v2\/comments?post=471001"}],"version-history":[{"count":0,"href":"https:\/\/www.hashtag.al\/index.php\/wp-json\/wp\/v2\/posts\/471001\/revisions"}],"wp:featuredmedia":[{"embeddable":true,"href":"https:\/\/www.hashtag.al\/index.php\/wp-json\/wp\/v2\/media\/471002"}],"wp:attachment":[{"href":"https:\/\/www.hashtag.al\/index.php\/wp-json\/wp\/v2\/media?parent=471001"}],"wp:term":[{"taxonomy":"category","embeddable":true,"href":"https:\/\/www.hashtag.al\/index.php\/wp-json\/wp\/v2\/categories?post=471001"},{"taxonomy":"post_tag","embeddable":true,"href":"https:\/\/www.hashtag.al\/index.php\/wp-json\/wp\/v2\/tags?post=471001"}],"curies":[{"name":"wp","href":"https:\/\/api.w.org\/{rel}","templated":true}]}}