{"id":470963,"date":"2021-09-02T23:58:59","date_gmt":"2021-09-02T21:58:59","guid":{"rendered":"https:\/\/hashtag.al\/?p=470963"},"modified":"2021-09-02T23:58:59","modified_gmt":"2021-09-02T21:58:59","slug":"te-pakten-14-viktima-nga-permbytjet-ne-nju-jork","status":"publish","type":"post","link":"https:\/\/www.hashtag.al\/index.php\/2021\/09\/02\/te-pakten-14-viktima-nga-permbytjet-ne-nju-jork\/","title":{"rendered":"T\u00eb pakt\u00ebn 14 viktima nga p\u00ebrmbytjet n\u00eb Nju Jork","gt_translate_keys":[{"key":"rendered","format":"text"}]},"content":{"rendered":"<p><span style=\"color: #000000;\"><img loading=\"lazy\" decoding=\"async\" class=\"aligncenter size-full wp-image-470964\" src=\"https:\/\/hashtag.al\/wp-content\/uploads\/2021\/09\/nju-jork-permbytje.jpg\" alt=\"\" width=\"2048\" height=\"1365\" srcset=\"https:\/\/www.hashtag.al\/wp-content\/uploads\/2021\/09\/nju-jork-permbytje.jpg 2048w, https:\/\/www.hashtag.al\/wp-content\/uploads\/2021\/09\/nju-jork-permbytje-300x200.jpg 300w, https:\/\/www.hashtag.al\/wp-content\/uploads\/2021\/09\/nju-jork-permbytje-768x512.jpg 768w, https:\/\/www.hashtag.al\/wp-content\/uploads\/2021\/09\/nju-jork-permbytje-1024x683.jpg 1024w\" sizes=\"auto, (max-width: 2048px) 100vw, 2048px\" \/><\/span><\/p>\n<p><span style=\"color: #000000;\">Shirat e rr\u00ebmbyesh\u00ebm t\u00eb papritur dhe p\u00ebrmbytjet historike q\u00eb godit\u00ebn qytetin e Nju-Jorkut dhe rajonin e tij t\u00eb m\u00ebrkur\u00ebn n\u00eb mbr\u00ebmje kan\u00eb vrar\u00eb t\u00eb pakt\u00ebn 14 persona, njoftuan sot zyrtar\u00ebt.<\/span><\/p>\n<p><span style=\"color: #000000;\">Kryebashkiaku i Nju-Jorkut, Bill de Blasio njoftoi gjat\u00eb nj\u00eb konferenc\u00eb p\u00ebr shtyp se \u201cn\u00ebnt\u00eb njujorkez\u00eb kan\u00eb humbur jet\u00ebn gjat\u00eb nat\u00ebs\u201d, nd\u00ebrsa bashkia e qytetit Elizabeth, n\u00eb Nju-Xhersin fqinj, njoftoi p\u00ebr kat\u00ebr persona t\u00eb vdekur n\u00eb p\u00ebrmbytjet e m\u00ebdha t\u00eb shkaktuara nga mbetjet e Uraganit Ida.<\/span><\/p>\n<p><span style=\"color: #000000;\">Sipas televizioni NBC, b\u00ebhet fjal\u00eb p\u00ebr gjithsej 22 viktima, p\u00ebrfshir\u00eb 14 n\u00eb Nju-Xhersi.<\/span><\/p>\n<p><span style=\"color: #000000;\">De Blasio ka shpallur gjendjen e jasht\u00ebzakonshme n\u00eb qytetin e Nju-Jorkut.<\/span><\/p>\n<p><span style=\"color: #000000;\">Edhe n\u00eb Nju-Xhersi, guvernatori Phil Murphy shpalli nj\u00eb gjendje t\u00eb jasht\u00ebzakonshme n\u00eb p\u00ebrgjigje t\u00eb uraganit Ida.<\/span><\/p>\n<p><span style=\"color: #000000;\">I ushqyer nga mbetjet e stuhis\u00eb tropikale Ida, nj\u00eb rekord prej rreth 80 milimetra shi ra n\u00eb Central Park, n\u00eb Manhattan, mbr\u00ebmjen e s\u00eb m\u00ebrkur\u00ebs von\u00eb, sipas Sh\u00ebrbimit Komb\u00ebtar t\u00eb Motit.<\/span><\/p>\n<p><span style=\"color: #000000;\">N\u00eb disa zona, rrug\u00ebt dhe apartamentet u fundos\u00ebn n\u00ebn nj\u00eb met\u00ebr uj\u00eb dhe trafiku i metros\u00eb u ndal plot\u00ebsisht.<\/span><\/p>\n<p><span style=\"color: #000000;\">Rreth 5 300 sht\u00ebpi kan\u00eb mbetur pa energji elektrike.<\/span><\/p>\n<p>&nbsp;<\/p>\n","protected":false,"gt_translate_keys":[{"key":"rendered","format":"html"}]},"excerpt":{"rendered":"<p>Shirat e rr\u00ebmbyesh\u00ebm t\u00eb papritur dhe p\u00ebrmbytjet historike q\u00eb godit\u00ebn qytetin e Nju-Jorkut dhe rajonin e tij t\u00eb m\u00ebrkur\u00ebn n\u00eb mbr\u00ebmje kan\u00eb vrar\u00eb t\u00eb pakt\u00ebn 14 persona, njoftuan sot zyrtar\u00ebt. Kryebashkiaku i Nju-Jorkut, Bill de Blasio njoftoi gjat\u00eb nj\u00eb konferenc\u00eb p\u00ebr shtyp se \u201cn\u00ebnt\u00eb njujorkez\u00eb kan\u00eb humbur jet\u00ebn gjat\u00eb nat\u00ebs\u201d, nd\u00ebrsa bashkia e qytetit Elizabeth, [&hellip;]<\/p>\n","protected":false,"gt_translate_keys":[{"key":"rendered","format":"html"}]},"author":32,"featured_media":470964,"comment_status":"closed","ping_status":"closed","sticky":false,"template":"","format":"standard","meta":{"footnotes":""},"categories":[6,13],"tags":[],"class_list":["post-470963","post","type-post","status-publish","format-standard","has-post-thumbnail","hentry","category-nderkombetare","category-te-fundit"],"gt_translate_keys":[{"key":"link","format":"url"}],"_links":{"self":[{"href":"https:\/\/www.hashtag.al\/index.php\/wp-json\/wp\/v2\/posts\/470963","targetHints":{"allow":["GET"]}}],"collection":[{"href":"https:\/\/www.hashtag.al\/index.php\/wp-json\/wp\/v2\/posts"}],"about":[{"href":"https:\/\/www.hashtag.al\/index.php\/wp-json\/wp\/v2\/types\/post"}],"author":[{"embeddable":true,"href":"https:\/\/www.hashtag.al\/index.php\/wp-json\/wp\/v2\/users\/32"}],"replies":[{"embeddable":true,"href":"https:\/\/www.hashtag.al\/index.php\/wp-json\/wp\/v2\/comments?post=470963"}],"version-history":[{"count":0,"href":"https:\/\/www.hashtag.al\/index.php\/wp-json\/wp\/v2\/posts\/470963\/revisions"}],"wp:featuredmedia":[{"embeddable":true,"href":"https:\/\/www.hashtag.al\/index.php\/wp-json\/wp\/v2\/media\/470964"}],"wp:attachment":[{"href":"https:\/\/www.hashtag.al\/index.php\/wp-json\/wp\/v2\/media?parent=470963"}],"wp:term":[{"taxonomy":"category","embeddable":true,"href":"https:\/\/www.hashtag.al\/index.php\/wp-json\/wp\/v2\/categories?post=470963"},{"taxonomy":"post_tag","embeddable":true,"href":"https:\/\/www.hashtag.al\/index.php\/wp-json\/wp\/v2\/tags?post=470963"}],"curies":[{"name":"wp","href":"https:\/\/api.w.org\/{rel}","templated":true}]}}