{"id":470913,"date":"2021-09-02T19:05:33","date_gmt":"2021-09-02T17:05:33","guid":{"rendered":"https:\/\/hashtag.al\/?p=470913"},"modified":"2021-09-02T19:05:33","modified_gmt":"2021-09-02T17:05:33","slug":"kualifikueset-katar-2022-publikohet-formacioni-i-kombetares-ndaj-polonise","status":"publish","type":"post","link":"https:\/\/www.hashtag.al\/index.php\/2021\/09\/02\/kualifikueset-katar-2022-publikohet-formacioni-i-kombetares-ndaj-polonise\/","title":{"rendered":"Kualifikueset Katar 2022, publikohet formacioni i komb\u00ebtares ndaj Polonis\u00eb","gt_translate_keys":[{"key":"rendered","format":"text"}]},"content":{"rendered":"<p><span style=\"color: #000000;\"><img loading=\"lazy\" decoding=\"async\" class=\"aligncenter size-full wp-image-343496\" src=\"https:\/\/hashtag.al\/wp-content\/uploads\/2019\/12\/kombetarja.jpg\" alt=\"\" width=\"792\" height=\"476\" srcset=\"https:\/\/www.hashtag.al\/wp-content\/uploads\/2019\/12\/kombetarja.jpg 792w, https:\/\/www.hashtag.al\/wp-content\/uploads\/2019\/12\/kombetarja-300x180.jpg 300w, https:\/\/www.hashtag.al\/wp-content\/uploads\/2019\/12\/kombetarja-768x462.jpg 768w\" sizes=\"auto, (max-width: 792px) 100vw, 792px\" \/><\/span><\/p>\n<p><span style=\"color: #000000;\">Komb\u00ebtarja do t\u00eb luaj\u00eb sot me Polonin\u00eb n\u00eb Varshav\u00eb, n\u00eb sfid\u00ebn e vlefshme p\u00ebr grupin I t\u00eb eliminatoreve t\u00eb Bot\u00ebrorit Katar 2022.<\/span><\/p>\n<p><span style=\"color: #000000;\">Trajneri Edi Reja duket se nuk ka dyshime p\u00ebr\u00a0 formacionin dhe ka publikuar 11-shen kuqezi q\u00eb do t\u00eb hedh\u00eb n\u00eb fush\u00eb nga minuta e par\u00eb.<\/span><\/p>\n<p><span style=\"color: #000000;\">Formacioni nis me Etrit Berish\u00ebn q\u00eb do t\u00eb luaj\u00eb n\u00eb port\u00eb, me shiritin e kapitenit n\u00eb krah, nd\u00ebrsa treshja e mbrojtjes do t\u00eb p\u00ebrb\u00ebhet nga Kumbulla, Gjimshiti e Ismajli.<\/span><\/p>\n<p><span style=\"color: #000000;\">N\u00eb krah do t\u00eb luajn\u00eb Hysaj nga e djathta dhe Lorenc Trashi nga e majta, me Abrashin, Baren e Gjasul\u00ebn n\u00eb mesfush\u00eb dhe Manajn e Cikalleshin n\u00eb maj\u00eb t\u00eb sulmit.<\/span><\/p>\n<p><span style=\"color: #000000;\">Sfida Poloni-Shqip\u00ebri do t\u00eb filloj\u00eb n\u00eb or\u00ebn 20:45.<\/span><\/p>\n<p>&nbsp;<\/p>\n","protected":false,"gt_translate_keys":[{"key":"rendered","format":"html"}]},"excerpt":{"rendered":"<p>Komb\u00ebtarja do t\u00eb luaj\u00eb sot me Polonin\u00eb n\u00eb Varshav\u00eb, n\u00eb sfid\u00ebn e vlefshme p\u00ebr grupin I t\u00eb eliminatoreve t\u00eb Bot\u00ebrorit Katar 2022. Trajneri Edi Reja duket se nuk ka dyshime p\u00ebr\u00a0 formacionin dhe ka publikuar 11-shen kuqezi q\u00eb do t\u00eb hedh\u00eb n\u00eb fush\u00eb nga minuta e par\u00eb. Formacioni nis me Etrit Berish\u00ebn q\u00eb do t\u00eb [&hellip;]<\/p>\n","protected":false,"gt_translate_keys":[{"key":"rendered","format":"html"}]},"author":32,"featured_media":343496,"comment_status":"closed","ping_status":"closed","sticky":false,"template":"","format":"standard","meta":{"footnotes":""},"categories":[134,13],"tags":[],"class_list":["post-470913","post","type-post","status-publish","format-standard","has-post-thumbnail","hentry","category-sport","category-te-fundit"],"gt_translate_keys":[{"key":"link","format":"url"}],"_links":{"self":[{"href":"https:\/\/www.hashtag.al\/index.php\/wp-json\/wp\/v2\/posts\/470913","targetHints":{"allow":["GET"]}}],"collection":[{"href":"https:\/\/www.hashtag.al\/index.php\/wp-json\/wp\/v2\/posts"}],"about":[{"href":"https:\/\/www.hashtag.al\/index.php\/wp-json\/wp\/v2\/types\/post"}],"author":[{"embeddable":true,"href":"https:\/\/www.hashtag.al\/index.php\/wp-json\/wp\/v2\/users\/32"}],"replies":[{"embeddable":true,"href":"https:\/\/www.hashtag.al\/index.php\/wp-json\/wp\/v2\/comments?post=470913"}],"version-history":[{"count":0,"href":"https:\/\/www.hashtag.al\/index.php\/wp-json\/wp\/v2\/posts\/470913\/revisions"}],"wp:featuredmedia":[{"embeddable":true,"href":"https:\/\/www.hashtag.al\/index.php\/wp-json\/wp\/v2\/media\/343496"}],"wp:attachment":[{"href":"https:\/\/www.hashtag.al\/index.php\/wp-json\/wp\/v2\/media?parent=470913"}],"wp:term":[{"taxonomy":"category","embeddable":true,"href":"https:\/\/www.hashtag.al\/index.php\/wp-json\/wp\/v2\/categories?post=470913"},{"taxonomy":"post_tag","embeddable":true,"href":"https:\/\/www.hashtag.al\/index.php\/wp-json\/wp\/v2\/tags?post=470913"}],"curies":[{"name":"wp","href":"https:\/\/api.w.org\/{rel}","templated":true}]}}