{"id":470740,"date":"2021-09-01T15:58:04","date_gmt":"2021-09-01T13:58:04","guid":{"rendered":"https:\/\/hashtag.al\/?p=470740"},"modified":"2021-09-01T16:00:11","modified_gmt":"2021-09-01T14:00:11","slug":"angela-merkel-viziton-shqiperine-me-14-shtator","status":"publish","type":"post","link":"https:\/\/www.hashtag.al\/index.php\/2021\/09\/01\/angela-merkel-viziton-shqiperine-me-14-shtator\/","title":{"rendered":"Angela Merkel viziton Shqip\u00ebrin\u00eb m\u00eb 14 shtator","gt_translate_keys":[{"key":"rendered","format":"text"}]},"content":{"rendered":"<p><span style=\"color: #000000;\"><img loading=\"lazy\" decoding=\"async\" class=\"aligncenter wp-image-470742\" src=\"https:\/\/hashtag.al\/wp-content\/uploads\/2021\/09\/ediramaangelamerkel.jpg\" alt=\"\" width=\"1023\" height=\"576\" srcset=\"https:\/\/www.hashtag.al\/wp-content\/uploads\/2021\/09\/ediramaangelamerkel.jpg 700w, https:\/\/www.hashtag.al\/wp-content\/uploads\/2021\/09\/ediramaangelamerkel-300x169.jpg 300w\" sizes=\"auto, (max-width: 1023px) 100vw, 1023px\" \/><\/span><\/p>\n<p><span style=\"color: #000000;\">Kancelarja e Gjermanis\u00eb, Angela Merkel viziton Shqip\u00ebrin\u00eb m\u00eb 14 shtator.<\/span><\/p>\n<p><span style=\"color: #000000;\">Merkeli do t\u00eb takoj\u00eb lider\u00ebt e Ballkanit Per\u00ebndimor n\u00eb kuad\u00ebr t\u00eb Procesit t\u00eb Berlinit, raporton \u201cMCN Tv\u201d.<\/span><\/p>\n<p><span style=\"color: #000000;\">N\u00eb k\u00ebt\u00eb vizit\u00eb, Merkel do t\u00eb takoj\u00eb t\u00eb gjith\u00eb kryeministrat e shteteve ballkanike, duke nisur me Ram\u00ebn.<\/span><\/p>\n<p><span style=\"color: #000000;\">Takimin e fundit, ajo pritet ta ket\u00eb me kryeministrin e Kosov\u00ebs, Albin Kurtin, ku tem\u00eb diskutimi do t\u00eb jen\u00eb rrug\u00ebtimi n\u00eb procesin e Berlinit dhe agjenda gjermane n\u00eb Ballkan.<\/span><\/p>\n<p><span style=\"color: #000000;\">Merkeli e ka vizituar Shqip\u00ebrin\u00eb n\u00eb vitin 2015, gjat\u00eb mandatit t\u00eb par\u00eb t\u00eb qeveris\u00eb s\u00eb kryeministrit Edi Rama.<\/span><\/p>\n<p><img loading=\"lazy\" decoding=\"async\" class=\"aligncenter  wp-image-470744\" src=\"https:\/\/hashtag.al\/wp-content\/uploads\/2021\/09\/ediramaangelamerkel2.jpg\" alt=\"\" width=\"989\" height=\"556\" srcset=\"https:\/\/www.hashtag.al\/wp-content\/uploads\/2021\/09\/ediramaangelamerkel2.jpg 770w, https:\/\/www.hashtag.al\/wp-content\/uploads\/2021\/09\/ediramaangelamerkel2-300x169.jpg 300w, https:\/\/www.hashtag.al\/wp-content\/uploads\/2021\/09\/ediramaangelamerkel2-768x432.jpg 768w\" sizes=\"auto, (max-width: 989px) 100vw, 989px\" \/><\/p>\n","protected":false,"gt_translate_keys":[{"key":"rendered","format":"html"}]},"excerpt":{"rendered":"<p>Kancelarja e Gjermanis\u00eb, Angela Merkel viziton Shqip\u00ebrin\u00eb m\u00eb 14 shtator. Merkeli do t\u00eb takoj\u00eb lider\u00ebt e Ballkanit Per\u00ebndimor n\u00eb kuad\u00ebr t\u00eb Procesit t\u00eb Berlinit, raporton \u201cMCN Tv\u201d. N\u00eb k\u00ebt\u00eb vizit\u00eb, Merkel do t\u00eb takoj\u00eb t\u00eb gjith\u00eb kryeministrat e shteteve ballkanike, duke nisur me Ram\u00ebn. Takimin e fundit, ajo pritet ta ket\u00eb me kryeministrin e Kosov\u00ebs, [&hellip;]<\/p>\n","protected":false,"gt_translate_keys":[{"key":"rendered","format":"html"}]},"author":51,"featured_media":470742,"comment_status":"closed","ping_status":"closed","sticky":false,"template":"","format":"standard","meta":{"footnotes":""},"categories":[22,65],"tags":[],"class_list":["post-470740","post","type-post","status-publish","format-standard","has-post-thumbnail","hentry","category-ballina","category-lajme"],"gt_translate_keys":[{"key":"link","format":"url"}],"_links":{"self":[{"href":"https:\/\/www.hashtag.al\/index.php\/wp-json\/wp\/v2\/posts\/470740","targetHints":{"allow":["GET"]}}],"collection":[{"href":"https:\/\/www.hashtag.al\/index.php\/wp-json\/wp\/v2\/posts"}],"about":[{"href":"https:\/\/www.hashtag.al\/index.php\/wp-json\/wp\/v2\/types\/post"}],"author":[{"embeddable":true,"href":"https:\/\/www.hashtag.al\/index.php\/wp-json\/wp\/v2\/users\/51"}],"replies":[{"embeddable":true,"href":"https:\/\/www.hashtag.al\/index.php\/wp-json\/wp\/v2\/comments?post=470740"}],"version-history":[{"count":0,"href":"https:\/\/www.hashtag.al\/index.php\/wp-json\/wp\/v2\/posts\/470740\/revisions"}],"wp:featuredmedia":[{"embeddable":true,"href":"https:\/\/www.hashtag.al\/index.php\/wp-json\/wp\/v2\/media\/470742"}],"wp:attachment":[{"href":"https:\/\/www.hashtag.al\/index.php\/wp-json\/wp\/v2\/media?parent=470740"}],"wp:term":[{"taxonomy":"category","embeddable":true,"href":"https:\/\/www.hashtag.al\/index.php\/wp-json\/wp\/v2\/categories?post=470740"},{"taxonomy":"post_tag","embeddable":true,"href":"https:\/\/www.hashtag.al\/index.php\/wp-json\/wp\/v2\/tags?post=470740"}],"curies":[{"name":"wp","href":"https:\/\/api.w.org\/{rel}","templated":true}]}}