{"id":470617,"date":"2021-08-31T22:02:34","date_gmt":"2021-08-31T20:02:34","guid":{"rendered":"https:\/\/hashtag.al\/?p=470617"},"modified":"2021-08-31T22:02:34","modified_gmt":"2021-08-31T20:02:34","slug":"biden-pas-terheqjes-se-plote-nga-afganistani-qendrimi-i-gjate-nuk-ishte-opsion-mbaj-pergjegjesi-per-vendimin","status":"publish","type":"post","link":"https:\/\/www.hashtag.al\/index.php\/2021\/08\/31\/biden-pas-terheqjes-se-plote-nga-afganistani-qendrimi-i-gjate-nuk-ishte-opsion-mbaj-pergjegjesi-per-vendimin\/","title":{"rendered":"Biden pas t\u00ebrheqjes s\u00eb plot\u00eb nga Afganistani: Q\u00ebndrimi i gjat\u00eb nuk ishte opsion, mbaj p\u00ebrgjegj\u00ebsi p\u00ebr vendimin","gt_translate_keys":[{"key":"rendered","format":"text"}]},"content":{"rendered":"<p><span style=\"color: #000000;\"><img loading=\"lazy\" decoding=\"async\" class=\"aligncenter size-full wp-image-470618\" src=\"https:\/\/hashtag.al\/wp-content\/uploads\/2021\/08\/biden-7.jpg\" alt=\"\" width=\"624\" height=\"416\" srcset=\"https:\/\/www.hashtag.al\/wp-content\/uploads\/2021\/08\/biden-7.jpg 624w, https:\/\/www.hashtag.al\/wp-content\/uploads\/2021\/08\/biden-7-300x200.jpg 300w\" sizes=\"auto, (max-width: 624px) 100vw, 624px\" \/><\/span><\/p>\n<p><span style=\"color: #000000;\">Presidenti amerikan Joe Biden filloi fjalimin e tij mbi mbylljen e luft\u00ebs n\u00eb Afganistan duke fal\u00ebnderuar personelin ushtarak amerikan p\u00ebr pun\u00ebn e tyre duke evakuuar m\u00eb shum\u00eb se 120,000 nga Kabuli.<\/span><\/p>\n<p><span style=\"color: #000000;\">&#8220;Ky num\u00ebr \u00ebsht\u00eb m\u00eb shum\u00eb se dyfishi i asaj q\u00eb shumica e ekspert\u00ebve mendonin se ishte e mundur,&#8221; tha ai. &#8220;Asnj\u00eb komb nuk ka b\u00ebr\u00eb ndonj\u00ebher\u00eb di\u00e7ka t\u00eb till\u00eb n\u00eb t\u00eb gjith\u00eb historin\u00eb.&#8221;<\/span><\/p>\n<p><span style=\"color: #000000;\">Ai tha se operacioni nuk do t\u00eb ishte i mundur pa &#8220;aft\u00ebsin\u00eb, trim\u00ebrin\u00eb dhe guximin vet\u00ebmohues&#8221; t\u00eb trupave amerikane, diplomat\u00ebve dhe personelit t\u00eb inteligjenc\u00ebs.<\/span><\/p>\n<p><span style=\"color: #000000;\">&#8220;Ata e b\u00ebn\u00eb at\u00eb duke u p\u00ebrballur me nj\u00eb turm\u00eb t\u00eb madhe turmash q\u00eb k\u00ebrkonin t\u00eb largoheshin nga vendi dhe e b\u00ebn\u00eb at\u00eb duke ditur q\u00eb terrorist\u00ebt e Isis-K, armiqt\u00eb e betuar t\u00eb taleban\u00ebve, fshiheshin n\u00eb mes t\u00eb atyre turmave.&#8221;<\/span><\/p>\n<p><span style=\"color: #000000;\">Tremb\u00ebdhjet\u00eb trupa amerikan\u00eb u vran\u00eb n\u00eb operacion, si dhe 20 u plagos\u00ebn.<\/span><\/p>\n<p><span style=\"color: #000000;\">Biden pranoi se ushtria afgane u rr\u00ebzua m\u00eb shpejt nga sa pritej para afatit t\u00eb 31 gushtit.<\/span><\/p>\n<p><span style=\"color: #000000;\">&#8220;Un\u00eb udh\u00ebzova ekipin ton\u00eb t\u00eb siguris\u00eb komb\u00ebtare q\u00eb t\u00eb p\u00ebrgatitet p\u00ebr \u00e7do eventualitet, madje edhe at\u00eb,&#8221; tha ai. &#8220;Ne ishim gati kur forcat afgane t\u00eb siguris\u00eb &#8230; nuk q\u00ebndruan aq gjat\u00eb sa priste dikush.&#8221;<\/span><\/p>\n<p><span style=\"color: #000000;\">M\u00eb shum\u00eb se 2,400 ushtarak\u00eb amerikan\u00eb u vran\u00eb n\u00eb luft\u00ebn afgane, me gati 23,000 t\u00eb plagosur.<\/span><\/p>\n<p><span style=\"color: #000000;\">Presidenti Biden tha se ai pranon p\u00ebrgjegj\u00ebsin\u00eb p\u00ebr vendimin p\u00ebr t\u2019u t\u00ebrhequr nga Afganistani, duke shtuar se ai beson se q\u00ebndrimi m\u00eb i gjat\u00eb nuk ishte nj\u00eb opsion.<\/span><\/p>\n<p><span style=\"color: #000000;\">\u201cDisa thon\u00eb se ne duhet t\u00eb kishim filluar evakuimin masiv m\u00eb her\u00ebt dhe nuk mund ta kishim b\u00ebr\u00eb k\u00ebt\u00eb n\u00eb nj\u00eb m\u00ebnyr\u00eb m\u00eb t\u00eb rregullt,\u201d tha ai.\u00a0\u201cUn\u00eb nuk pajtohem me respekt.\u201d<\/span><\/p>\n<p><span style=\"color: #000000;\">Biden tha se ai beson se edhe n\u00ebse evakuimet do t\u00eb kishin filluar n\u00eb qershor ose korrik, prap\u00eb \u201cdo t\u00eb kishte pasur nj\u00eb nxitim p\u00ebr n\u00eb aeroport\u201d.<\/span><\/p>\n<p>&nbsp;<\/p>\n","protected":false,"gt_translate_keys":[{"key":"rendered","format":"html"}]},"excerpt":{"rendered":"<p>Presidenti amerikan Joe Biden filloi fjalimin e tij mbi mbylljen e luft\u00ebs n\u00eb Afganistan duke fal\u00ebnderuar personelin ushtarak amerikan p\u00ebr pun\u00ebn e tyre duke evakuuar m\u00eb shum\u00eb se 120,000 nga Kabuli. &#8220;Ky num\u00ebr \u00ebsht\u00eb m\u00eb shum\u00eb se dyfishi i asaj q\u00eb shumica e ekspert\u00ebve mendonin se ishte e mundur,&#8221; tha ai. &#8220;Asnj\u00eb komb nuk ka [&hellip;]<\/p>\n","protected":false,"gt_translate_keys":[{"key":"rendered","format":"html"}]},"author":32,"featured_media":470618,"comment_status":"closed","ping_status":"closed","sticky":false,"template":"","format":"standard","meta":{"footnotes":""},"categories":[6,13],"tags":[],"class_list":["post-470617","post","type-post","status-publish","format-standard","has-post-thumbnail","hentry","category-nderkombetare","category-te-fundit"],"gt_translate_keys":[{"key":"link","format":"url"}],"_links":{"self":[{"href":"https:\/\/www.hashtag.al\/index.php\/wp-json\/wp\/v2\/posts\/470617","targetHints":{"allow":["GET"]}}],"collection":[{"href":"https:\/\/www.hashtag.al\/index.php\/wp-json\/wp\/v2\/posts"}],"about":[{"href":"https:\/\/www.hashtag.al\/index.php\/wp-json\/wp\/v2\/types\/post"}],"author":[{"embeddable":true,"href":"https:\/\/www.hashtag.al\/index.php\/wp-json\/wp\/v2\/users\/32"}],"replies":[{"embeddable":true,"href":"https:\/\/www.hashtag.al\/index.php\/wp-json\/wp\/v2\/comments?post=470617"}],"version-history":[{"count":0,"href":"https:\/\/www.hashtag.al\/index.php\/wp-json\/wp\/v2\/posts\/470617\/revisions"}],"wp:featuredmedia":[{"embeddable":true,"href":"https:\/\/www.hashtag.al\/index.php\/wp-json\/wp\/v2\/media\/470618"}],"wp:attachment":[{"href":"https:\/\/www.hashtag.al\/index.php\/wp-json\/wp\/v2\/media?parent=470617"}],"wp:term":[{"taxonomy":"category","embeddable":true,"href":"https:\/\/www.hashtag.al\/index.php\/wp-json\/wp\/v2\/categories?post=470617"},{"taxonomy":"post_tag","embeddable":true,"href":"https:\/\/www.hashtag.al\/index.php\/wp-json\/wp\/v2\/tags?post=470617"}],"curies":[{"name":"wp","href":"https:\/\/api.w.org\/{rel}","templated":true}]}}