{"id":470564,"date":"2021-08-31T17:55:21","date_gmt":"2021-08-31T15:55:21","guid":{"rendered":"https:\/\/hashtag.al\/?p=470564"},"modified":"2021-08-31T17:55:21","modified_gmt":"2021-08-31T15:55:21","slug":"distancimi-i-pd-se-nga-berisha-godole-ka-parti-qe-iu-eshte-dashur-te-marrin-nje-vendim-dhe-te-ndahen-nga-keto-personalitete","status":"publish","type":"post","link":"https:\/\/www.hashtag.al\/index.php\/2021\/08\/31\/distancimi-i-pd-se-nga-berisha-godole-ka-parti-qe-iu-eshte-dashur-te-marrin-nje-vendim-dhe-te-ndahen-nga-keto-personalitete\/","title":{"rendered":"Distancimi i PD-s\u00eb nga Berisha, Godole: Ka parti q\u00eb iu \u00ebsht\u00eb dashur t\u00eb marrin nj\u00eb vendim dhe t\u00eb ndahen nga k\u00ebto personalitete","gt_translate_keys":[{"key":"rendered","format":"text"}]},"content":{"rendered":"<p><img loading=\"lazy\" decoding=\"async\" class=\"aligncenter  wp-image-470565\" src=\"https:\/\/hashtag.al\/wp-content\/uploads\/2021\/08\/jonilagodole.jpg\" alt=\"\" width=\"1015\" height=\"653\" srcset=\"https:\/\/www.hashtag.al\/wp-content\/uploads\/2021\/08\/jonilagodole.jpg 700w, https:\/\/www.hashtag.al\/wp-content\/uploads\/2021\/08\/jonilagodole-300x193.jpg 300w\" sizes=\"auto, (max-width: 1015px) 100vw, 1015px\" \/><\/p>\n<p><span style=\"color: #000000;\">Drejtuesja e sapozgjedhur e Sekretariatit p\u00ebr ish-t\u00eb P\u00ebrndjekurit Politik\u00eb n\u00eb PD, Jonila Godole, \u00ebsht\u00eb pyetur n\u00eb \u201cNe\u00ebs 24\u201d mbi rolin e saj dhe kauz\u00ebn e ish-t\u00eb p\u00ebrndjekurve por po ashtu p\u00ebr rolin q\u00eb duhet t\u00eb ket\u00eb tani e tutje ish-kryeministri Sali Berisha, sidomos pas ultimatumit vendosur nga amerikan\u00ebt p\u00ebr t\u00eb mos qen\u00eb pjes\u00eb e parlamentit.<\/span><\/p>\n<p><span style=\"color: #000000;\">\u00a0\u201cVendimi i z. Berisha \u00ebsht\u00eb vendim personal i tij. \u00c7do forc\u00eb politike tregon pjekurin\u00eb e vet pik\u00ebrisht n\u00eb k\u00ebto lloj momentesh t\u00eb r\u00ebnd\u00ebsishme. Kjo do ta \u00e7oj\u00eb PD p\u00ebrpara ose jo, k\u00ebto jan\u00eb kosto q\u00eb do t\u2019i mbajn\u00eb ata. Un\u00eb kam th\u00ebn\u00eb q\u00eb bota ka treguar q\u00eb dhe personalitete t\u00eb m\u00ebdha, t\u00eb cil\u00ebt kan\u00eb qen\u00eb absolutisht t\u00eb r\u00ebnd\u00ebsish\u00ebm p\u00ebr gjith\u00eb Evrop\u00ebn, ku kam sjell\u00eb n\u00eb v\u00ebmendje rastin e ish-kancelarit gjreman Helmut Kohl, n\u00eb nj\u00eb moment t\u00eb caktuar partis\u00eb i \u00ebsht\u00eb dashur t\u00eb marr\u00eb nj\u00eb vendim, q\u00eb t\u00eb ndahej prej tij, por duke respektuar kontributin e tij deri n\u00eb fund.<\/span><\/p>\n<p><span style=\"color: #000000;\">K\u00ebto jan\u00eb vendime q\u00eb i marrin partit\u00eb vet\u00eb. K\u00ebto jan\u00eb modele q\u00eb un\u00eb i kam sugjeruar.<\/span><\/p>\n<p><span style=\"color: #000000;\">N\u00ebse mua do m\u00eb pyesin sot nga brenda PD, patjet\u00ebr q\u00eb do ta sugjeroj k\u00ebt\u00eb dhe do flas hapur. Por kjo \u00ebsht\u00eb pjes\u00eb e PD, duhet t\u00eb tregoj\u00eb se \u00ebsht\u00eb v\u00ebrtet nj\u00eb parti q\u00eb e meriton t\u00eb vij\u00eb n\u00eb pushtet. Un\u00eb shpresoj shum\u00eb q\u00eb PD t\u00eb b\u00ebj\u00eb zgjidhjen e tyre.\u201d, theksoi Godole.<\/span><\/p>\n<p><span style=\"color: #000000;\"><img loading=\"lazy\" decoding=\"async\" class=\"aligncenter  wp-image-466133\" src=\"https:\/\/hashtag.al\/wp-content\/uploads\/2021\/08\/saliberishakonference.jpg\" alt=\"\" width=\"1053\" height=\"702\" srcset=\"https:\/\/www.hashtag.al\/wp-content\/uploads\/2021\/08\/saliberishakonference.jpg 960w, https:\/\/www.hashtag.al\/wp-content\/uploads\/2021\/08\/saliberishakonference-300x200.jpg 300w, https:\/\/www.hashtag.al\/wp-content\/uploads\/2021\/08\/saliberishakonference-768x512.jpg 768w\" sizes=\"auto, (max-width: 1053px) 100vw, 1053px\" \/><\/span><\/p>\n<p><span style=\"color: #000000;\">Lidhur me ish-t\u00eb p\u00ebrndjekurit politike Godole tha se \u201cp\u00ebr fat t\u00eb keq nuk ka nj\u00eb forc\u00eb tjet\u00ebr politike k\u00ebtu, p\u00ebrve\u00e7 PD-s\u00eb, q\u00eb t\u00eb jet\u00eb shprehur hapur dhe qart\u00eb se ai regjim ka qen\u00eb kriminal.\u201d<\/span><\/p>\n<p><span style=\"color: #000000;\">\u201cAi regjim ka qen\u00eb kriminal. Un\u00eb do mundohem q\u00eb n\u00eb pak vite t\u00eb arrijm\u00eb t\u00eb kemi nj\u00eb lloj paqeje, t\u00eb kemi nj\u00eb transparenc\u00eb t\u00eb plot\u00eb p\u00ebr krimet e komunizmit dhe nj\u00eb k\u00ebrkim faljeje reale\u201d, u shpreh Godole.<\/span><\/p>\n<p>&nbsp;<\/p>\n","protected":false,"gt_translate_keys":[{"key":"rendered","format":"html"}]},"excerpt":{"rendered":"<p>Drejtuesja e sapozgjedhur e Sekretariatit p\u00ebr ish-t\u00eb P\u00ebrndjekurit Politik\u00eb n\u00eb PD, Jonila Godole, \u00ebsht\u00eb pyetur n\u00eb \u201cNe\u00ebs 24\u201d mbi rolin e saj dhe kauz\u00ebn e ish-t\u00eb p\u00ebrndjekurve por po ashtu p\u00ebr rolin q\u00eb duhet t\u00eb ket\u00eb tani e tutje ish-kryeministri Sali Berisha, sidomos pas ultimatumit vendosur nga amerikan\u00ebt p\u00ebr t\u00eb mos qen\u00eb pjes\u00eb e parlamentit. [&hellip;]<\/p>\n","protected":false,"gt_translate_keys":[{"key":"rendered","format":"html"}]},"author":51,"featured_media":470565,"comment_status":"closed","ping_status":"closed","sticky":false,"template":"","format":"standard","meta":{"footnotes":""},"categories":[65],"tags":[],"class_list":["post-470564","post","type-post","status-publish","format-standard","has-post-thumbnail","hentry","category-lajme"],"gt_translate_keys":[{"key":"link","format":"url"}],"_links":{"self":[{"href":"https:\/\/www.hashtag.al\/index.php\/wp-json\/wp\/v2\/posts\/470564","targetHints":{"allow":["GET"]}}],"collection":[{"href":"https:\/\/www.hashtag.al\/index.php\/wp-json\/wp\/v2\/posts"}],"about":[{"href":"https:\/\/www.hashtag.al\/index.php\/wp-json\/wp\/v2\/types\/post"}],"author":[{"embeddable":true,"href":"https:\/\/www.hashtag.al\/index.php\/wp-json\/wp\/v2\/users\/51"}],"replies":[{"embeddable":true,"href":"https:\/\/www.hashtag.al\/index.php\/wp-json\/wp\/v2\/comments?post=470564"}],"version-history":[{"count":0,"href":"https:\/\/www.hashtag.al\/index.php\/wp-json\/wp\/v2\/posts\/470564\/revisions"}],"wp:featuredmedia":[{"embeddable":true,"href":"https:\/\/www.hashtag.al\/index.php\/wp-json\/wp\/v2\/media\/470565"}],"wp:attachment":[{"href":"https:\/\/www.hashtag.al\/index.php\/wp-json\/wp\/v2\/media?parent=470564"}],"wp:term":[{"taxonomy":"category","embeddable":true,"href":"https:\/\/www.hashtag.al\/index.php\/wp-json\/wp\/v2\/categories?post=470564"},{"taxonomy":"post_tag","embeddable":true,"href":"https:\/\/www.hashtag.al\/index.php\/wp-json\/wp\/v2\/tags?post=470564"}],"curies":[{"name":"wp","href":"https:\/\/api.w.org\/{rel}","templated":true}]}}