{"id":470184,"date":"2021-08-29T15:00:40","date_gmt":"2021-08-29T13:00:40","guid":{"rendered":"https:\/\/hashtag.al\/?p=470184"},"modified":"2021-08-29T15:03:27","modified_gmt":"2021-08-29T13:03:27","slug":"bashkepunimi-parlamentar-pd-duhet-te-jete-nismetare","status":"publish","type":"post","link":"https:\/\/www.hashtag.al\/index.php\/2021\/08\/29\/bashkepunimi-parlamentar-pd-duhet-te-jete-nismetare\/","title":{"rendered":"Bashk\u00ebpunimi parlamentar, PD duhet t\u00eb jet\u00eb nism\u00ebtare","gt_translate_keys":[{"key":"rendered","format":"text"}]},"content":{"rendered":"<p><strong><img loading=\"lazy\" decoding=\"async\" class=\"alignright wp-image-255712\" src=\"https:\/\/hashtag.al\/wp-content\/uploads\/2018\/12\/Manjani-Ylli.jpg\" alt=\"\" width=\"493\" height=\"326\" srcset=\"https:\/\/www.hashtag.al\/wp-content\/uploads\/2018\/12\/Manjani-Ylli.jpg 846w, https:\/\/www.hashtag.al\/wp-content\/uploads\/2018\/12\/Manjani-Ylli-300x198.jpg 300w, https:\/\/www.hashtag.al\/wp-content\/uploads\/2018\/12\/Manjani-Ylli-768x507.jpg 768w\" sizes=\"auto, (max-width: 493px) 100vw, 493px\" \/><\/strong><\/p>\n<p><span style=\"color: #000000;\"><strong>Nga Ylli Manjani<\/strong><\/span><\/p>\n<p><span style=\"color: #000000;\">Pak m\u00eb intereson debati mbi iden\u00eb koalicion (apo jo) PS-PD.\u00a0 Por jam shum\u00eb mb\u00ebshtet\u00ebs i ides\u00eb s\u00eb nj\u00eb platforme bashk\u00ebpunimi parlamentar e cila duhet t\u00eb arrij\u00eb:<\/span><\/p>\n<ol>\n<li><span style=\"color: #000000;\">Fillimin e bisedimeve p\u00ebr an\u00ebtar\u00ebsim n\u00eb BE.<\/span><\/li>\n<li><span style=\"color: #000000;\">P\u00ebrmbysjen e sistemit hajdut zgjedhor dhe nd\u00ebrtimin e nj\u00eb Proporcionali Komb\u00ebtar t\u00eb thjesht\u00eb, pa ndarje e karrema q\u00eb dhurojn\u00eb pushtet pa vot\u00eb, apo q\u00eb blen pushtet me para.<\/span><\/li>\n<li><span style=\"color: #000000;\">Hartimin e nj\u00eb Kushtetute t\u00eb re, si dokument themelor parimesh demokratike, ekonomike e t\u00eb shtetit t\u00eb drejt\u00eb.<\/span><\/li>\n<\/ol>\n<p><span style=\"color: #000000;\">Kaq mjafton, del e tepron!<\/span><\/p>\n<p><span style=\"color: #000000;\">M\u00eb s\u00eb shumti e pres nga Partia Demokratike t\u00eb jet\u00eb nism\u00ebtare e k\u00ebsaj platforme bashk\u00ebpunimi parlamentar.<\/span><\/p>\n<p><span style=\"color: #000000;\">Dhe nuk ka hi\u00e7 nevoj\u00eb p\u00ebr negociata ala Kim, as p\u00ebr kim\u00eb me ligje ambasadash, t\u00eb cilat m\u00eb e pakta nuk kan\u00eb haber nga pun\u00ebt tona dhe, m\u00eb s\u00eb shumti i sh\u00ebrbejn\u00eb qart\u00ebsisht qeveris\u00eb.<\/span><\/p>\n<p><span style=\"color: #000000;\">Ky duhet t\u00eb ishte misioni themelor i k\u00ebtij parlamenti, pavar\u00ebsisht si u zgjodh.<\/span><\/p>\n","protected":false,"gt_translate_keys":[{"key":"rendered","format":"html"}]},"excerpt":{"rendered":"<p>Nga Ylli Manjani Pak m\u00eb intereson debati mbi iden\u00eb koalicion (apo jo) PS-PD.\u00a0 Por jam shum\u00eb mb\u00ebshtet\u00ebs i ides\u00eb s\u00eb nj\u00eb platforme bashk\u00ebpunimi parlamentar e cila duhet t\u00eb arrij\u00eb: Fillimin e bisedimeve p\u00ebr an\u00ebtar\u00ebsim n\u00eb BE. P\u00ebrmbysjen e sistemit hajdut zgjedhor dhe nd\u00ebrtimin e nj\u00eb Proporcionali Komb\u00ebtar t\u00eb thjesht\u00eb, pa ndarje e karrema q\u00eb dhurojn\u00eb [&hellip;]<\/p>\n","protected":false,"gt_translate_keys":[{"key":"rendered","format":"html"}]},"author":51,"featured_media":255712,"comment_status":"closed","ping_status":"closed","sticky":false,"template":"","format":"standard","meta":{"footnotes":""},"categories":[20,65],"tags":[],"class_list":["post-470184","post","type-post","status-publish","format-standard","has-post-thumbnail","hentry","category-blog","category-lajme"],"gt_translate_keys":[{"key":"link","format":"url"}],"_links":{"self":[{"href":"https:\/\/www.hashtag.al\/index.php\/wp-json\/wp\/v2\/posts\/470184","targetHints":{"allow":["GET"]}}],"collection":[{"href":"https:\/\/www.hashtag.al\/index.php\/wp-json\/wp\/v2\/posts"}],"about":[{"href":"https:\/\/www.hashtag.al\/index.php\/wp-json\/wp\/v2\/types\/post"}],"author":[{"embeddable":true,"href":"https:\/\/www.hashtag.al\/index.php\/wp-json\/wp\/v2\/users\/51"}],"replies":[{"embeddable":true,"href":"https:\/\/www.hashtag.al\/index.php\/wp-json\/wp\/v2\/comments?post=470184"}],"version-history":[{"count":0,"href":"https:\/\/www.hashtag.al\/index.php\/wp-json\/wp\/v2\/posts\/470184\/revisions"}],"wp:featuredmedia":[{"embeddable":true,"href":"https:\/\/www.hashtag.al\/index.php\/wp-json\/wp\/v2\/media\/255712"}],"wp:attachment":[{"href":"https:\/\/www.hashtag.al\/index.php\/wp-json\/wp\/v2\/media?parent=470184"}],"wp:term":[{"taxonomy":"category","embeddable":true,"href":"https:\/\/www.hashtag.al\/index.php\/wp-json\/wp\/v2\/categories?post=470184"},{"taxonomy":"post_tag","embeddable":true,"href":"https:\/\/www.hashtag.al\/index.php\/wp-json\/wp\/v2\/tags?post=470184"}],"curies":[{"name":"wp","href":"https:\/\/api.w.org\/{rel}","templated":true}]}}