{"id":469801,"date":"2021-08-26T20:58:58","date_gmt":"2021-08-26T18:58:58","guid":{"rendered":"https:\/\/hashtag.al\/?p=469801"},"modified":"2021-08-26T20:58:58","modified_gmt":"2021-08-26T18:58:58","slug":"degjohet-nje-shperthim-i-trete-prane-aeroportit-te-kabulit-deri-tani-mbi-60-viktima","status":"publish","type":"post","link":"https:\/\/www.hashtag.al\/index.php\/2021\/08\/26\/degjohet-nje-shperthim-i-trete-prane-aeroportit-te-kabulit-deri-tani-mbi-60-viktima\/","title":{"rendered":"D\u00ebgjohet nj\u00eb shp\u00ebrthim i tret\u00eb pran\u00eb aeroportit t\u00eb Kabulit, deri tani mbi 60 viktima","gt_translate_keys":[{"key":"rendered","format":"text"}]},"content":{"rendered":"<p><span style=\"color: #000000;\"><img loading=\"lazy\" decoding=\"async\" class=\"aligncenter size-full wp-image-469802\" src=\"https:\/\/hashtag.al\/wp-content\/uploads\/2021\/08\/kabul3-2.jpg\" alt=\"\" width=\"3000\" height=\"2000\" srcset=\"https:\/\/www.hashtag.al\/wp-content\/uploads\/2021\/08\/kabul3-2.jpg 3000w, https:\/\/www.hashtag.al\/wp-content\/uploads\/2021\/08\/kabul3-2-300x200.jpg 300w, https:\/\/www.hashtag.al\/wp-content\/uploads\/2021\/08\/kabul3-2-768x512.jpg 768w, https:\/\/www.hashtag.al\/wp-content\/uploads\/2021\/08\/kabul3-2-1024x683.jpg 1024w\" sizes=\"auto, (max-width: 3000px) 100vw, 3000px\" \/><\/span><\/p>\n<p><span style=\"color: #000000;\">Nj\u00eb shp\u00ebrthim i tret\u00eb \u00ebsht\u00eb d\u00ebgjuar nga drejtimi i aeroportit t\u00eb Kabulit, raportoi korrespondenti i RT, Murad Gazdiev t\u00eb enjten.<\/span><\/p>\n<p><span style=\"color: #000000;\"> Kjo vjen pasi dhjet\u00ebra persona jan\u00eb vrar\u00eb dhe plagosur nga nj\u00eb shp\u00ebrthim i dyfisht\u00eb n\u00eb aeroport m\u00eb her\u00ebt.<\/span><\/p>\n<p><span style=\"color: #000000;\">Shp\u00ebrthimi ndodhi pasi autoritetet lokale, taliban\u00ebt dhe forcat e koalicionit po p\u00ebrpiqeshin t\u00eb kuptonin se \u00e7far\u00eb kishte ndodhur gjat\u00eb shp\u00ebrthimeve t\u00eb m\u00ebparshme.<\/span><\/p>\n<p><span style=\"color: #000000;\"> Nj\u00eb sulmues vet\u00ebvras\u00ebs thuhet se shp\u00ebrtheu veten nga nj\u00ebra nga portat e Aeroportit Nd\u00ebrkomb\u00ebtar \u2018Hamid Karzai\u2019 dhe nj\u00eb shp\u00ebrthim i dyt\u00eb q\u00eb besohet t\u00eb jet\u00eb nj\u00eb makin\u00eb bomb\u00eb, shp\u00ebrtheu pran\u00eb nj\u00eb hoteli t\u00eb p\u00ebrdorur nga forcat per\u00ebndimore p\u00ebr t\u00eb p\u00ebrpunuar refugjat\u00ebt. <\/span><\/p>\n<p><span style=\"color: #000000;\">Numri i p\u00ebrgjithsh\u00ebm i viktimave ende nuk \u00ebsht\u00eb konfirmuar, me zyrtar\u00eb lokal\u00eb t\u00eb sh\u00ebndet\u00ebsis\u00eb q\u00eb u than\u00eb gazetar\u00ebve se t\u00eb pakt\u00ebn 60 vdiq\u00ebn n\u00eb shp\u00ebrthimet e s\u00eb enjtes, nd\u00ebrsa taleban\u00ebt fillimisht than\u00eb se 13 u vran\u00eb jasht\u00eb aeroportit.<\/span><\/p>\n<p><span style=\"color: #000000;\">Pentagoni konfirmon se trupa t\u00eb shumta amerikane jan\u00eb vrar\u00eb n\u00eb sulmin n\u00eb aeroportin e Kabulit<\/span><\/p>\n<p><span style=\"color: #000000;\">Zyrtar\u00ebt amerikan\u00eb kan\u00eb pohuar se k\u00ebrc\u00ebnimi i sulmeve terroriste n\u00eb aeroport mbetet i lart\u00eb, megjith\u00ebse fluturimet e evakuimit me sa duket po vazhdojn\u00eb. <\/span><\/p>\n<p><span style=\"color: #000000;\">Mij\u00ebra amerikan\u00eb si dhe afgan\u00eb q\u00eb punuan me forcat e koalicionit kund\u00ebr taliban\u00ebve, po p\u00ebrpiqen d\u00ebshp\u00ebrimisht t\u00eb hipin n\u00eb aeroplan\u00eb p\u00ebr n\u00eb SHBA.<\/span><\/p>\n","protected":false,"gt_translate_keys":[{"key":"rendered","format":"html"}]},"excerpt":{"rendered":"<p>Nj\u00eb shp\u00ebrthim i tret\u00eb \u00ebsht\u00eb d\u00ebgjuar nga drejtimi i aeroportit t\u00eb Kabulit, raportoi korrespondenti i RT, Murad Gazdiev t\u00eb enjten. Kjo vjen pasi dhjet\u00ebra persona jan\u00eb vrar\u00eb dhe plagosur nga nj\u00eb shp\u00ebrthim i dyfisht\u00eb n\u00eb aeroport m\u00eb her\u00ebt. Shp\u00ebrthimi ndodhi pasi autoritetet lokale, taliban\u00ebt dhe forcat e koalicionit po p\u00ebrpiqeshin t\u00eb kuptonin se \u00e7far\u00eb kishte [&hellip;]<\/p>\n","protected":false,"gt_translate_keys":[{"key":"rendered","format":"html"}]},"author":51,"featured_media":469802,"comment_status":"closed","ping_status":"closed","sticky":false,"template":"","format":"standard","meta":{"footnotes":""},"categories":[6],"tags":[],"class_list":["post-469801","post","type-post","status-publish","format-standard","has-post-thumbnail","hentry","category-nderkombetare"],"gt_translate_keys":[{"key":"link","format":"url"}],"_links":{"self":[{"href":"https:\/\/www.hashtag.al\/index.php\/wp-json\/wp\/v2\/posts\/469801","targetHints":{"allow":["GET"]}}],"collection":[{"href":"https:\/\/www.hashtag.al\/index.php\/wp-json\/wp\/v2\/posts"}],"about":[{"href":"https:\/\/www.hashtag.al\/index.php\/wp-json\/wp\/v2\/types\/post"}],"author":[{"embeddable":true,"href":"https:\/\/www.hashtag.al\/index.php\/wp-json\/wp\/v2\/users\/51"}],"replies":[{"embeddable":true,"href":"https:\/\/www.hashtag.al\/index.php\/wp-json\/wp\/v2\/comments?post=469801"}],"version-history":[{"count":0,"href":"https:\/\/www.hashtag.al\/index.php\/wp-json\/wp\/v2\/posts\/469801\/revisions"}],"wp:featuredmedia":[{"embeddable":true,"href":"https:\/\/www.hashtag.al\/index.php\/wp-json\/wp\/v2\/media\/469802"}],"wp:attachment":[{"href":"https:\/\/www.hashtag.al\/index.php\/wp-json\/wp\/v2\/media?parent=469801"}],"wp:term":[{"taxonomy":"category","embeddable":true,"href":"https:\/\/www.hashtag.al\/index.php\/wp-json\/wp\/v2\/categories?post=469801"},{"taxonomy":"post_tag","embeddable":true,"href":"https:\/\/www.hashtag.al\/index.php\/wp-json\/wp\/v2\/tags?post=469801"}],"curies":[{"name":"wp","href":"https:\/\/api.w.org\/{rel}","templated":true}]}}