{"id":469646,"date":"2021-08-25T22:30:20","date_gmt":"2021-08-25T20:30:20","guid":{"rendered":"https:\/\/hashtag.al\/?p=469646"},"modified":"2021-08-25T22:30:20","modified_gmt":"2021-08-25T20:30:20","slug":"sherr-me-sende-te-forta-ne-tirane-qellohet-edhe-me-arme-zjarri-plagoset-32-vjecar","status":"publish","type":"post","link":"https:\/\/www.hashtag.al\/index.php\/2021\/08\/25\/sherr-me-sende-te-forta-ne-tirane-qellohet-edhe-me-arme-zjarri-plagoset-32-vjecar\/","title":{"rendered":"Sherr me sende t\u00eb forta n\u00eb Tiran\u00eb, q\u00ebllohet edhe me arm\u00eb zjarri, plagoset 32-vje\u00e7ar","gt_translate_keys":[{"key":"rendered","format":"text"}]},"content":{"rendered":"<p><span style=\"color: #000000;\"><img loading=\"lazy\" decoding=\"async\" class=\"aligncenter size-full wp-image-469647\" src=\"https:\/\/hashtag.al\/wp-content\/uploads\/2021\/08\/sherr.jpg\" alt=\"\" width=\"1222\" height=\"785\" srcset=\"https:\/\/www.hashtag.al\/wp-content\/uploads\/2021\/08\/sherr.jpg 1222w, https:\/\/www.hashtag.al\/wp-content\/uploads\/2021\/08\/sherr-300x193.jpg 300w, https:\/\/www.hashtag.al\/wp-content\/uploads\/2021\/08\/sherr-768x493.jpg 768w, https:\/\/www.hashtag.al\/wp-content\/uploads\/2021\/08\/sherr-1024x658.jpg 1024w\" sizes=\"auto, (max-width: 1222px) 100vw, 1222px\" \/><\/span><\/p>\n<p><span style=\"color: #000000;\">Nj\u00eb person \u00ebsht\u00eb plagosur me sende t\u00eb forta pas nj\u00eb konflikti fizik n\u00eb zon\u00ebn e njohur si \u2018Restorant Durr\u00ebsi\u2019 n\u00eb Tiran\u00eb.<\/span><\/p>\n<p><span style=\"color: #000000;\"> Sipas policis\u00eb, ngjarja ka ndodhur pas nj\u00eb konflikti \u00e7asti e i l\u00ebnduar ka mbetur 32-vje\u00e7ari me iniciale B.S., i cili \u00ebsht\u00eb d\u00ebrguar n\u00eb spital.<\/span><\/p>\n<p><span style=\"color: #000000;\"> Sipas bluve, nj\u00eb nga personat e p\u00ebrfshir\u00eb n\u00eb konflikt ka q\u00eblluar me arm\u00eb zjarri n\u00eb aj\u00ebr e \u00ebsht\u00eb larguar.<\/span><\/p>\n<p><span style=\"color: #000000;\"><strong>Njoftimi<br \/>\n<\/strong><em>\u201cM\u00eb dat\u00eb 25.08.2021, rreth or\u00ebs 21:10, n\u00eb rrug\u00ebn \u201cMemo Meto\u201d gjat\u00eb nj\u00eb konflikti t\u00eb \u00e7astit \u00ebsht\u00eb d\u00ebmtuar me sende t\u00eb forta shtetasi B. S., 32 vje\u00e7, i cili ndodhet n\u00eb spital, n\u00ebn kujdesin e mjek\u00ebve. Gjithashtu, dyshohet se gjat\u00eb konfliktit, nj\u00ebri prej personave t\u00eb p\u00ebrfshir\u00eb n\u00eb konflikt, ka q\u00eblluar me arm\u00eb zjarri n\u00eb aj\u00ebr dhe \u00ebsht\u00eb larguar. Nga konflikti nuk ka asnj\u00eb person t\u00eb d\u00ebmtuar me arm\u00eb zjarri. Grupi hetimor ndodhet n\u00eb vendngjarje dhe po punon p\u00ebr sqarimin e rrethanave t\u00eb ngjarjes dhe identifikimin e kapjen e autorit\/ve.\u201d<\/em><\/span><\/p>\n","protected":false,"gt_translate_keys":[{"key":"rendered","format":"html"}]},"excerpt":{"rendered":"<p>Nj\u00eb person \u00ebsht\u00eb plagosur me sende t\u00eb forta pas nj\u00eb konflikti fizik n\u00eb zon\u00ebn e njohur si \u2018Restorant Durr\u00ebsi\u2019 n\u00eb Tiran\u00eb. Sipas policis\u00eb, ngjarja ka ndodhur pas nj\u00eb konflikti \u00e7asti e i l\u00ebnduar ka mbetur 32-vje\u00e7ari me iniciale B.S., i cili \u00ebsht\u00eb d\u00ebrguar n\u00eb spital. Sipas bluve, nj\u00eb nga personat e p\u00ebrfshir\u00eb n\u00eb konflikt ka [&hellip;]<\/p>\n","protected":false,"gt_translate_keys":[{"key":"rendered","format":"html"}]},"author":51,"featured_media":469647,"comment_status":"closed","ping_status":"closed","sticky":false,"template":"","format":"standard","meta":{"footnotes":""},"categories":[65,13],"tags":[],"class_list":["post-469646","post","type-post","status-publish","format-standard","has-post-thumbnail","hentry","category-lajme","category-te-fundit"],"gt_translate_keys":[{"key":"link","format":"url"}],"_links":{"self":[{"href":"https:\/\/www.hashtag.al\/index.php\/wp-json\/wp\/v2\/posts\/469646","targetHints":{"allow":["GET"]}}],"collection":[{"href":"https:\/\/www.hashtag.al\/index.php\/wp-json\/wp\/v2\/posts"}],"about":[{"href":"https:\/\/www.hashtag.al\/index.php\/wp-json\/wp\/v2\/types\/post"}],"author":[{"embeddable":true,"href":"https:\/\/www.hashtag.al\/index.php\/wp-json\/wp\/v2\/users\/51"}],"replies":[{"embeddable":true,"href":"https:\/\/www.hashtag.al\/index.php\/wp-json\/wp\/v2\/comments?post=469646"}],"version-history":[{"count":0,"href":"https:\/\/www.hashtag.al\/index.php\/wp-json\/wp\/v2\/posts\/469646\/revisions"}],"wp:featuredmedia":[{"embeddable":true,"href":"https:\/\/www.hashtag.al\/index.php\/wp-json\/wp\/v2\/media\/469647"}],"wp:attachment":[{"href":"https:\/\/www.hashtag.al\/index.php\/wp-json\/wp\/v2\/media?parent=469646"}],"wp:term":[{"taxonomy":"category","embeddable":true,"href":"https:\/\/www.hashtag.al\/index.php\/wp-json\/wp\/v2\/categories?post=469646"},{"taxonomy":"post_tag","embeddable":true,"href":"https:\/\/www.hashtag.al\/index.php\/wp-json\/wp\/v2\/tags?post=469646"}],"curies":[{"name":"wp","href":"https:\/\/api.w.org\/{rel}","templated":true}]}}