{"id":469557,"date":"2021-06-25T15:45:40","date_gmt":"2021-06-25T13:45:40","guid":{"rendered":"https:\/\/hashtag.al\/?p=469557"},"modified":"2021-08-29T20:12:35","modified_gmt":"2021-08-29T18:12:35","slug":"ska-qeveri-as-komitet-qe-te-ruaje-shendetin-me-urdher","status":"publish","type":"post","link":"https:\/\/www.hashtag.al\/index.php\/2021\/06\/25\/ska-qeveri-as-komitet-qe-te-ruaje-shendetin-me-urdher\/","title":{"rendered":"S\u2019ka qeveri, as komitet q\u00eb t\u00eb ruaj\u00eb sh\u00ebndetin me urdh\u00ebr","gt_translate_keys":[{"key":"rendered","format":"text"}]},"content":{"rendered":"<p><span style=\"color: #000000;\"><strong><img loading=\"lazy\" decoding=\"async\" class=\"alignright wp-image-464940\" src=\"https:\/\/hashtag.al\/wp-content\/uploads\/2021\/07\/yllimanjani.png\" alt=\"\" width=\"452\" height=\"364\" srcset=\"https:\/\/www.hashtag.al\/wp-content\/uploads\/2021\/07\/yllimanjani.png 699w, https:\/\/www.hashtag.al\/wp-content\/uploads\/2021\/07\/yllimanjani-300x242.png 300w, https:\/\/www.hashtag.al\/wp-content\/uploads\/2021\/07\/yllimanjani-250x200.png 250w, https:\/\/www.hashtag.al\/wp-content\/uploads\/2021\/07\/yllimanjani-614x493.png 614w\" sizes=\"auto, (max-width: 452px) 100vw, 452px\" \/>Nga Ylli Manjani<\/strong><\/span><\/p>\n<p><span style=\"color: #000000;\">\u201cNuk ndryshojn\u00eb masat anti-covid- ka vendosur Komiteti.<\/span><\/p>\n<p><span style=\"color: #000000;\">Me th\u00ebn\u00eb t\u00eb drejt\u00ebn jam dakord!<\/span><\/p>\n<p><span style=\"color: #000000;\">Kam qen\u00eb dakord edhe me mosmbylljen e fundvitit t\u00eb shkuar. Megjith\u00ebse u infektova dhe vet\u00eb.\u00a0 Ashtu si\u00e7 nuk kam qen\u00eb dakord me mbylljen e eg\u00ebr t\u00eb pranver\u00ebs s\u00eb vjetshme.<\/span><\/p>\n<p><span style=\"color: #000000;\">Qart\u00ebsisht \u00ebsht\u00eb provuar se masat ndaluese nuk ndalojn\u00eb infeksionin, por lirit\u00eb dhe t\u00eb drejtat e njer\u00ebzve.<\/span><\/p>\n<p><span style=\"color: #000000;\">M\u00eb mir\u00eb me virus e i lir\u00eb, mendoj.<\/span><\/p>\n<p><span style=\"color: #000000;\">At\u00ebhere p\u00ebrse duhen masa t\u00eb tjera ndaluese?! Virusin do e marrim gjithsesi. Mir\u00eb \u00ebsht\u00eb t\u00eb b\u00ebhet vaksin\u00eb e mir\u00eb (jo kineze) q\u00eb t\u00eb ndihmoj\u00eb trupin.<\/span><\/p>\n<p><span style=\"color: #000000;\">Kaq.<\/span><\/p>\n<p><span style=\"color: #000000;\">Viruset nuk ndalen duke ndalur jet\u00ebn e njer\u00ebzve me urdh\u00ebr.<\/span><\/p>\n<p><span style=\"color: #000000;\">Nuk e kuptoj opozit\u00ebn q\u00eb sugjeron bllokim t\u00eb jet\u00ebs, lirive e t\u00eb drejtave t\u00eb njer\u00ebzve!?<\/span><\/p>\n<p><span style=\"color: #000000;\">Njeriu e ruan vet\u00eb veten.<\/span><\/p>\n<p><span style=\"color: #000000;\">Vaksina e mir\u00eb ndihmon.<\/span><\/p>\n<p><span style=\"color: #000000;\">S\u2019ka qeveri e as komitet q\u00eb t\u00eb ruaj\u00eb sh\u00ebndetin me urdh\u00ebr.<\/span><\/p>\n<p><span style=\"color: #000000;\">Ah po, duhet dhe paracetomol i mir\u00eb q\u00eb t\u00eb b\u00ebj\u00eb efekt\u2026<\/span><\/p>\n","protected":false,"gt_translate_keys":[{"key":"rendered","format":"html"}]},"excerpt":{"rendered":"<p>Nga Ylli Manjani \u201cNuk ndryshojn\u00eb masat anti-covid- ka vendosur Komiteti. Me th\u00ebn\u00eb t\u00eb drejt\u00ebn jam dakord! Kam qen\u00eb dakord edhe me mosmbylljen e fundvitit t\u00eb shkuar. Megjith\u00ebse u infektova dhe vet\u00eb.\u00a0 Ashtu si\u00e7 nuk kam qen\u00eb dakord me mbylljen e eg\u00ebr t\u00eb pranver\u00ebs s\u00eb vjetshme. Qart\u00ebsisht \u00ebsht\u00eb provuar se masat ndaluese nuk ndalojn\u00eb infeksionin, por [&hellip;]<\/p>\n","protected":false,"gt_translate_keys":[{"key":"rendered","format":"html"}]},"author":51,"featured_media":464940,"comment_status":"closed","ping_status":"closed","sticky":false,"template":"","format":"standard","meta":{"footnotes":""},"categories":[20,65],"tags":[],"class_list":["post-469557","post","type-post","status-publish","format-standard","has-post-thumbnail","hentry","category-blog","category-lajme"],"gt_translate_keys":[{"key":"link","format":"url"}],"_links":{"self":[{"href":"https:\/\/www.hashtag.al\/index.php\/wp-json\/wp\/v2\/posts\/469557","targetHints":{"allow":["GET"]}}],"collection":[{"href":"https:\/\/www.hashtag.al\/index.php\/wp-json\/wp\/v2\/posts"}],"about":[{"href":"https:\/\/www.hashtag.al\/index.php\/wp-json\/wp\/v2\/types\/post"}],"author":[{"embeddable":true,"href":"https:\/\/www.hashtag.al\/index.php\/wp-json\/wp\/v2\/users\/51"}],"replies":[{"embeddable":true,"href":"https:\/\/www.hashtag.al\/index.php\/wp-json\/wp\/v2\/comments?post=469557"}],"version-history":[{"count":0,"href":"https:\/\/www.hashtag.al\/index.php\/wp-json\/wp\/v2\/posts\/469557\/revisions"}],"wp:featuredmedia":[{"embeddable":true,"href":"https:\/\/www.hashtag.al\/index.php\/wp-json\/wp\/v2\/media\/464940"}],"wp:attachment":[{"href":"https:\/\/www.hashtag.al\/index.php\/wp-json\/wp\/v2\/media?parent=469557"}],"wp:term":[{"taxonomy":"category","embeddable":true,"href":"https:\/\/www.hashtag.al\/index.php\/wp-json\/wp\/v2\/categories?post=469557"},{"taxonomy":"post_tag","embeddable":true,"href":"https:\/\/www.hashtag.al\/index.php\/wp-json\/wp\/v2\/tags?post=469557"}],"curies":[{"name":"wp","href":"https:\/\/api.w.org\/{rel}","templated":true}]}}