{"id":469368,"date":"2021-08-24T14:14:30","date_gmt":"2021-08-24T12:14:30","guid":{"rendered":"https:\/\/hashtag.al\/?p=469368"},"modified":"2021-08-24T14:15:20","modified_gmt":"2021-08-24T12:15:20","slug":"petrit-vasili-nga-kampi-ne-jal-te-gjithe-te-rinjte-jane-shkembi-ku-do-thyeje-koken-edi-rama","status":"publish","type":"post","link":"https:\/\/www.hashtag.al\/index.php\/2021\/08\/24\/petrit-vasili-nga-kampi-ne-jal-te-gjithe-te-rinjte-jane-shkembi-ku-do-thyeje-koken-edi-rama\/","title":{"rendered":"Petrit Vasili nga kampi n\u00eb Jal: T\u00eb gjith\u00eb t\u00eb rinjt\u00eb jan\u00eb shk\u00ebmbi ku do thyej\u00eb kok\u00ebn Edi Rama","gt_translate_keys":[{"key":"rendered","format":"text"}]},"content":{"rendered":"<p><img loading=\"lazy\" decoding=\"async\" class=\"aligncenter size-full wp-image-469369\" src=\"https:\/\/hashtag.al\/wp-content\/uploads\/2021\/08\/petritvasili.jpg\" alt=\"\" width=\"900\" height=\"600\" srcset=\"https:\/\/www.hashtag.al\/wp-content\/uploads\/2021\/08\/petritvasili.jpg 900w, https:\/\/www.hashtag.al\/wp-content\/uploads\/2021\/08\/petritvasili-300x200.jpg 300w, https:\/\/www.hashtag.al\/wp-content\/uploads\/2021\/08\/petritvasili-768x512.jpg 768w\" sizes=\"auto, (max-width: 900px) 100vw, 900px\" \/><\/p>\n<p>&nbsp;<\/p>\n<p><span style=\"color: #000000;\">Nga kampi i p\u00ebrvitsh\u00ebm n\u00eb Jal, Petrit Vasili i LSI-s\u00eb jep nj\u00eb mesazh p\u00ebr t\u00eb rinjt\u00eb, t\u00eb cil\u00ebt e kan\u00eb emocionuar.<\/span><\/p>\n<p><span style=\"color: #000000;\">\u201cJam v\u00ebrtet pa fjal\u00eb! <\/span><span style=\"color: #000000;\">\u00c7far\u00eb vendosm\u00ebrie dhe optimizmi i jasht\u00ebzakonsh\u00ebm i t\u00eb rinjve n\u00eb Summer Camp e LRI n\u00eb Jal! <\/span><span style=\"color: #000000;\">Kaq t\u00eb qart\u00eb dhe t\u00eb paepur jan\u00eb ata p\u00ebr t\u00eb mos u pajtuar kurr\u00eb me pushtetin mafioz t\u00eb Edi Ram\u00ebs.<\/span><\/p>\n<p><span style=\"color: #000000;\">T\u00eb gjith\u00eb s\u00eb bashku ata jan\u00eb shk\u00ebmbi ku do t\u00eb thyej\u00eb kok\u00ebn Edi Rama dhe \u00e7do delenxhi tjet\u00ebr si ai, q\u00eb b\u00ebn pazar me t\u00eb ardhmen e Shqip\u00ebris\u00eb dhe shqiptar\u00ebve pa kursyer edhe jet\u00ebn e sh\u00ebndetin e tyre!\u201d, shkruan Vasili.<\/span><\/p>\n<p><span style=\"color: #000000;\">N\u00eb fotot e publikuara mungon kryetarja e LSI-s\u00eb, Monika Kryemadhi.<\/span><\/p>\n<p><img loading=\"lazy\" decoding=\"async\" class=\"aligncenter wp-image-469370\" src=\"https:\/\/hashtag.al\/wp-content\/uploads\/2021\/08\/petritvasili2.jpg\" alt=\"\" width=\"989\" height=\"659\" srcset=\"https:\/\/www.hashtag.al\/wp-content\/uploads\/2021\/08\/petritvasili2.jpg 900w, https:\/\/www.hashtag.al\/wp-content\/uploads\/2021\/08\/petritvasili2-300x200.jpg 300w, https:\/\/www.hashtag.al\/wp-content\/uploads\/2021\/08\/petritvasili2-768x512.jpg 768w\" sizes=\"auto, (max-width: 989px) 100vw, 989px\" \/><\/p>\n","protected":false,"gt_translate_keys":[{"key":"rendered","format":"html"}]},"excerpt":{"rendered":"<p>&nbsp; Nga kampi i p\u00ebrvitsh\u00ebm n\u00eb Jal, Petrit Vasili i LSI-s\u00eb jep nj\u00eb mesazh p\u00ebr t\u00eb rinjt\u00eb, t\u00eb cil\u00ebt e kan\u00eb emocionuar. \u201cJam v\u00ebrtet pa fjal\u00eb! \u00c7far\u00eb vendosm\u00ebrie dhe optimizmi i jasht\u00ebzakonsh\u00ebm i t\u00eb rinjve n\u00eb Summer Camp e LRI n\u00eb Jal! Kaq t\u00eb qart\u00eb dhe t\u00eb paepur jan\u00eb ata p\u00ebr t\u00eb mos u pajtuar [&hellip;]<\/p>\n","protected":false,"gt_translate_keys":[{"key":"rendered","format":"html"}]},"author":51,"featured_media":469369,"comment_status":"closed","ping_status":"closed","sticky":false,"template":"","format":"standard","meta":{"footnotes":""},"categories":[65],"tags":[],"class_list":["post-469368","post","type-post","status-publish","format-standard","has-post-thumbnail","hentry","category-lajme"],"gt_translate_keys":[{"key":"link","format":"url"}],"_links":{"self":[{"href":"https:\/\/www.hashtag.al\/index.php\/wp-json\/wp\/v2\/posts\/469368","targetHints":{"allow":["GET"]}}],"collection":[{"href":"https:\/\/www.hashtag.al\/index.php\/wp-json\/wp\/v2\/posts"}],"about":[{"href":"https:\/\/www.hashtag.al\/index.php\/wp-json\/wp\/v2\/types\/post"}],"author":[{"embeddable":true,"href":"https:\/\/www.hashtag.al\/index.php\/wp-json\/wp\/v2\/users\/51"}],"replies":[{"embeddable":true,"href":"https:\/\/www.hashtag.al\/index.php\/wp-json\/wp\/v2\/comments?post=469368"}],"version-history":[{"count":0,"href":"https:\/\/www.hashtag.al\/index.php\/wp-json\/wp\/v2\/posts\/469368\/revisions"}],"wp:featuredmedia":[{"embeddable":true,"href":"https:\/\/www.hashtag.al\/index.php\/wp-json\/wp\/v2\/media\/469369"}],"wp:attachment":[{"href":"https:\/\/www.hashtag.al\/index.php\/wp-json\/wp\/v2\/media?parent=469368"}],"wp:term":[{"taxonomy":"category","embeddable":true,"href":"https:\/\/www.hashtag.al\/index.php\/wp-json\/wp\/v2\/categories?post=469368"},{"taxonomy":"post_tag","embeddable":true,"href":"https:\/\/www.hashtag.al\/index.php\/wp-json\/wp\/v2\/tags?post=469368"}],"curies":[{"name":"wp","href":"https:\/\/api.w.org\/{rel}","templated":true}]}}