{"id":469262,"date":"2021-08-23T23:05:27","date_gmt":"2021-08-23T21:05:27","guid":{"rendered":"https:\/\/hashtag.al\/?p=469262"},"modified":"2021-08-24T00:16:50","modified_gmt":"2021-08-23T22:16:50","slug":"atentati-me-1-viktime-e-3-te-plagosur-ne-lushnje-britma-e-njerez-qe-largohen-me-vrap-video","status":"publish","type":"post","link":"https:\/\/www.hashtag.al\/index.php\/2021\/08\/23\/atentati-me-1-viktime-e-3-te-plagosur-ne-lushnje-britma-e-njerez-qe-largohen-me-vrap-video\/","title":{"rendered":"Atentati me 1 viktim\u00eb e 5 t\u00eb plagosur n\u00eb Lushnj\u00eb, britma e njer\u00ebz q\u00eb largohen me vrap (Video)","gt_translate_keys":[{"key":"rendered","format":"text"}]},"content":{"rendered":"<div style=\"width: 1170px;\" class=\"wp-video\"><video class=\"wp-video-shortcode\" id=\"video-469262-1\" width=\"1170\" height=\"658\" preload=\"metadata\" controls=\"controls\"><source type=\"video\/mp4\" src=\"https:\/\/hashtag.al\/wp-content\/uploads\/2021\/08\/Vrasje-n\u00eb-qend\u00ebr-t\u00eb-Lushnj\u00ebs_-Njer\u00ebz-q\u00eb-vrapojn\u00eb-dhe-nj\u00eb-grua-q\u00eb-qan-pamjet-nga-vendi-i-ngjarjes-1.mp4?_=1\" \/><a href=\"https:\/\/hashtag.al\/wp-content\/uploads\/2021\/08\/Vrasje-n\u00eb-qend\u00ebr-t\u00eb-Lushnj\u00ebs_-Njer\u00ebz-q\u00eb-vrapojn\u00eb-dhe-nj\u00eb-grua-q\u00eb-qan-pamjet-nga-vendi-i-ngjarjes-1.mp4\">https:\/\/hashtag.al\/wp-content\/uploads\/2021\/08\/Vrasje-n\u00eb-qend\u00ebr-t\u00eb-Lushnj\u00ebs_-Njer\u00ebz-q\u00eb-vrapojn\u00eb-dhe-nj\u00eb-grua-q\u00eb-qan-pamjet-nga-vendi-i-ngjarjes-1.mp4<\/a><\/video><\/div>\n<p><span style=\"color: #000000;\">Nj\u00eb person ka mbetur i vrar\u00eb e pes\u00eb t\u00eb t\u00eb tjer\u00eb jan\u00eb plagosur n\u00eb nj\u00eb atentat me arm\u00eb n\u00eb pedonalen e qytetit t\u00eb Lushnj\u00ebs.<\/span><\/p>\n<p><span style=\"color: #000000;\"> Ngjarja e r\u00ebnd\u00eb ka ndodhur mbr\u00ebmjen e sotme, nd\u00ebrsa viktima \u00ebsht\u00eb identifikuar si 40-vje\u00e7ari Bledar Mu\u00e7a, pronari i nj\u00eb lokali. <\/span><\/p>\n<p><span style=\"color: #000000;\">Autor\u00ebt kan\u00eb q\u00eblluar nga nj\u00eb makin\u00eb n\u00eb ecje nd\u00ebrsa gjat\u00eb t\u00eb sht\u00ebnave n\u00eb lokal ka pasur edhe qytetar\u00eb t\u00eb tjer\u00eb t\u00eb cil\u00ebt jan\u00eb larguar me vrap nga vendi i ngjarjes.<\/span><\/p>\n<p><span style=\"color: #000000;\"><span style=\"color: #ff0000;\">*<\/span>Video Credit: <span style=\"color: #0000ff;\">BW e Syri<\/span><\/span><\/p>\n<div style=\"width: 640px;\" class=\"wp-video\"><video class=\"wp-video-shortcode\" id=\"video-469262-2\" width=\"640\" height=\"362\" preload=\"metadata\" controls=\"controls\"><source type=\"video\/mp4\" src=\"https:\/\/hashtag.al\/wp-content\/uploads\/2021\/08\/lushnje1.mp4?_=2\" \/><a href=\"https:\/\/hashtag.al\/wp-content\/uploads\/2021\/08\/lushnje1.mp4\">https:\/\/hashtag.al\/wp-content\/uploads\/2021\/08\/lushnje1.mp4<\/a><\/video><\/div>\n<div style=\"width: 640px;\" class=\"wp-video\"><video class=\"wp-video-shortcode\" id=\"video-469262-3\" width=\"640\" height=\"362\" preload=\"metadata\" controls=\"controls\"><source type=\"video\/mp4\" src=\"https:\/\/hashtag.al\/wp-content\/uploads\/2021\/08\/lushnje3.mp4?_=3\" \/><a href=\"https:\/\/hashtag.al\/wp-content\/uploads\/2021\/08\/lushnje3.mp4\">https:\/\/hashtag.al\/wp-content\/uploads\/2021\/08\/lushnje3.mp4<\/a><\/video><\/div>\n","protected":false,"gt_translate_keys":[{"key":"rendered","format":"html"}]},"excerpt":{"rendered":"<p>Nj\u00eb person ka mbetur i vrar\u00eb e pes\u00eb t\u00eb t\u00eb tjer\u00eb jan\u00eb plagosur n\u00eb nj\u00eb atentat me arm\u00eb n\u00eb pedonalen e qytetit t\u00eb Lushnj\u00ebs. Ngjarja e r\u00ebnd\u00eb ka ndodhur mbr\u00ebmjen e sotme, nd\u00ebrsa viktima \u00ebsht\u00eb identifikuar si 40-vje\u00e7ari Bledar Mu\u00e7a, pronari i nj\u00eb lokali. Autor\u00ebt kan\u00eb q\u00eblluar nga nj\u00eb makin\u00eb n\u00eb ecje nd\u00ebrsa gjat\u00eb t\u00eb [&hellip;]<\/p>\n","protected":false,"gt_translate_keys":[{"key":"rendered","format":"html"}]},"author":51,"featured_media":469272,"comment_status":"closed","ping_status":"closed","sticky":false,"template":"","format":"standard","meta":{"footnotes":""},"categories":[65,13],"tags":[],"class_list":["post-469262","post","type-post","status-publish","format-standard","has-post-thumbnail","hentry","category-lajme","category-te-fundit"],"gt_translate_keys":[{"key":"link","format":"url"}],"_links":{"self":[{"href":"https:\/\/www.hashtag.al\/index.php\/wp-json\/wp\/v2\/posts\/469262","targetHints":{"allow":["GET"]}}],"collection":[{"href":"https:\/\/www.hashtag.al\/index.php\/wp-json\/wp\/v2\/posts"}],"about":[{"href":"https:\/\/www.hashtag.al\/index.php\/wp-json\/wp\/v2\/types\/post"}],"author":[{"embeddable":true,"href":"https:\/\/www.hashtag.al\/index.php\/wp-json\/wp\/v2\/users\/51"}],"replies":[{"embeddable":true,"href":"https:\/\/www.hashtag.al\/index.php\/wp-json\/wp\/v2\/comments?post=469262"}],"version-history":[{"count":0,"href":"https:\/\/www.hashtag.al\/index.php\/wp-json\/wp\/v2\/posts\/469262\/revisions"}],"wp:featuredmedia":[{"embeddable":true,"href":"https:\/\/www.hashtag.al\/index.php\/wp-json\/wp\/v2\/media\/469272"}],"wp:attachment":[{"href":"https:\/\/www.hashtag.al\/index.php\/wp-json\/wp\/v2\/media?parent=469262"}],"wp:term":[{"taxonomy":"category","embeddable":true,"href":"https:\/\/www.hashtag.al\/index.php\/wp-json\/wp\/v2\/categories?post=469262"},{"taxonomy":"post_tag","embeddable":true,"href":"https:\/\/www.hashtag.al\/index.php\/wp-json\/wp\/v2\/tags?post=469262"}],"curies":[{"name":"wp","href":"https:\/\/api.w.org\/{rel}","templated":true}]}}