{"id":469119,"date":"2021-08-23T07:43:31","date_gmt":"2021-08-23T05:43:31","guid":{"rendered":"https:\/\/hashtag.al\/?p=469119"},"modified":"2021-08-23T07:46:10","modified_gmt":"2021-08-23T05:46:10","slug":"vranesira-kalimtare-temperaturat-nga-16-deri-37-grade-celcius","status":"publish","type":"post","link":"https:\/\/www.hashtag.al\/index.php\/2021\/08\/23\/vranesira-kalimtare-temperaturat-nga-16-deri-37-grade-celcius\/","title":{"rendered":"Vran\u00ebsira kalimtare, temperaturat nga 16 deri 37 Grad\u00eb Celcius","gt_translate_keys":[{"key":"rendered","format":"text"}]},"content":{"rendered":"<p><img loading=\"lazy\" decoding=\"async\" class=\"aligncenter wp-image-469120\" src=\"https:\/\/hashtag.al\/wp-content\/uploads\/2021\/08\/moti.jpg\" alt=\"\" width=\"981\" height=\"561\" srcset=\"https:\/\/www.hashtag.al\/wp-content\/uploads\/2021\/08\/moti.jpg 770w, https:\/\/www.hashtag.al\/wp-content\/uploads\/2021\/08\/moti-300x171.jpg 300w, https:\/\/www.hashtag.al\/wp-content\/uploads\/2021\/08\/moti-768x439.jpg 768w\" sizes=\"auto, (max-width: 981px) 100vw, 981px\" \/><\/p>\n<p><span style=\"color: #000000;\">Kthjellime n\u00eb pjes\u00ebn m\u00eb t\u00eb madhe t\u00eb dit\u00ebs, nd\u00ebrsa do t\u00eb ket\u00eb vran\u00ebsira kalimtare n\u00eb zonat malore.<\/span><\/p>\n<p><span style=\"color: #000000;\">Temperaturat sipas \u201cMeteoAlb\u201d do t\u00eb luhaten nga 16 deri n\u00eb 37 grad\u00eb celcius.<\/span><\/p>\n<p><span style=\"color: #000000;\">\u201cDita e sotme vijon me kthjellime n\u00eb pjes\u00ebn m\u00eb t\u00eb madhe t\u00eb vendit nd\u00ebrsa vran\u00ebsira kalimtare do t\u00eb ket\u00eb n\u00eb zonat malore nga mesdita deri n\u00eb mbr\u00ebmje.<\/span><\/p>\n<p><span style=\"color: #000000;\">Temperaturat e ajrit rriten leht\u00eb n\u00eb t\u00eb dy vlerat ditore, t\u00eb cilat luhaten nga 16 n\u00eb 34\u00b0C p\u00ebr zonat malore dhe nga 21 n\u00eb 37\u00b0C p\u00ebr bregdetin dhe zonat e ul\u00ebta. Era do t\u00eb fryj\u00eb e leht\u00eb deri mesatare nga drejtimi per\u00ebndimor gjat\u00eb pjes\u00ebs m\u00eb t\u00eb madhe t\u00eb dit\u00ebs, p\u00ebrjashtuar nj\u00eb forcim t\u00eb p\u00ebrkohsh\u00ebm n\u00eb mesdit\u00eb kur dallg\u00ebzimi n\u00eb brigjet detare do t\u00eb ngjitet n\u00eb 3 ball\u00eb.\u201d, jep holl\u00ebsi \u201cMeteoAlb\u201d.<\/span><\/p>\n","protected":false,"gt_translate_keys":[{"key":"rendered","format":"html"}]},"excerpt":{"rendered":"<p>Kthjellime n\u00eb pjes\u00ebn m\u00eb t\u00eb madhe t\u00eb dit\u00ebs, nd\u00ebrsa do t\u00eb ket\u00eb vran\u00ebsira kalimtare n\u00eb zonat malore. Temperaturat sipas \u201cMeteoAlb\u201d do t\u00eb luhaten nga 16 deri n\u00eb 37 grad\u00eb celcius. \u201cDita e sotme vijon me kthjellime n\u00eb pjes\u00ebn m\u00eb t\u00eb madhe t\u00eb vendit nd\u00ebrsa vran\u00ebsira kalimtare do t\u00eb ket\u00eb n\u00eb zonat malore nga mesdita deri [&hellip;]<\/p>\n","protected":false,"gt_translate_keys":[{"key":"rendered","format":"html"}]},"author":51,"featured_media":469120,"comment_status":"closed","ping_status":"closed","sticky":false,"template":"","format":"standard","meta":{"footnotes":""},"categories":[65],"tags":[],"class_list":["post-469119","post","type-post","status-publish","format-standard","has-post-thumbnail","hentry","category-lajme"],"gt_translate_keys":[{"key":"link","format":"url"}],"_links":{"self":[{"href":"https:\/\/www.hashtag.al\/index.php\/wp-json\/wp\/v2\/posts\/469119","targetHints":{"allow":["GET"]}}],"collection":[{"href":"https:\/\/www.hashtag.al\/index.php\/wp-json\/wp\/v2\/posts"}],"about":[{"href":"https:\/\/www.hashtag.al\/index.php\/wp-json\/wp\/v2\/types\/post"}],"author":[{"embeddable":true,"href":"https:\/\/www.hashtag.al\/index.php\/wp-json\/wp\/v2\/users\/51"}],"replies":[{"embeddable":true,"href":"https:\/\/www.hashtag.al\/index.php\/wp-json\/wp\/v2\/comments?post=469119"}],"version-history":[{"count":0,"href":"https:\/\/www.hashtag.al\/index.php\/wp-json\/wp\/v2\/posts\/469119\/revisions"}],"wp:featuredmedia":[{"embeddable":true,"href":"https:\/\/www.hashtag.al\/index.php\/wp-json\/wp\/v2\/media\/469120"}],"wp:attachment":[{"href":"https:\/\/www.hashtag.al\/index.php\/wp-json\/wp\/v2\/media?parent=469119"}],"wp:term":[{"taxonomy":"category","embeddable":true,"href":"https:\/\/www.hashtag.al\/index.php\/wp-json\/wp\/v2\/categories?post=469119"},{"taxonomy":"post_tag","embeddable":true,"href":"https:\/\/www.hashtag.al\/index.php\/wp-json\/wp\/v2\/tags?post=469119"}],"curies":[{"name":"wp","href":"https:\/\/api.w.org\/{rel}","templated":true}]}}