{"id":468784,"date":"2021-08-20T21:47:48","date_gmt":"2021-08-20T19:47:48","guid":{"rendered":"https:\/\/hashtag.al\/?p=468784"},"modified":"2021-08-20T21:47:48","modified_gmt":"2021-08-20T19:47:48","slug":"von-der-leyen-thirrje-per-ofrimin-e-azilit-per-afganet","status":"publish","type":"post","link":"https:\/\/www.hashtag.al\/index.php\/2021\/08\/20\/von-der-leyen-thirrje-per-ofrimin-e-azilit-per-afganet\/","title":{"rendered":"Von der Leyen thirrje p\u00ebr ofrimin e azilit p\u00ebr afgan\u00ebt","gt_translate_keys":[{"key":"rendered","format":"text"}]},"content":{"rendered":"<p><span style=\"color: #000000;\"><img loading=\"lazy\" decoding=\"async\" class=\"aligncenter size-full wp-image-460574\" src=\"https:\/\/hashtag.al\/wp-content\/uploads\/2021\/07\/vonderleyen1.jpg\" alt=\"\" width=\"1600\" height=\"897\" srcset=\"https:\/\/www.hashtag.al\/wp-content\/uploads\/2021\/07\/vonderleyen1.jpg 1600w, https:\/\/www.hashtag.al\/wp-content\/uploads\/2021\/07\/vonderleyen1-300x168.jpg 300w, https:\/\/www.hashtag.al\/wp-content\/uploads\/2021\/07\/vonderleyen1-768x431.jpg 768w, https:\/\/www.hashtag.al\/wp-content\/uploads\/2021\/07\/vonderleyen1-1024x574.jpg 1024w\" sizes=\"auto, (max-width: 1600px) 100vw, 1600px\" \/><\/span><\/p>\n<p><span style=\"color: #000000;\">Presidentja e Komisionit Evropian, Ursula von der Leyen\u00a0 b\u00ebn thirrje p\u00ebr nj\u00eb zgjidhje nd\u00ebrkomb\u00ebtare p\u00ebr refugjat\u00ebt, p\u00ebrpara samitit t\u00eb G7-s mbi situat\u00ebn n\u00eb Afganistan.<\/span><\/p>\n<p><span style=\"color: #000000;\">\u201c\u00cbsht\u00eb e r\u00ebnd\u00ebsishme q\u00eb t\u00eb gjitha shtetet e p\u00ebrfshira n\u00eb misionin n\u00eb Afganistan t\u00eb sigurojn\u00eb kuota t\u00eb mjaftueshme p\u00ebr zhvendosje dhe rrug\u00eb t\u00eb sigurta n\u00eb m\u00ebnyr\u00eb q\u00eb ne t\u00eb marrim ata q\u00eb kan\u00eb nevoj\u00eb p\u00ebr mbrojtje\u201d, tha Der Leyen, n\u00eb nj\u00eb intervist\u00eb ekskluzive p\u00ebr DPA-n\u00eb.<\/span><\/p>\n<p><span style=\"color: #000000;\">Duke folur p\u00ebr shtypin, p\u00ebr her\u00eb t\u00eb par\u00eb q\u00eb kur taleban\u00ebt mor\u00ebn pushtetin pas t\u00ebrheqjes s\u00eb trupave t\u00eb NATO-s nga Afganistani, politikania gjermane e qendr\u00ebs s\u00eb djatht\u00eb tha se ishte e nevojshme p\u00ebr t\u00eb parandaluar q\u00eb njer\u00ebzit t\u00eb mos binin n\u00eb duart e kontrabandist\u00ebve dhe trafikant\u00ebve t\u00eb qenieve njer\u00ebzore.<\/span><\/p>\n<p><span style=\"color: #000000;\">\u201cSepse kjo i v\u00eb afgan\u00ebt q\u00eb duan t\u00eb ikin nga konflikti n\u00eb t\u00eb nj\u00ebjtin rrezik\u201d, theksoi ajo.<\/span><\/p>\n<p><span style=\"color: #000000;\">Udh\u00ebheq\u00ebsit e vendeve t\u00eb G7-s \u2013 BM, Kanadaja, Franca, Gjermania, Italia, Japonia dhe SHBA \u2013 planifikojn\u00eb nj\u00eb video-konferenc\u00eb jav\u00ebn e ardhshme p\u00ebr t\u00eb diskutuar se si t\u00eb veprohet.<\/span><\/p>\n<p><span style=\"color: #000000;\">P\u00ebrfaq\u00ebsuesit e lart\u00eb t\u00eb BE -s\u00eb gjithashtu p\u00ebrfshihen zakonisht n\u00eb takime t\u00eb tilla.<\/span><\/p>\n<p><span style=\"color: #000000;\">Bashkimi Evropian pret nj\u00eb rritje t\u00eb ndjeshme t\u00eb numrit t\u00eb njer\u00ebzve q\u00eb duan t\u00eb largohen nga Afganistani.<\/span><\/p>\n<p><span style=\"color: #000000;\">\u201cE gjith\u00eb kjo \u00ebsht\u00eb nj\u00eb tragjedi p\u00ebr popullin e Afganistanit dhe nj\u00eb penges\u00eb serioze p\u00ebr bashk\u00ebsin\u00eb nd\u00ebrkomb\u00ebtare\u201d, tha von der Leyen.<\/span><\/p>\n<p>&nbsp;<\/p>\n","protected":false,"gt_translate_keys":[{"key":"rendered","format":"html"}]},"excerpt":{"rendered":"<p>Presidentja e Komisionit Evropian, Ursula von der Leyen\u00a0 b\u00ebn thirrje p\u00ebr nj\u00eb zgjidhje nd\u00ebrkomb\u00ebtare p\u00ebr refugjat\u00ebt, p\u00ebrpara samitit t\u00eb G7-s mbi situat\u00ebn n\u00eb Afganistan. \u201c\u00cbsht\u00eb e r\u00ebnd\u00ebsishme q\u00eb t\u00eb gjitha shtetet e p\u00ebrfshira n\u00eb misionin n\u00eb Afganistan t\u00eb sigurojn\u00eb kuota t\u00eb mjaftueshme p\u00ebr zhvendosje dhe rrug\u00eb t\u00eb sigurta n\u00eb m\u00ebnyr\u00eb q\u00eb ne t\u00eb marrim ata [&hellip;]<\/p>\n","protected":false,"gt_translate_keys":[{"key":"rendered","format":"html"}]},"author":32,"featured_media":460574,"comment_status":"closed","ping_status":"closed","sticky":false,"template":"","format":"standard","meta":{"footnotes":""},"categories":[6,13],"tags":[],"class_list":["post-468784","post","type-post","status-publish","format-standard","has-post-thumbnail","hentry","category-nderkombetare","category-te-fundit"],"gt_translate_keys":[{"key":"link","format":"url"}],"_links":{"self":[{"href":"https:\/\/www.hashtag.al\/index.php\/wp-json\/wp\/v2\/posts\/468784","targetHints":{"allow":["GET"]}}],"collection":[{"href":"https:\/\/www.hashtag.al\/index.php\/wp-json\/wp\/v2\/posts"}],"about":[{"href":"https:\/\/www.hashtag.al\/index.php\/wp-json\/wp\/v2\/types\/post"}],"author":[{"embeddable":true,"href":"https:\/\/www.hashtag.al\/index.php\/wp-json\/wp\/v2\/users\/32"}],"replies":[{"embeddable":true,"href":"https:\/\/www.hashtag.al\/index.php\/wp-json\/wp\/v2\/comments?post=468784"}],"version-history":[{"count":0,"href":"https:\/\/www.hashtag.al\/index.php\/wp-json\/wp\/v2\/posts\/468784\/revisions"}],"wp:featuredmedia":[{"embeddable":true,"href":"https:\/\/www.hashtag.al\/index.php\/wp-json\/wp\/v2\/media\/460574"}],"wp:attachment":[{"href":"https:\/\/www.hashtag.al\/index.php\/wp-json\/wp\/v2\/media?parent=468784"}],"wp:term":[{"taxonomy":"category","embeddable":true,"href":"https:\/\/www.hashtag.al\/index.php\/wp-json\/wp\/v2\/categories?post=468784"},{"taxonomy":"post_tag","embeddable":true,"href":"https:\/\/www.hashtag.al\/index.php\/wp-json\/wp\/v2\/tags?post=468784"}],"curies":[{"name":"wp","href":"https:\/\/api.w.org\/{rel}","templated":true}]}}