{"id":468609,"date":"2021-08-19T23:04:54","date_gmt":"2021-08-19T21:04:54","guid":{"rendered":"https:\/\/hashtag.al\/?p=468609"},"modified":"2021-08-19T23:04:54","modified_gmt":"2021-08-19T21:04:54","slug":"tre-filma-nga-kosova-fitojne-cmime-ne-festivalin-e-filmit-ne-sarajeve","status":"publish","type":"post","link":"https:\/\/www.hashtag.al\/index.php\/2021\/08\/19\/tre-filma-nga-kosova-fitojne-cmime-ne-festivalin-e-filmit-ne-sarajeve\/","title":{"rendered":"Tre filma nga Kosova fitojn\u00eb \u00e7mime n\u00eb Festivalin e Filmit n\u00eb Sarajev\u00eb","gt_translate_keys":[{"key":"rendered","format":"text"}]},"content":{"rendered":"<p><span style=\"color: #000000;\"><img loading=\"lazy\" decoding=\"async\" class=\"aligncenter size-full wp-image-468610\" src=\"https:\/\/hashtag.al\/wp-content\/uploads\/2021\/08\/sarajeva-film.png\" alt=\"\" width=\"1059\" height=\"633\" srcset=\"https:\/\/www.hashtag.al\/wp-content\/uploads\/2021\/08\/sarajeva-film.png 1059w, https:\/\/www.hashtag.al\/wp-content\/uploads\/2021\/08\/sarajeva-film-300x179.png 300w, https:\/\/www.hashtag.al\/wp-content\/uploads\/2021\/08\/sarajeva-film-768x459.png 768w, https:\/\/www.hashtag.al\/wp-content\/uploads\/2021\/08\/sarajeva-film-1024x612.png 1024w\" sizes=\"auto, (max-width: 1059px) 100vw, 1059px\" \/><\/span><\/p>\n<p><span style=\"color: #000000;\">Tre filma nga Kosova, q\u00eb ishin n\u00eb gar\u00eb n\u00eb Festivalin e Filmit n\u00eb Sarajev\u00eb (SFF), kan\u00eb fituar \u00e7mime.<\/span><\/p>\n<p><span style=\"color: #000000;\">\u00c7mimi \u201cZemra e Sarajev\u00ebs\u201d p\u00ebr aktoren m\u00eb t\u00eb mir\u00eb e fituan aktoret e filmit \u201cLuaneshat e Kodr\u00ebs\u201d: Flaka Latifi, Era Balaj dhe Urata Shabani.<\/span><\/p>\n<p><span style=\"color: #000000;\">\u00c7mimi p\u00ebr promovimin e barazis\u00eb gjinore iu dha Norika Sef\u00ebs p\u00ebr filmin \u201cN\u00eb k\u00ebrkim t\u00eb Vener\u00ebs\u201d. Nd\u00ebrkaq, mir\u00ebnjohja e ve\u00e7ant\u00eb e juris\u00eb iu nda filmit \u201cPa vend\u201d me regji nga Samir Karahoda.<\/span><\/p>\n<p><span style=\"color: #000000;\">N\u00eb ceremonin\u00eb solemne t\u00eb festivalit, q\u00eb u mbajt t\u00eb enjten, m\u00eb 19 gusht, n\u00eb Teatrin e Sarajev\u00ebs, \u00e7mimi p\u00ebr filmin m\u00eb t\u00eb mir\u00eb e fitoi \u201cGreat Freedom\u201d nga Sebastian Meisea.<\/span><\/p>\n<p><span style=\"color: #000000;\">\u00c7mimi p\u00ebr regjisorin m\u00eb t\u00eb mir\u00eb iu dha Millica Todoroviqit p\u00ebr filmin \u201cCelts\u201d.<\/span><\/p>\n<p><span style=\"color: #000000;\">\u201cZemra e Sarajev\u00ebs\u201d p\u00ebr aktorin m\u00eb t\u00eb mir\u00eb shkoi te Georg Friedrich p\u00ebr rolin e tij n\u00eb filmin &#8220;Great Freedom&#8221;.<\/span><\/p>\n<p><span style=\"color: #000000;\">\u00c7mimi special i juris\u00eb p\u00ebr filmin dokumentar iu dha filmave &#8220;The same dream&#8221; me regji t\u00eb Vlado Petri, si dhe filmit &#8220;Looking for horses&#8221; t\u00eb Stefan Pavloviqit.<\/span><\/p>\n<p><span style=\"color: #000000;\">Nd\u00ebrkaq, dokumentari m\u00eb i mir\u00eb u zgjodh &#8220;Landscapes of Resistance&#8221; nga Marta Popivoda.<\/span><\/p>\n<p><span style=\"color: #000000;\">\u00c7mimi p\u00ebr t\u00eb Drejtat e Njeriut si pjes\u00eb e programit t\u00eb dokumentareve iu dha Ahmet Nexhdet \u00c7upur p\u00ebr vepr\u00ebn e tij &#8220;Les Enfants Terribles&#8221;.<\/span><\/p>\n<p><span style=\"color: #000000;\">Nd\u00ebrkaq \u00e7mimi p\u00ebr filmin m\u00eb t\u00eb mir\u00eb studentor shkoi p\u00ebr filmin &#8220;Summer Planning&#8221; t\u00eb Alexandru Mironescu dhe &#8220;Everything ahead&#8221; e Mate Ugrin u zgjodh filmi m\u00eb i mir\u00eb i shkurt\u00ebr.<\/span><\/p>\n<p><span style=\"color: #000000;\">Festivali i Filmit n\u00eb Sarajev\u00eb \u00ebsht\u00eb gara m\u00eb e madhe e filmit n\u00eb Ballkanin Per\u00ebndimor. K\u00ebt\u00eb vit,\u00a0n\u00eb k\u00ebt\u00eb festival\u00a018 filma kishin premier\u00eb bot\u00ebrore, tre nd\u00ebrkomb\u00ebtare nd\u00ebrkomb\u00ebtare, nj\u00eb evropiane, 24 rajonale dhe nj\u00eb boshnjake.<\/span><\/p>\n","protected":false,"gt_translate_keys":[{"key":"rendered","format":"html"}]},"excerpt":{"rendered":"<p>Tre filma nga Kosova, q\u00eb ishin n\u00eb gar\u00eb n\u00eb Festivalin e Filmit n\u00eb Sarajev\u00eb (SFF), kan\u00eb fituar \u00e7mime. \u00c7mimi \u201cZemra e Sarajev\u00ebs\u201d p\u00ebr aktoren m\u00eb t\u00eb mir\u00eb e fituan aktoret e filmit \u201cLuaneshat e Kodr\u00ebs\u201d: Flaka Latifi, Era Balaj dhe Urata Shabani. \u00c7mimi p\u00ebr promovimin e barazis\u00eb gjinore iu dha Norika Sef\u00ebs p\u00ebr filmin \u201cN\u00eb [&hellip;]<\/p>\n","protected":false,"gt_translate_keys":[{"key":"rendered","format":"html"}]},"author":32,"featured_media":468610,"comment_status":"closed","ping_status":"closed","sticky":false,"template":"","format":"standard","meta":{"footnotes":""},"categories":[53,13],"tags":[],"class_list":["post-468609","post","type-post","status-publish","format-standard","has-post-thumbnail","hentry","category-fast-foodi","category-te-fundit"],"gt_translate_keys":[{"key":"link","format":"url"}],"_links":{"self":[{"href":"https:\/\/www.hashtag.al\/index.php\/wp-json\/wp\/v2\/posts\/468609","targetHints":{"allow":["GET"]}}],"collection":[{"href":"https:\/\/www.hashtag.al\/index.php\/wp-json\/wp\/v2\/posts"}],"about":[{"href":"https:\/\/www.hashtag.al\/index.php\/wp-json\/wp\/v2\/types\/post"}],"author":[{"embeddable":true,"href":"https:\/\/www.hashtag.al\/index.php\/wp-json\/wp\/v2\/users\/32"}],"replies":[{"embeddable":true,"href":"https:\/\/www.hashtag.al\/index.php\/wp-json\/wp\/v2\/comments?post=468609"}],"version-history":[{"count":0,"href":"https:\/\/www.hashtag.al\/index.php\/wp-json\/wp\/v2\/posts\/468609\/revisions"}],"wp:featuredmedia":[{"embeddable":true,"href":"https:\/\/www.hashtag.al\/index.php\/wp-json\/wp\/v2\/media\/468610"}],"wp:attachment":[{"href":"https:\/\/www.hashtag.al\/index.php\/wp-json\/wp\/v2\/media?parent=468609"}],"wp:term":[{"taxonomy":"category","embeddable":true,"href":"https:\/\/www.hashtag.al\/index.php\/wp-json\/wp\/v2\/categories?post=468609"},{"taxonomy":"post_tag","embeddable":true,"href":"https:\/\/www.hashtag.al\/index.php\/wp-json\/wp\/v2\/tags?post=468609"}],"curies":[{"name":"wp","href":"https:\/\/api.w.org\/{rel}","templated":true}]}}