{"id":468288,"date":"2021-08-17T23:43:43","date_gmt":"2021-08-17T21:43:43","guid":{"rendered":"https:\/\/hashtag.al\/?p=468288"},"modified":"2021-08-17T23:49:49","modified_gmt":"2021-08-17T21:49:49","slug":"twitteri-i-vendos-etiketa-mediave-te-kontrolluara-nga-ai-vucic-do-behem-trumpi-i-dyte-kjo-eshte-censure","status":"publish","type":"post","link":"https:\/\/www.hashtag.al\/index.php\/2021\/08\/17\/twitteri-i-vendos-etiketa-mediave-te-kontrolluara-nga-ai-vucic-do-behem-trumpi-i-dyte-kjo-eshte-censure\/","title":{"rendered":"Twitteri i vendos etiketa mediave t\u00eb kontrolluara nga ai, Vu\u00e7i\u00e7: Do b\u00ebhem Trumpi i dyt\u00eb, kjo \u00ebsht\u00eb censur\u00eb","gt_translate_keys":[{"key":"rendered","format":"text"}]},"content":{"rendered":"<p><span style=\"color: #000000;\"><img loading=\"lazy\" decoding=\"async\" class=\"aligncenter size-full wp-image-443850\" src=\"https:\/\/hashtag.al\/wp-content\/uploads\/2021\/04\/vucic.jpg\" alt=\"\" width=\"1224\" height=\"770\" srcset=\"https:\/\/www.hashtag.al\/wp-content\/uploads\/2021\/04\/vucic.jpg 1224w, https:\/\/www.hashtag.al\/wp-content\/uploads\/2021\/04\/vucic-300x189.jpg 300w, https:\/\/www.hashtag.al\/wp-content\/uploads\/2021\/04\/vucic-768x483.jpg 768w, https:\/\/www.hashtag.al\/wp-content\/uploads\/2021\/04\/vucic-1024x644.jpg 1024w\" sizes=\"auto, (max-width: 1224px) 100vw, 1224px\" \/><\/span><\/p>\n<p><span style=\"color: #000000;\">Presidenti i Serbis\u00eb Aleksandar Vu\u00e7i\u00e7 sfidoi Twitterin t\u00eb mart\u00ebn t\u00eb mbyllte llogarin\u00eb e tij ashtu si\u00e7 b\u00ebri me Donald Trump, pasi disa media n\u00ebn kontrollin e tij u etiketuan t\u00eb lidhura me shtetin nga rrjeti social.<\/span><\/p>\n<p><span style=\"color: #000000;\">&#8220;<em>Un\u00eb nuk mund t\u00eb pres q\u00eb ata (Tuitter) t\u00eb mbyllin llogarin\u00eb time n\u00eb m\u00ebnyr\u00eb q\u00eb t\u00eb b\u00ebhem nj\u00eb Trump tjet\u00ebr n\u00eb bot\u00eb,&#8221;<\/em> tha Vu\u00e7i\u00e7.<\/span><\/p>\n<p><span style=\"color: #000000;\">Twitter n\u00eb janar fshiu llogarin\u00eb e ish -presidentit amerikan p\u00ebr shkak t\u00eb rrezikut t\u00eb nxitjes s\u00eb m\u00ebtejshme t\u00eb dhun\u00ebs pasi mb\u00ebshtet\u00ebsit e tij sulmuan Kapitolin e SHBA m\u00eb 6 janar pasi ai humbi zgjedhjet presidenciale.<\/span><\/p>\n<p><span style=\"color: #000000;\">Twitter ka p\u00ebrcaktuar mediat e lidhura me shtetin si &#8220;media ku shteti ushtron kontroll mbi p\u00ebrmbajtjen editoriale p\u00ebrmes burimeve financiare, presioneve t\u00eb drejtp\u00ebrdrejta ose indirekte politike dhe\/ose kontroll mbi prodhimin dhe shp\u00ebrndarjen&#8221;.<\/span><\/p>\n<p><span style=\"color: #000000;\">&#8220;Me k\u00eb duhet t\u00eb bashk\u00ebpunojn\u00eb, me manjat\u00ebt, hajdut\u00ebt apo kriminel\u00ebt?&#8221; Pyeti Vu\u00e7i\u00e7. &#8220;<em>\u00cbsht\u00eb shum\u00eb normale q\u00eb ata t\u00eb bashk\u00ebpunojn\u00eb me qeverin\u00eb<\/em>.&#8221;<\/span><\/p>\n<p><span style=\"color: #000000;\">Ai tha se etiketa e Twitter nuk \u00ebsht\u00eb gj\u00eb tjet\u00ebr ve\u00e7se &#8220;censur\u00eb&#8221;.<\/span><\/p>\n<p><span style=\"color: #000000;\">Vu\u00e7i\u00e7, ka mbajtur nj\u00eb kontroll t\u00eb ngusht\u00eb n\u00eb mediat serbe q\u00eb kur erdhi n\u00eb pushtet 10 vjet m\u00eb par\u00eb.<\/span><\/p>\n<p><span style=\"color: #000000;\">Mediat pro-qeveritare t\u00eb Serbis\u00eb, p\u00ebrfshir\u00eb televizionin shtet\u00ebror, shfryjn\u00eb rregullisht ndaj disa mediave t\u00eb pavarura t\u00eb mbetura n\u00eb Serbi, duke pretenduar se ato kontrollohen nga figura t\u00eb korruptuara t\u00eb opozit\u00ebs ose ambasada per\u00ebndimore.<\/span><\/p>\n<p><span style=\"color: #000000;\">Vu\u00e7i\u00e7 p\u00ebrg\u00ebzoi t\u00eb gjitha mediat q\u00eb kan\u00eb marr\u00eb nj\u00eb etiket\u00eb t\u00eb till\u00eb Twitter n\u00eb llogarit\u00eb e tyre, duke th\u00ebn\u00eb se ata &#8220;<em>po p\u00ebrhapin idet\u00eb liridash\u00ebse<\/em>&#8220;.<\/span><\/p>\n<p><span style=\"color: #000000;\">P\u00ebrve\u00e7 Serbis\u00eb, etiketat shfaqen edhe n\u00eb llogarit\u00eb e shumta t\u00eb Twitter n\u00eb t\u00eb gjith\u00eb bot\u00ebn, p\u00ebrfshir\u00eb SHBA, Kin\u00ebn, Franc\u00ebn, Rusin\u00eb, Gjermanin\u00eb, Italin\u00eb, Japonin\u00eb, Arabin\u00eb Saudite, Spanj\u00ebn, Turqin\u00eb dhe Emiratet e Bashkuara Arabe.<\/span><\/p>\n\n\t\t<style type=\"text\/css\">\n\t\t\t#gallery-1 {\n\t\t\t\tmargin: auto;\n\t\t\t}\n\t\t\t#gallery-1 .gallery-item {\n\t\t\t\tfloat: left;\n\t\t\t\tmargin-top: 10px;\n\t\t\t\ttext-align: center;\n\t\t\t\twidth: 50%;\n\t\t\t}\n\t\t\t#gallery-1 img {\n\t\t\t\tborder: 2px solid #cfcfcf;\n\t\t\t}\n\t\t\t#gallery-1 .gallery-caption {\n\t\t\t\tmargin-left: 0;\n\t\t\t}\n\t\t\t\/* see gallery_shortcode() in wp-includes\/media.php *\/\n\t\t<\/style>\n\t\t<div id='gallery-1' class='gallery galleryid-468288 gallery-columns-2 gallery-size-full'><dl class='gallery-item'>\n\t\t\t<dt class='gallery-icon landscape'>\n\t\t\t\t<a href='https:\/\/www.hashtag.al\/index.php\/2021\/08\/17\/twitteri-i-vendos-etiketa-mediave-te-kontrolluara-nga-ai-vucic-do-behem-trumpi-i-dyte-kjo-eshte-censure\/kurir-5\/'><img loading=\"lazy\" decoding=\"async\" width=\"732\" height=\"661\" src=\"https:\/\/www.hashtag.al\/wp-content\/uploads\/2021\/08\/kurir.png\" class=\"attachment-full size-full\" alt=\"\" srcset=\"https:\/\/www.hashtag.al\/wp-content\/uploads\/2021\/08\/kurir.png 732w, https:\/\/www.hashtag.al\/wp-content\/uploads\/2021\/08\/kurir-300x271.png 300w\" sizes=\"auto, (max-width: 732px) 100vw, 732px\" \/><\/a>\n\t\t\t<\/dt><\/dl><dl class='gallery-item'>\n\t\t\t<dt class='gallery-icon landscape'>\n\t\t\t\t<a href='https:\/\/www.hashtag.al\/index.php\/2021\/08\/17\/twitteri-i-vendos-etiketa-mediave-te-kontrolluara-nga-ai-vucic-do-behem-trumpi-i-dyte-kjo-eshte-censure\/shembull\/'><img loading=\"lazy\" decoding=\"async\" width=\"710\" height=\"679\" src=\"https:\/\/www.hashtag.al\/wp-content\/uploads\/2021\/08\/shembull.png\" class=\"attachment-full size-full\" alt=\"\" srcset=\"https:\/\/www.hashtag.al\/wp-content\/uploads\/2021\/08\/shembull.png 710w, https:\/\/www.hashtag.al\/wp-content\/uploads\/2021\/08\/shembull-300x287.png 300w\" sizes=\"auto, (max-width: 710px) 100vw, 710px\" \/><\/a>\n\t\t\t<\/dt><\/dl><br style=\"clear: both\" \/>\n\t\t<\/div>\n\n","protected":false,"gt_translate_keys":[{"key":"rendered","format":"html"}]},"excerpt":{"rendered":"<p>Presidenti i Serbis\u00eb Aleksandar Vu\u00e7i\u00e7 sfidoi Twitterin t\u00eb mart\u00ebn t\u00eb mbyllte llogarin\u00eb e tij ashtu si\u00e7 b\u00ebri me Donald Trump, pasi disa media n\u00ebn kontrollin e tij u etiketuan t\u00eb lidhura me shtetin nga rrjeti social. &#8220;Un\u00eb nuk mund t\u00eb pres q\u00eb ata (Tuitter) t\u00eb mbyllin llogarin\u00eb time n\u00eb m\u00ebnyr\u00eb q\u00eb t\u00eb b\u00ebhem nj\u00eb Trump [&hellip;]<\/p>\n","protected":false,"gt_translate_keys":[{"key":"rendered","format":"html"}]},"author":32,"featured_media":443850,"comment_status":"closed","ping_status":"closed","sticky":false,"template":"","format":"standard","meta":{"footnotes":""},"categories":[149,13],"tags":[],"class_list":["post-468288","post","type-post","status-publish","format-standard","has-post-thumbnail","hentry","category-kosoverajon","category-te-fundit"],"gt_translate_keys":[{"key":"link","format":"url"}],"_links":{"self":[{"href":"https:\/\/www.hashtag.al\/index.php\/wp-json\/wp\/v2\/posts\/468288","targetHints":{"allow":["GET"]}}],"collection":[{"href":"https:\/\/www.hashtag.al\/index.php\/wp-json\/wp\/v2\/posts"}],"about":[{"href":"https:\/\/www.hashtag.al\/index.php\/wp-json\/wp\/v2\/types\/post"}],"author":[{"embeddable":true,"href":"https:\/\/www.hashtag.al\/index.php\/wp-json\/wp\/v2\/users\/32"}],"replies":[{"embeddable":true,"href":"https:\/\/www.hashtag.al\/index.php\/wp-json\/wp\/v2\/comments?post=468288"}],"version-history":[{"count":0,"href":"https:\/\/www.hashtag.al\/index.php\/wp-json\/wp\/v2\/posts\/468288\/revisions"}],"wp:featuredmedia":[{"embeddable":true,"href":"https:\/\/www.hashtag.al\/index.php\/wp-json\/wp\/v2\/media\/443850"}],"wp:attachment":[{"href":"https:\/\/www.hashtag.al\/index.php\/wp-json\/wp\/v2\/media?parent=468288"}],"wp:term":[{"taxonomy":"category","embeddable":true,"href":"https:\/\/www.hashtag.al\/index.php\/wp-json\/wp\/v2\/categories?post=468288"},{"taxonomy":"post_tag","embeddable":true,"href":"https:\/\/www.hashtag.al\/index.php\/wp-json\/wp\/v2\/tags?post=468288"}],"curies":[{"name":"wp","href":"https:\/\/api.w.org\/{rel}","templated":true}]}}