{"id":468090,"date":"2021-08-16T21:24:46","date_gmt":"2021-08-16T19:24:46","guid":{"rendered":"https:\/\/hashtag.al\/?p=468090"},"modified":"2021-08-16T21:24:46","modified_gmt":"2021-08-16T19:24:46","slug":"merkel-misioni-ne-afganistan-nuk-ishte-aq-i-suksesshem-sa-ishte-shpresuar","status":"publish","type":"post","link":"https:\/\/www.hashtag.al\/index.php\/2021\/08\/16\/merkel-misioni-ne-afganistan-nuk-ishte-aq-i-suksesshem-sa-ishte-shpresuar\/","title":{"rendered":"Merkel: Misioni n\u00eb Afganistan nuk ishte aq i suksessh\u00ebm sa ishte shpresuar","gt_translate_keys":[{"key":"rendered","format":"text"}]},"content":{"rendered":"<p><span style=\"color: #000000;\"><img loading=\"lazy\" decoding=\"async\" class=\"aligncenter size-full wp-image-468091\" src=\"https:\/\/hashtag.al\/wp-content\/uploads\/2021\/08\/merkel-moma.jpg\" alt=\"\" width=\"700\" height=\"394\" srcset=\"https:\/\/www.hashtag.al\/wp-content\/uploads\/2021\/08\/merkel-moma.jpg 700w, https:\/\/www.hashtag.al\/wp-content\/uploads\/2021\/08\/merkel-moma-300x169.jpg 300w\" sizes=\"auto, (max-width: 700px) 100vw, 700px\" \/><\/span><\/p>\n<p><span style=\"color: #000000;\">Kancelarja gjermane Angela Merkel foli t\u00eb h\u00ebn\u00ebn p\u00ebr p\u00ebrkeq\u00ebsimin e shpejt\u00eb t\u00eb situat\u00ebs n\u00eb Afganistan pasi taleban\u00ebt mor\u00ebn kontrollin.<\/span><\/p>\n<p><span style=\"color: #000000;\">&#8220;Ky \u00ebsht\u00eb nj\u00eb zhvillim jasht\u00ebzakonisht i hidhur. I hidhur, dramatik dhe tmerrues,&#8221; tha kancelarja.<\/span><\/p>\n<p><span style=\"color: #000000;\">\u201c\u00cbsht\u00eb nj\u00eb zhvillim i tmerrsh\u00ebm p\u00ebr miliona afgan\u00eb q\u00eb duan nj\u00eb shoq\u00ebri m\u00eb liberale,&#8221; tha ajo.<\/span><\/p>\n<p><span style=\"color: #000000;\">Ajo b\u00ebri homazhe p\u00ebr 59 ushtar\u00ebt gjerman\u00eb q\u00eb humb\u00ebn jet\u00ebn n\u00eb Afganistan, si dhe ata q\u00eb u plagos\u00ebn n\u00eb aksion.<\/span><\/p>\n<p><span style=\"color: #000000;\">&#8220;Un\u00eb jam duke menduar p\u00ebr dhimbjen e familjeve t\u00eb ushtar\u00ebve q\u00eb humb\u00ebn jet\u00ebn duke luftuar atje. Tani gjith\u00e7ka duket kaq e pashpres\u00eb.&#8221;<\/span><\/p>\n<p><span style=\"color: #000000;\">Merkel tha se misioni nuk ishte aq i suksessh\u00ebm sa ishte shpresuar.<\/span><\/p>\n<p><span style=\"color: #000000;\">Kancelarja gjithashtu u tha gazetar\u00ebve se do t\u00eb b\u00ebheshin p\u00ebrpjekje p\u00ebr t\u00eb ofruar mb\u00ebshtetje dhe strehim, ve\u00e7an\u00ebrisht p\u00ebr stafin mb\u00ebshtet\u00ebs afgan q\u00eb ndihmoi ushtrin\u00eb gjermane. Ajo tha se kushtet kaotike n\u00eb Kabul po e b\u00ebnin operacionin &#8220;jasht\u00ebzakonisht t\u00eb v\u00ebshtir\u00eb&#8221;.<\/span><\/p>\n<p><span style=\"color: #000000;\">Merkel tha se ndihma do t&#8217;i jepej edhe vendeve fqinje si Pakistani, ku pritet t\u00eb mb\u00ebrrijn\u00eb shum\u00eb refugjat\u00eb.<\/span><\/p>\n<p><span style=\"color: #000000;\">P\u00ebrleshje p\u00ebr t\u00eb evakuuar qytetar\u00ebt dhe stafin<\/span><\/p>\n<p><span style=\"color: #000000;\">V\u00ebrejtjet e saj vijn\u00eb nd\u00ebrsa Gjermania dhe disa vende t\u00eb tjera p\u00ebrpiqen t\u00eb evakuojn\u00eb personelin e tyre diplomatik dhe stafin lokal afgan nga aeroporti kryesor n\u00eb Kabul.<\/span><\/p>\n<p><span style=\"color: #000000;\">M\u00eb her\u00ebt, sipas pjes\u00ebmarr\u00ebsve n\u00eb nj\u00eb takim t\u00eb an\u00ebtar\u00ebve t\u00eb partis\u00eb, Merkel tha se ajo besonte se vendimi amerikan p\u00ebr t\u00eb vazhduar t\u00ebrheqjen ishte marr\u00eb p\u00ebr &#8220;arsye t\u00eb brendshme politike&#8221;.<\/span><\/p>\n<p><span style=\"color: #000000;\">Kreu i partis\u00eb s\u00eb saj, Armin Laschet, shkoi m\u00eb tej, duke e quajtur t\u00eb gjith\u00eb operacionin n\u00eb Afganistan nj\u00eb d\u00ebshtim dhe t\u00ebrheqjen &#8220;debakli m\u00eb i madh q\u00eb NATO ka p\u00ebsuar q\u00eb nga themelimi i saj&#8221;.<\/span><\/p>\n","protected":false,"gt_translate_keys":[{"key":"rendered","format":"html"}]},"excerpt":{"rendered":"<p>Kancelarja gjermane Angela Merkel foli t\u00eb h\u00ebn\u00ebn p\u00ebr p\u00ebrkeq\u00ebsimin e shpejt\u00eb t\u00eb situat\u00ebs n\u00eb Afganistan pasi taleban\u00ebt mor\u00ebn kontrollin. &#8220;Ky \u00ebsht\u00eb nj\u00eb zhvillim jasht\u00ebzakonisht i hidhur. I hidhur, dramatik dhe tmerrues,&#8221; tha kancelarja. \u201c\u00cbsht\u00eb nj\u00eb zhvillim i tmerrsh\u00ebm p\u00ebr miliona afgan\u00eb q\u00eb duan nj\u00eb shoq\u00ebri m\u00eb liberale,&#8221; tha ajo. Ajo b\u00ebri homazhe p\u00ebr 59 ushtar\u00ebt [&hellip;]<\/p>\n","protected":false,"gt_translate_keys":[{"key":"rendered","format":"html"}]},"author":32,"featured_media":468091,"comment_status":"closed","ping_status":"closed","sticky":false,"template":"","format":"standard","meta":{"footnotes":""},"categories":[6,13],"tags":[],"class_list":["post-468090","post","type-post","status-publish","format-standard","has-post-thumbnail","hentry","category-nderkombetare","category-te-fundit"],"gt_translate_keys":[{"key":"link","format":"url"}],"_links":{"self":[{"href":"https:\/\/www.hashtag.al\/index.php\/wp-json\/wp\/v2\/posts\/468090","targetHints":{"allow":["GET"]}}],"collection":[{"href":"https:\/\/www.hashtag.al\/index.php\/wp-json\/wp\/v2\/posts"}],"about":[{"href":"https:\/\/www.hashtag.al\/index.php\/wp-json\/wp\/v2\/types\/post"}],"author":[{"embeddable":true,"href":"https:\/\/www.hashtag.al\/index.php\/wp-json\/wp\/v2\/users\/32"}],"replies":[{"embeddable":true,"href":"https:\/\/www.hashtag.al\/index.php\/wp-json\/wp\/v2\/comments?post=468090"}],"version-history":[{"count":0,"href":"https:\/\/www.hashtag.al\/index.php\/wp-json\/wp\/v2\/posts\/468090\/revisions"}],"wp:featuredmedia":[{"embeddable":true,"href":"https:\/\/www.hashtag.al\/index.php\/wp-json\/wp\/v2\/media\/468091"}],"wp:attachment":[{"href":"https:\/\/www.hashtag.al\/index.php\/wp-json\/wp\/v2\/media?parent=468090"}],"wp:term":[{"taxonomy":"category","embeddable":true,"href":"https:\/\/www.hashtag.al\/index.php\/wp-json\/wp\/v2\/categories?post=468090"},{"taxonomy":"post_tag","embeddable":true,"href":"https:\/\/www.hashtag.al\/index.php\/wp-json\/wp\/v2\/tags?post=468090"}],"curies":[{"name":"wp","href":"https:\/\/api.w.org\/{rel}","templated":true}]}}