{"id":467943,"date":"2021-08-16T09:27:46","date_gmt":"2021-08-16T07:27:46","guid":{"rendered":"https:\/\/hashtag.al\/?p=467943"},"modified":"2021-08-16T09:27:46","modified_gmt":"2021-08-16T07:27:46","slug":"fieri-vlora-kukesi-dhe-berati-me-renien-me-te-madhe-te-lindjeve-ne-4-vitet-e-fundit","status":"publish","type":"post","link":"https:\/\/www.hashtag.al\/index.php\/2021\/08\/16\/fieri-vlora-kukesi-dhe-berati-me-renien-me-te-madhe-te-lindjeve-ne-4-vitet-e-fundit\/","title":{"rendered":"Fieri, Vlora, Kuk\u00ebsi dhe Berati me r\u00ebnien m\u00eb t\u00eb madhe t\u00eb lindjeve n\u00eb 4 vitet e fundit","gt_translate_keys":[{"key":"rendered","format":"text"}]},"content":{"rendered":"<p><span style=\"color: #000000;\"><img loading=\"lazy\" decoding=\"async\" class=\"aligncenter size-full wp-image-467946\" src=\"https:\/\/hashtag.al\/wp-content\/uploads\/2021\/08\/vlora.jpg\" alt=\"\" width=\"2048\" height=\"1152\" srcset=\"https:\/\/www.hashtag.al\/wp-content\/uploads\/2021\/08\/vlora.jpg 2048w, https:\/\/www.hashtag.al\/wp-content\/uploads\/2021\/08\/vlora-300x169.jpg 300w, https:\/\/www.hashtag.al\/wp-content\/uploads\/2021\/08\/vlora-768x432.jpg 768w, https:\/\/www.hashtag.al\/wp-content\/uploads\/2021\/08\/vlora-1024x576.jpg 1024w\" sizes=\"auto, (max-width: 2048px) 100vw, 2048px\" \/><\/span><\/p>\n<p><span style=\"color: #000000;\">Qarku i Kuk\u00ebsit edhe pse ka normat m\u00eb t\u00eb larta t\u00eb lindjeve n\u00eb vend n\u00eb raport me vetveten ka sh\u00ebnuar r\u00ebnien m\u00eb t\u00eb madhe t\u00eb lindshm\u00ebris\u00eb n\u00eb rang vendi n\u00eb kat\u00ebr vitet e fundit me rreth 28%, sipas te dh\u00ebnave te p\u00ebrpunuara nga INSTAT.<\/span><\/p>\n<p><span style=\"color: #000000;\">Pas Kuk\u00ebsit m\u00eb r\u00ebnie drastike t\u00eb lindshm\u00ebris\u00eb jan\u00eb p\u00ebr p\u00ebrballuar edhe qarqet e Fierit (-27%), Vlora me (-26%) dhe Berati po me (-26%) gjat\u00eb periudh\u00ebs 2017-2021.<\/span><\/p>\n<p><span style=\"color: #000000;\">T\u00eb dh\u00ebnat tregojn\u00eb se, qarqet m\u00eb r\u00ebnien m\u00eb t\u00eb madhe t\u00eb lindjes kan\u00eb edhe shifra t\u00eb larta t\u00eb zhvendosjes s\u00eb popullsis\u00eb si brenda dhe jasht\u00eb vendit.<\/span><\/p>\n<p><span style=\"color: #000000;\">Vala e azilk\u00ebrkuesve q\u00eb nisi n\u00eb vitin 2005 goditi m\u00eb s\u00eb shumti qarkun e Kuk\u00ebsit, ku m\u00eb mij\u00ebra persona u larguan kryesisht drejt Gjermanis\u00eb duke zbrazur lagje t\u00eb t\u00ebra. \u201cBoshatisja\u201d e qytetit e ka ndikuar p\u00ebr keq edhe zhvillimin ekonomik t\u00eb k\u00ebtij qarku, i cili \u00ebsht\u00eb i vetmi q\u00eb ka sh\u00ebnuar r\u00ebnie ekonomike gjat\u00eb k\u00ebsaj dekade teksa t\u00eb tjer\u00ebt jan\u00eb rritur.<\/span><\/p>\n<p><span style=\"color: #000000;\">N\u00eb gjasht\u00ebmujorin e par\u00eb t\u00eb k\u00ebtij viti n\u00eb Kuk\u00ebs kan\u00eb lindur 534 foshnja, nga 722 n\u00eb 6-mujorin e par\u00eb 2017. Lindjet kan\u00eb sh\u00ebnuar r\u00ebnie dyshifrore n\u00eb t\u00eb gjitha qarqet e vendit n\u00eb kat\u00ebr vitet e fundit, por fenomeni ka qen\u00eb m\u00eb i lart\u00eb n\u00eb qarqet q\u00eb kishin norm\u00eb t\u00eb lart\u00eb t\u00eb ikjes s\u00eb popullsis\u00eb.<\/span><\/p>\n<p><span style=\"color: #000000;\">Shqip\u00ebria \u00ebsht\u00eb duke p\u00ebrjetuar zhvillime alarmante n\u00eb humbjen e popullsis\u00eb, p\u00ebr shkak t\u00eb emigracionit t\u00eb lart\u00eb, i cili ka nj\u00eb efekt negativ t\u00eb dyfisht\u00eb pasi pengon rritjen e popullsis\u00eb n\u00eb t\u00eb ardhmen n\u00ebp\u00ebrmjet r\u00ebnies s\u00eb lindjeve. Edhe pas tri dekadash nga ndryshimi i sistemit, flukset emigratore jan\u00eb t\u00eb larta, duke e v\u00ebn\u00eb perspektiv\u00ebn e zhvillimit t\u00eb vendit n\u00eb nj\u00eb rrug\u00eb pa krye.<\/span><\/p>\n<p><span style=\"color: #000000;\">Rezultatet q\u00eb dol\u00ebn nga anketa e madhe e emigracionit q\u00eb zhvilloi INSTAT, n\u00eb bashk\u00ebpunim me donator\u00ebt n\u00eb rreth 20 mij\u00eb familje (prill-korrik 2019) treguan se jan\u00eb larguar nga vendi mbi 360 mij\u00eb persona, ose 13% e popullsis\u00eb banuese n\u00eb vitin 2011. Anketa ka zbuluar nj\u00eb fakt t\u00eb friksh\u00ebm n\u00eb dekad\u00ebn e kaluar, pasi fenomeni \u00ebsht\u00eb zgjeruar n\u00eb emigrimin e s\u00eb gjith\u00eb familjes. Gjat\u00eb 10-vje\u00e7arit t\u00eb fundit jan\u00eb larguar nga vendi 6,6% e familjeve, gjithsej 49,500 t\u00eb tilla, nd\u00ebrsa n\u00eb vitet 2001-2011 ishin larguar 4.4% e nj\u00ebsive familjare.<\/span><\/p>\n<p><span style=\"color: #000000;\">N\u00eb totalin e familjeve t\u00eb larguara jasht\u00eb, numrin m\u00eb t\u00eb madh e ka Tirana, ku raportohet se jan\u00eb larguar 10,3% e totalit t\u00eb qarkut, nd\u00ebrsa qarqet me humbjet m\u00eb t\u00eb m\u00ebdha t\u00eb popullsis\u00eb jan\u00eb Kuk\u00ebsi dhe Tropoja n\u00eb Veri, Durr\u00ebsi dhe Elbasani n\u00eb qend\u00ebr dhe Fieri n\u00eb Jug.<\/span><\/p>\n<p><span style=\"color: #000000;\"><strong><span style=\"color: #ff0000;\">VINI RE:<\/span><\/strong> Ky material \u00ebsht\u00eb pron\u00ebsi intelektuale e <a href=\"https:\/\/www.monitor.al\/kukesi-fieri-vlora-dhe-berati-me-renien-me-te-madhe-te-lindje-ne-4-vitet-e-fundit-shkak-emigrimi\/?fbclid=IwAR1Uyv2UELPyDXD3MwSWD3ogY7GvDZ56pStZYYBeoaXNgaLv5DSNCq77qP4\"><strong><span style=\"color: #0000ff;\">Revista Monitor<\/span><\/strong><\/a><\/span><\/p>\n<p><span style=\"color: #000000;\"><img loading=\"lazy\" decoding=\"async\" class=\"aligncenter size-full wp-image-467944\" src=\"https:\/\/hashtag.al\/wp-content\/uploads\/2021\/08\/grafik1.jpg\" alt=\"\" width=\"643\" height=\"427\" srcset=\"https:\/\/www.hashtag.al\/wp-content\/uploads\/2021\/08\/grafik1.jpg 643w, https:\/\/www.hashtag.al\/wp-content\/uploads\/2021\/08\/grafik1-300x199.jpg 300w\" sizes=\"auto, (max-width: 643px) 100vw, 643px\" \/><img loading=\"lazy\" decoding=\"async\" class=\"aligncenter size-full wp-image-467945\" src=\"https:\/\/hashtag.al\/wp-content\/uploads\/2021\/08\/grafik2.jpg\" alt=\"\" width=\"660\" height=\"364\" srcset=\"https:\/\/www.hashtag.al\/wp-content\/uploads\/2021\/08\/grafik2.jpg 660w, https:\/\/www.hashtag.al\/wp-content\/uploads\/2021\/08\/grafik2-300x165.jpg 300w\" sizes=\"auto, (max-width: 660px) 100vw, 660px\" \/><\/span><\/p>\n","protected":false,"gt_translate_keys":[{"key":"rendered","format":"html"}]},"excerpt":{"rendered":"<p>Qarku i Kuk\u00ebsit edhe pse ka normat m\u00eb t\u00eb larta t\u00eb lindjeve n\u00eb vend n\u00eb raport me vetveten ka sh\u00ebnuar r\u00ebnien m\u00eb t\u00eb madhe t\u00eb lindshm\u00ebris\u00eb n\u00eb rang vendi n\u00eb kat\u00ebr vitet e fundit me rreth 28%, sipas te dh\u00ebnave te p\u00ebrpunuara nga INSTAT. Pas Kuk\u00ebsit m\u00eb r\u00ebnie drastike t\u00eb lindshm\u00ebris\u00eb jan\u00eb p\u00ebr p\u00ebrballuar edhe [&hellip;]<\/p>\n","protected":false,"gt_translate_keys":[{"key":"rendered","format":"html"}]},"author":32,"featured_media":467946,"comment_status":"closed","ping_status":"closed","sticky":false,"template":"","format":"standard","meta":{"footnotes":""},"categories":[65,13],"tags":[],"class_list":["post-467943","post","type-post","status-publish","format-standard","has-post-thumbnail","hentry","category-lajme","category-te-fundit"],"gt_translate_keys":[{"key":"link","format":"url"}],"_links":{"self":[{"href":"https:\/\/www.hashtag.al\/index.php\/wp-json\/wp\/v2\/posts\/467943","targetHints":{"allow":["GET"]}}],"collection":[{"href":"https:\/\/www.hashtag.al\/index.php\/wp-json\/wp\/v2\/posts"}],"about":[{"href":"https:\/\/www.hashtag.al\/index.php\/wp-json\/wp\/v2\/types\/post"}],"author":[{"embeddable":true,"href":"https:\/\/www.hashtag.al\/index.php\/wp-json\/wp\/v2\/users\/32"}],"replies":[{"embeddable":true,"href":"https:\/\/www.hashtag.al\/index.php\/wp-json\/wp\/v2\/comments?post=467943"}],"version-history":[{"count":0,"href":"https:\/\/www.hashtag.al\/index.php\/wp-json\/wp\/v2\/posts\/467943\/revisions"}],"wp:featuredmedia":[{"embeddable":true,"href":"https:\/\/www.hashtag.al\/index.php\/wp-json\/wp\/v2\/media\/467946"}],"wp:attachment":[{"href":"https:\/\/www.hashtag.al\/index.php\/wp-json\/wp\/v2\/media?parent=467943"}],"wp:term":[{"taxonomy":"category","embeddable":true,"href":"https:\/\/www.hashtag.al\/index.php\/wp-json\/wp\/v2\/categories?post=467943"},{"taxonomy":"post_tag","embeddable":true,"href":"https:\/\/www.hashtag.al\/index.php\/wp-json\/wp\/v2\/tags?post=467943"}],"curies":[{"name":"wp","href":"https:\/\/api.w.org\/{rel}","templated":true}]}}