{"id":467809,"date":"2021-08-15T12:42:35","date_gmt":"2021-08-15T10:42:35","guid":{"rendered":"https:\/\/hashtag.al\/?p=467809"},"modified":"2021-08-15T14:14:22","modified_gmt":"2021-08-15T12:14:22","slug":"467809","status":"publish","type":"post","link":"https:\/\/www.hashtag.al\/index.php\/2021\/08\/15\/467809\/","title":{"rendered":"RAPORTI SPECIAL: Si po e shantazhon FBI-ja presidentin serb Vu\u00e7i\u00e7","gt_translate_keys":[{"key":"rendered","format":"text"}]},"content":{"rendered":"<p><span style=\"color: #000000;\"><strong><img loading=\"lazy\" decoding=\"async\" class=\"aligncenter size-full wp-image-467812\" src=\"https:\/\/hashtag.al\/wp-content\/uploads\/2021\/08\/vucic-2-1.jpg\" alt=\"\" width=\"696\" height=\"464\" srcset=\"https:\/\/www.hashtag.al\/wp-content\/uploads\/2021\/08\/vucic-2-1.jpg 696w, https:\/\/www.hashtag.al\/wp-content\/uploads\/2021\/08\/vucic-2-1-300x200.jpg 300w\" sizes=\"auto, (max-width: 696px) 100vw, 696px\" \/><br \/>\n<\/strong><em><span style=\"color: #000000;\"><strong><span style=\"text-decoration: underline;\">Hashtag.al<\/span> <\/strong><\/span>p\u00ebrzgjodhi t\u00eb sjell\u00eb n\u00eb shqip raportimin n\u00eb vijim t\u00eb p\u00ebrgatitur nga Predrag Popovi\u00e7, nj\u00eb publicist i njohur n\u00eb Serbi, dikur ish-bashk\u00ebpun\u00ebtor i Aleksand\u00ebr Vu\u00e7i\u00e7t kur t\u00eb dy publikuan gazet\u00ebn \u201cPravda\u201d t\u00eb Serbis\u00eb. <\/em><\/span><\/p>\n<p><span style=\"color: #000000;\"><em>Raporti i Popovi\u00e7it ka r\u00ebnd\u00ebsi t\u00eb dor\u00ebs s\u00eb par\u00eb sepse analizon n\u00eb m\u00ebnyr\u00eb t\u00eb detajuar m\u00ebnyr\u00ebn se si FBI-ja, DEA dhe Departamenti i Shtetit po shantazhojn\u00eb dhe mbajn\u00eb n\u00ebn presion Presidentin e Serbis\u00eb, Aleksand\u00ebr Vu\u00e7i\u00e7. <\/em><\/span><\/p>\n<p><span style=\"color: #000000;\"><em>Ky raportim vlen sidomos t\u00eb lexohet n\u00eb mjedisin shqiptar, ku iniciativa \u201cOpen Balkans\u201d shihet prej disave si ndonj\u00eb nism\u00eb e Vu\u00e7i\u00e7it, fal\u00eb lobimit q\u00eb b\u00ebn Vu\u00e7i\u00e7i, nd\u00ebrsa t\u00eb dh\u00ebnat e paraqitura n\u00eb k\u00ebt\u00eb raport, flasin p\u00ebr nj\u00eb Vu\u00e7i\u00e7 t\u00eb marr\u00eb peng nga FBI-ja dhe shum\u00eb larg takatit p\u00ebr t\u00eb v\u00ebn\u00eb amerikan\u00ebt n\u00eb sh\u00ebrbim t\u00eb Serbis\u00eb.<\/em><strong> \u00a0<\/strong><\/span><\/p>\n<p><span style=\"color: #000000;\"><em><strong>Nga Predrag Popovi\u00e7<\/strong><\/em><\/span><\/p>\n<p><span style=\"color: #000000;\">Presidenti amerikan Joe Biden ka n\u00ebnshkruar nj\u00eb urdh\u00ebr ekzekutiv, duke k\u00ebrc\u00ebnuar me sanksione k\u00ebdo q\u00eb <em>\u201crrezikon paqen dhe sigurin\u00eb\u201d<\/em> n\u00eb Ballkanin Per\u00ebndimor.<\/span><\/p>\n<p><span style=\"color: #000000;\">N\u00eb zhargonin e brendsh\u00ebm t\u00eb Uashingtonit, kjo shpallje njihet ndryshe dhe si <em>&#8220;asnj\u00eb politik\u00eb e streh\u00ebs s\u00eb sigurt&#8221;<\/em>. Nuk ka streh\u00eb p\u00ebr Aleksand\u00ebr Vu\u00e7i\u00e7in.<\/span><\/p>\n<p><span style=\"color: #000000;\">\u00c7do detaj i urdhrit ekzekutiv i referohet mashtrimit politik dhe krimeve specifike t\u00eb Vu\u00e7i\u00e7it, nga mosrespektimi i marr\u00ebveshjeve nd\u00ebrkomb\u00ebtare, shkelja e t\u00eb drejtave t\u00eb njeriut, minimi i proceseve demokratike dhe mbytja e mediave, deri te korrupsioni dhe pla\u00e7kitja e pron\u00ebs publike dhe private. Sanksionet kan\u00eb k\u00ebrc\u00ebnuar t\u00eb gjith\u00eb bashk\u00ebpun\u00ebtor\u00ebt e tij, t\u00eb cil\u00ebt <em>&#8220;jan\u00eb t\u00eb p\u00ebrfshir\u00eb drejtp\u00ebrdrejt ose t\u00ebrthorazi n\u00eb veprime ose politika q\u00eb k\u00ebrc\u00ebnojn\u00eb paqen n\u00eb rajon&#8221;<\/em>.<\/span><\/p>\n<p><span style=\"color: #000000;\">Nj\u00ebra list\u00eb e zez\u00eb liston individ\u00eb, nd\u00ebrsa tjetra liston kompani t\u00eb lidhura me ta. T\u00eb dy listat jan\u00eb t\u00eb dyllosura, nuk dihet se kush \u00ebsht\u00eb p\u00ebrcaktuar t\u00eb goditet bashk\u00eb me Vu\u00e7i\u00e7in. <\/span><\/p>\n<p><span style=\"color: #000000;\">Kuptohet ama se nuk ka streh\u00eb p\u00ebr Vu\u00e7i\u00e7in.<\/span><\/p>\n<p><span style=\"color: #000000;\">Vu\u00e7i\u00e7 e dinte se \u00e7far\u00eb e priste, por nuk mund ta shmangte. Gjasht\u00eb vjet m\u00eb par\u00eb, ai mori paralajm\u00ebrime nga Amerika, ndaj t\u00eb cilave ai nuk reagoi, ai nuk mund t\u00eb frenonte lakmin\u00eb dhe t\u00eb hiqte dor\u00eb nga kombinacionet kriminale q\u00eb e pasuronin. <\/span><br \/>\n<span style=\"color: #000000;\">N\u00eb maj 2015, kur udh\u00ebtoi n\u00eb Uashington si Kryeminist\u00ebr i Serbis\u00eb, atij i b\u00ebn\u00eb \u201cprit\u00eb\u201d n\u00eb Sht\u00ebpin\u00eb e Bardh\u00eb agjent\u00ebt e FBI-s\u00eb, t\u00eb cil\u00ebt e mor\u00ebn n\u00eb pyetje p\u00ebr gjasht\u00eb or\u00eb.<\/span><\/p>\n<p><span style=\"color: #000000;\">Vu\u00e7i\u00e7 iu p\u00ebrgjigj pyetjeve n\u00eb lidhje me kontraband\u00ebn e arm\u00ebve serbe n\u00eb Libi. P\u00ebrve\u00e7 k\u00ebsaj, hetuesit e FBI-s\u00eb ishin t\u00eb interesuar p\u00ebr aktivitetet kriminale t\u00eb v\u00ebllait t\u00eb tij Andrej, si dhe njer\u00ebz\u00ebve m\u00eb t\u00eb besuar t\u00eb klanit t\u00eb tij n\u00eb Beograd, t\u00eb cil\u00ebt jan\u00eb Nikola Petrovi\u00e7, Slavisa Kokeza, Goran Veselinovi\u00e7, Zvonko Veselinovi\u00e7 dhe Nenad Kova\u00e7.<\/span><\/p>\n<p><span style=\"color: #000000;\">Vu\u00e7i\u00e7 nuk e informoi publikun serb p\u00ebr takimin, por ajo fotografija e tij ku q\u00ebndron ulur n\u00eb nj\u00eb korridor, i rrethuar nga agjent\u00eb me \u00e7izme kauboj b\u00ebri p\u00ebrshtypje.<\/span><\/p>\n<div id=\"attachment_467813\" style=\"width: 1010px\" class=\"wp-caption aligncenter\"><img loading=\"lazy\" decoding=\"async\" aria-describedby=\"caption-attachment-467813\" class=\"size-full wp-image-467813\" src=\"https:\/\/hashtag.al\/wp-content\/uploads\/2021\/08\/Andrej-Vu\u010di\u0107-Novak-Nedi\u0107-Slavi\u0161a-Kokeza-n\u00eb-dasm\u00ebn-e-djalit-t\u00eb-Bata-Ga\u0161i\u0107-n\u00eb-2016.jpeg\" alt=\"\" width=\"1000\" height=\"666\" srcset=\"https:\/\/www.hashtag.al\/wp-content\/uploads\/2021\/08\/Andrej-Vu\u010di\u0107-Novak-Nedi\u0107-Slavi\u0161a-Kokeza-n\u00eb-dasm\u00ebn-e-djalit-t\u00eb-Bata-Ga\u0161i\u0107-n\u00eb-2016.jpeg 1000w, https:\/\/www.hashtag.al\/wp-content\/uploads\/2021\/08\/Andrej-Vu\u010di\u0107-Novak-Nedi\u0107-Slavi\u0161a-Kokeza-n\u00eb-dasm\u00ebn-e-djalit-t\u00eb-Bata-Ga\u0161i\u0107-n\u00eb-2016-300x200.jpeg 300w, https:\/\/www.hashtag.al\/wp-content\/uploads\/2021\/08\/Andrej-Vu\u010di\u0107-Novak-Nedi\u0107-Slavi\u0161a-Kokeza-n\u00eb-dasm\u00ebn-e-djalit-t\u00eb-Bata-Ga\u0161i\u0107-n\u00eb-2016-768x511.jpeg 768w\" sizes=\"auto, (max-width: 1000px) 100vw, 1000px\" \/><p id=\"caption-attachment-467813\" class=\"wp-caption-text\"><span style=\"color: #000000;\"><em>Andrej Vu\u00e7i\u00e7, Novak Nedi\u00e7, Slavisa Kokeza, n\u00eb dasm\u00ebn e djalit t\u00eb Bata Gasi\u00e7 n\u00eb 2016<\/em><\/span><\/p><\/div>\n<p><span style=\"color: #000000;\"><strong><em>Kompromentimi i klanit<\/em><\/strong><\/span><\/p>\n<p><span style=\"color: #000000;\">Nj\u00eb dokument i Kongresit t\u00eb SHBA-ve ka evidentuar nj\u00eb klan t\u00eb ngusht\u00eb t\u00eb udh\u00ebhequr nga v\u00ebllai i Presidentit t\u00eb Serbis\u00eb Andrej Vu\u00e7i\u00e7 dhe kat\u00ebr nga miqt\u00eb e tij Nikola Petrovi\u00e7, Zvonko Veselinovi\u00e7, Slavisa Kokeza dhe Nenad Kova\u00e7, si personat q\u00eb kontrollojn\u00eb t\u00eb gjitha projektet e infrastruktur\u00ebs dhe pun\u00ebve publike. N\u00eb dokumentin e b\u00ebr\u00eb publik nga Bernice Johnson flitet p\u00ebr krijimin e nj\u00eb monopoli n\u00eb pun\u00eb t\u00eb lidhura me nd\u00ebrtimin, telekomunikacion, energji dhe media, \u00e7&#8217;ka \u00ebsht\u00eb &#8220;n\u00eb kund\u00ebrshtim me angazhimin e Amerik\u00ebs p\u00ebr nj\u00eb ekonomi t\u00eb tregut t\u00eb lir\u00eb&#8221;.<\/span><\/p>\n<p><span style=\"color: #000000;\">Ndryshe nga Vu\u00e7i\u00e7i, i cili u ofroi vet\u00ebm justifikime t\u00eb par\u00ebnd\u00ebsishme amerikan\u00ebve, Nenad Kova\u00e7 reagoi n\u00eb nj\u00eb m\u00ebnyr\u00eb m\u00eb finoke. <\/span><span style=\"color: #000000;\">Ai e justifikoi ndalimin e tij n\u00eb SHBA dhe marrjen n\u00eb pyetje nga agjent\u00ebt amerikan\u00eb me pretekstin e <em>\u201cshkeljes s\u00eb masave epidemiologjike\u201d<\/em>.<\/span><\/p>\n<p><span style=\"color: #000000;\">Nga ana tjet\u00ebr rezulton se motrat Kori dhe Lidija Udovi\u00e7ki i dhan\u00eb ndihm\u00eb t\u00eb konsiderueshme organeve t\u00eb inteligjenc\u00ebs dhe hetimit amerikan.<\/span><\/p>\n<p><span style=\"color: #000000;\">***<\/span><\/p>\n<p><span style=\"color: #000000;\">Kompania &#8220;Continental Wind Projects&#8221;, pronari i s\u00eb cil\u00ebs Mark Crandall (burri i Lidija Udovi\u00e7ki) ka investuar rreth 300 milion\u00eb dollar\u00eb n\u00eb nd\u00ebrtimin e centraleve eolike n\u00eb Banat. Biznesi u bllokua kur, sipas Udovi\u00e7kit, Crandall u sulmua nga kumbari Vu\u00e7i\u00e7 dhe Nikola Petrovi\u00e7, t\u00eb cil\u00ebt k\u00ebrkuan 2 milion\u00eb dollar\u00eb q\u00eb centrali eolik t\u00eb lidhej me sistemin energjetik serb.<\/span><\/p>\n<p><span style=\"color: #000000;\">N\u00ebn presion, firma CWP shiti centralin eolik dhe u largua nga Serbia. Pronari i k\u00ebsaj firme Mark Crandall \u00ebsht\u00eb pinjoll i elit\u00ebs ekonomike amerikane, babai i tij ka drejtuar Rezerv\u00ebn Federale p\u00ebr dy dekada, ky rast nuk do t\u00eb mbyllet dhe aq kollaj, do t\u00eb sanksionohen t\u00eb gjith\u00eb zyrtar\u00ebt shtet\u00ebror\u00eb n\u00eb Serbi q\u00eb ushtruan presion n\u00eb skandalin e korrupsionit.<\/span><\/p>\n<p><span style=\"color: #000000;\">***<\/span><\/p>\n<p><span style=\"color: #000000;\"><em><img loading=\"lazy\" decoding=\"async\" class=\"aligncenter size-full wp-image-467819\" src=\"https:\/\/hashtag.al\/wp-content\/uploads\/2021\/08\/vucic_jovanjica_pismo.jpg\" alt=\"\" width=\"960\" height=\"630\" srcset=\"https:\/\/www.hashtag.al\/wp-content\/uploads\/2021\/08\/vucic_jovanjica_pismo.jpg 960w, https:\/\/www.hashtag.al\/wp-content\/uploads\/2021\/08\/vucic_jovanjica_pismo-300x197.jpg 300w, https:\/\/www.hashtag.al\/wp-content\/uploads\/2021\/08\/vucic_jovanjica_pismo-768x504.jpg 768w\" sizes=\"auto, (max-width: 960px) 100vw, 960px\" \/><br \/>\n-\u201cAgjencia Amerikane p\u00ebr luft\u00ebn kund\u00ebr trafikut t\u00eb drog\u00ebs, DEA, kontrollon transportin e drog\u00ebs nga Afganistani, Turqia dhe Shqip\u00ebria p\u00ebrmes Serbis\u00eb n\u00eb vendet e Bashkimit Evropian. Policia serbe i ka t\u00eb gjitha informacionet p\u00ebr k\u00ebt\u00eb,\u201d, &#8211; <\/em>k\u00ebshtu deklaroi Vu\u00e7i\u00e7 n\u00eb mediat e tij disa muaj m\u00eb par\u00eb. I t\u00ebrbuar q\u00eb DEA plasi skandalin \u201cJovanjica\u201d, ku u b\u00eb zbulimi i plantacionit m\u00eb t\u00eb madh t\u00eb marihuan\u00ebs n\u00eb Evrop\u00eb, Vu\u00e7i\u00e7 u p\u00ebrpoq ta diskretitonte agjencin\u00eb e \u00a0amerikane. Amerikan\u00ebt nuk e vonuan p\u00ebgjigjen.<\/span><\/p>\n<p><span style=\"color: #000000;\">Ata soll\u00ebn prova p\u00ebr trafikimin e drog\u00ebs, duhanit dhe mallrave t\u00eb tjera nga aksi Turqi-Shqip\u00ebri-Mali i Zi-Serbi, provat erdh\u00ebn nga Lubjana, ku ndodhet qendra rajonale e DEA-s. Vu\u00e7i\u00e7 e sakrifikoi Kokez\u00ebn.<\/span><\/p>\n<p><span style=\"color: #000000;\">Ai e akuzoi at\u00eb p\u00ebr mashtrim doganor me vler\u00eb prej 640 milion\u00eb eurosh. Kokeza siguroi mbijetes\u00ebn e tij t\u00eb p\u00ebrkohshme n\u00eb liri me d\u00ebshmin\u00eb e dh\u00ebn\u00eb n\u00eb FBI se ai ishte vet\u00ebm nj\u00eb n\u00ebnkontraktor dhe se organizatori kryesor ishte kreu i kartelit, Aleksander Vu\u00e7i\u00e7.<\/span><\/p>\n<p><span style=\"color: #000000;\">***<\/span><\/p>\n<p><span style=\"color: #000000;\">N\u00ebn tutel\u00ebn e FBI -s\u00eb, Europolit dhe disa polic\u00ebve lokal\u00eb, n\u00eb vitin 2017 filloi Operacioni &#8220;Familja&#8221;. N\u00eb dy vitet e para, piramida kriminale u thye n\u00eb Itali, Austri dhe Maqedoni, u mbyll\u00ebn rreth 400 kompani fiktive, p\u00ebrmes t\u00eb cilave pastroheshin parat\u00eb e krimit, dhe m\u00eb shum\u00eb se 300 persona u arrestuan. Nj\u00eb kompani e lidhur me manjatin serb Miodrag Kosti\u00e7 u mbyll n\u00eb Itali.<\/span><\/p>\n<p><span style=\"color: #000000;\">Drejtori i asaj kompanie kreu vet\u00ebvrasje n\u00eb paraburgim, dhe Kosti\u00e7 p\u00ebsoi ishemi. Operacioni &#8220;Familja&#8221; prishi struktur\u00ebn kriminale t\u00eb Nikola Gruevskit, partnerit t\u00eb Vu\u00e7i\u00e7it, i cili u largua nga Maqedonia dhe u fsheh n\u00eb Hungari.<\/span><\/p>\n<p><span style=\"color: #000000;\">Operacioni goditi dhe n\u00eb krahun tjet\u00ebr, 78 persona u arrestuan n\u00eb Kroaci, 11 t\u00eb tjer\u00eb u arratis\u00ebn n\u00eb Serbi. Europol njoftoi se grupi kriminal kroat udh\u00ebhiqet nga nj\u00ebfar\u00eb Jovan Jovanovi\u00e7, nj\u00eb ish-an\u00ebtar i Agjencis\u00eb s\u00eb Informacionit t\u00eb Siguris\u00eb Serbe, i cili supozohet t\u00eb jet\u00eb n\u00eb Sombor, ku jeton ish-gruaja e tij. Hetimi i FBI -s\u00eb dhe Europolit ka ngecur n\u00eb Serbi. Policia dhe prokuror\u00ebt serb\u00eb sabotuan aksionet kund\u00ebr kriminel\u00ebve.<\/span><\/p>\n<p><span style=\"color: #000000;\">***<\/span><\/p>\n<p><span style=\"color: #000000;\">Nebojsha Stefanovi\u00e7, shefi i policis\u00eb serbe, u thirr n\u00eb Shtetet e Bashkuara. N\u00eb nj\u00eb seri takimesh me drejtues ky\u00e7 nga Ministria e Drejt\u00ebsis\u00eb, FBI dhe DEA, Stefanovic u njoh me d\u00ebshmi t\u00eb krimit t\u00eb organizuar n\u00eb Serbi, t\u00eb udh\u00ebhequr nga Vu\u00e7i\u00e7. Amerikan\u00ebt k\u00ebrkuan q\u00eb Stefanovi\u00e7 t\u00eb b\u00ebj\u00eb pun\u00ebn e tij dhe t\u00eb mund\u00ebsoj\u00eb bashk\u00ebpunim t\u00eb plot\u00eb midis Ministris\u00eb s\u00eb Brendshme t\u00eb Serbis\u00eb dhe FBI -s\u00eb dhe Europolit. Stefanovic ra dakod. Vu\u00e7i\u00e7 reagoi me shpejt\u00ebsi dhe e asgj\u00ebsoi nga Ministria e Brendshme Nebojsha Stefanovi\u00e7in.<\/span><\/p>\n<p><span style=\"color: #000000;\">Vu\u00e7i\u00e7 e di se nga po fryn era, e pranoi dhe koh\u00ebt e fundit publikisht, n\u00eb nj\u00eb intervist\u00eb televizive.<\/span><\/p>\n<p><span style=\"color: #000000;\"><em>\u201cPo, ata m\u00eb p\u00ebrgjuan. P\u00ebrgjimi i presidentit t\u00eb shtetit \u00ebsht\u00eb i barabart\u00eb me nj\u00eb grusht shteti. Drejtues n\u00eb Ministris\u00eb s\u00eb Brendshme mor\u00ebn pjes\u00eb n\u00eb k\u00ebt\u00eb p\u00ebrgjim, me ndihm\u00ebn e prokuroris\u00eb dhe gjykatave, por, si\u00e7 e dini, nuk ishte pa t\u00eb huaj, mor\u00ebn pjes\u00eb edhe sh\u00ebrbimet e huaja\u201d<\/em> &#8211; tha Vu\u00e7i\u00e7.<\/span><\/p>\n<p><span style=\"color: #000000;\">Sh\u00ebrbimet e huaja e kan\u00eb mbajtur Vu\u00e7i\u00e7in n\u00ebn kontroll p\u00ebr nj\u00eb koh\u00eb t\u00eb gjat\u00eb. Fal\u00eb k\u00ebsaj, ata arrit\u00ebn t\u00eb dokumentojn\u00eb p\u00ebrfshirjen e tij n\u00eb disa skandale kriminale. Vu\u00e7i\u00e7 u dallua n\u00eb prodhimin dhe tregtimin e drog\u00ebs, kontraband\u00ebn e arm\u00ebve, pastrimin e parave t\u00eb fituara p\u00ebrmes aktiviteteve kriminale, korrupsionin e lart\u00eb shtet\u00ebror, i cili pla\u00e7kiti buxhetin e shtetit dhe vodhi pron\u00ebn private. Disa prej skandaleve prodhuan pasoja me vrasje, viktima, larje hesapi n\u00eb mes t\u00eb Beogradit.<\/span><\/p>\n<p><span style=\"color: #000000;\"><strong><em>Aleat\u00ebt amerikan\u00eb t\u00eb Vu\u00e7ic<\/em><\/strong><\/span><\/p>\n<p><span style=\"color: #000000;\"><img loading=\"lazy\" decoding=\"async\" class=\"aligncenter size-full wp-image-467820\" src=\"https:\/\/hashtag.al\/wp-content\/uploads\/2021\/08\/1464459585604fa4f3de7dd227047060_v4big.png\" alt=\"\" width=\"640\" height=\"475\" srcset=\"https:\/\/www.hashtag.al\/wp-content\/uploads\/2021\/08\/1464459585604fa4f3de7dd227047060_v4big.png 640w, https:\/\/www.hashtag.al\/wp-content\/uploads\/2021\/08\/1464459585604fa4f3de7dd227047060_v4big-300x223.png 300w\" sizes=\"auto, (max-width: 640px) 100vw, 640px\" \/><br \/>\nUrdhri i Biden ruan fsheht\u00ebsin\u00eb e emrave t\u00eb personave dhe kompanive q\u00eb jan\u00eb ose do t\u00eb jen\u00eb n\u00eb list\u00ebn e zez\u00eb. K\u00ebshtu ka ndodhur dhe m\u00eb par\u00eb, n\u00eb koh\u00ebn e Clinton. Lista e personave t\u00eb pap\u00ebrshtatsh\u00ebm n\u00eb vitet 1990 p\u00ebrfshinte kryesisht politikan\u00eb, biznesmen\u00eb t\u00eb m\u00ebdhenj, t\u00eb dyshuar p\u00ebr financimin e partive dhe individ\u00ebve t\u00eb regjimit, si dhe pjes\u00ebtar\u00eb t\u00eb policis\u00eb, ushtris\u00eb dhe nj\u00ebsive paramilitare. Por at\u00ebher\u00eb nuk u fol p\u00ebr krim nd\u00ebrkomb\u00ebtar, korrupsion dhe krime t\u00eb tjera, p\u00ebr t\u00eb cilat tani po akuzohet klani i Vu\u00e7i\u00e7it dhe koleg\u00ebve t\u00eb tij rajonal\u00eb.<\/span><\/p>\n<p><span style=\"color: #000000;\">Pik\u00ebrisht p\u00ebr k\u00ebt\u00eb arsye e p\u00ebr t&#8217;u larguar sa m\u00eb shum\u00eb nga akuzat p\u00ebr krim t\u00eb organizuar, Vu\u00e7i\u00e7 b\u00ebn spekulime p\u00ebrmes mediave t\u00eb tij, n\u00eb t\u00eb cilat ai p\u00ebrpiqet t\u00eb paraqitet si viktim\u00eb politike. Mediat e tij kan\u00eb hedhur disa teza, t\u00eb cilat nuk jan\u00eb krejt\u00ebsisht t\u00eb pabaza.<\/span><\/p>\n<p><span style=\"color: #000000;\">Vu\u00e7i\u00e7 thekson se Komisioni Evropian dhe Parlamenti Evropian nuk e mb\u00ebshtesin urdhrin ekzekutiv t\u00eb Biden. N\u00eb interpretimin e Vu\u00e7i\u00e7, SHBA-t\u00eb po i zgjidhin problemet n\u00eb Ballkanin Per\u00ebndimor me an\u00eb t\u00eb forc\u00ebs dhe shantazhit me q\u00ebllim goditjen e \u00e7do ndikimi t\u00eb Rusis\u00eb dhe sidomos Kin\u00ebs.<\/span><\/p>\n<p><span style=\"color: #000000;\">N\u00ebn moton &#8220;Amerika \u00ebsht\u00eb rikthyer me dor\u00eb t\u00eb hekurt&#8221;, Presidenti Biden po rrit ndikimin n\u00eb rajon n\u00eb m\u00ebnyr\u00eb t\u00eb pavarur nga BE-ja. Kjo konfirmohet nga pjesa e urdhrit q\u00eb k\u00ebrkon nga autoritetet e t\u00eb gjitha vendeve t\u00eb Ballkanit Per\u00ebndimor t\u00eb respektojn\u00eb marr\u00ebveshjet nd\u00ebrkomb\u00ebtare si Marr\u00ebveshja e Presp\u00ebs nga 2018, Marr\u00ebveshja e Paqes e Ohrit nga 2001, Marr\u00ebveshja e Dejtonit, P\u00ebrfundimet e Konferenc\u00ebs s\u00eb Londr\u00ebs nga 1995, dhe Rezoluta 1244 e K\u00ebshillit t\u00eb Sigurimit t\u00eb Kombeve t\u00eb Bashkuara.<\/span><\/p>\n<p><span style=\"color: #000000;\">Sipas t\u00eb nj\u00ebjtit interpretim, Amerika synon ta shk\u00ebpus\u00eb p\u00ebrfundimisht Rusin\u00eb nga Serbia dhe t\u00eb ndaloj\u00eb dep\u00ebrtimin kinez n\u00eb Evrop\u00eb.<\/span><\/p>\n<p><span style=\"color: #000000;\">T\u00eb gjitha p\u00ebrpjekjet e Vu\u00e7i\u00e7 kan\u00eb p\u00ebr q\u00ebllim q\u00eb ai t\u00eb paraqitet para publikut vendas si mbrojt\u00ebs i interesave serbe n\u00eb Kosov\u00eb, dhe t\u00eb krijoj\u00eb iden\u00eb se kjo \u00ebsht\u00eb arsyeja pse ai \u00ebsht\u00eb ekspozuar ndaj shantazhit t\u00eb FBI-s\u00eb, dhe jo p\u00ebr shkak t\u00eb krimit dhe korrupsionit. K\u00ebshtu sillen dhe koleg\u00ebt e tij, politikan\u00eb kriminogjen\u00eb nga vendet e tjera t\u00eb Ballkanit Per\u00ebndimor. Publikisht, t\u00eb gjith\u00eb refuzojn\u00eb t\u00eb pranojn\u00eb se dekreti i Biden vlen dhe p\u00ebr ta. Askujt nuk i shkon mendja t\u00eb shihet n\u00eb pasqyr\u00eb.<\/span><\/p>\n<p><span style=\"color: #000000;\">Ndoshta p\u00ebrjashtim b\u00ebn vet\u00ebm drejtuesi serb i Bosnj\u00ebs Milorad Dodik.<\/span><\/p>\n<p><span style=\"color: #000000;\"><em>\u201cUrdhri i Sht\u00ebpis\u00eb s\u00eb Bardh\u00eb p\u00ebr zgjatjen e sanksioneve nuk \u00ebsht\u00eb demokratik, as nuk \u00ebsht\u00eb n\u00eb frym\u00ebn e respektimit t\u00eb t\u00eb drejtave t\u00eb njeriut dhe sundimit t\u00eb ligjit\u201d<\/em>, \u00a0u shpreh Dodik n\u00eb nj\u00eb bised\u00eb telefonike me ambasadorin amerikan n\u00eb Sarajev\u00eb Eric Nelson. Dodik deklaroi se Republika Srpska nuk po synon shk\u00ebputje, por vendosm\u00ebria e saj \u00ebsht\u00eb t\u00eb luftoj\u00eb p\u00ebr ruajtjen e autonomis\u00eb s\u00eb saj, e cila i p\u00ebrket asaj sipas Marr\u00ebveshjes s\u00eb Paqes t\u00eb Dejtonit.<\/span><\/p>\n<p><span style=\"color: #000000;\">Drejtuesit e partive shqiptare n\u00eb Kosov\u00eb nuk reaguan ndaj urdhrit ekzekutiv t\u00eb Biden. Kryeministri Albin Kurti tashm\u00eb, gjat\u00eb mandatit t\u00eb tij t\u00eb par\u00eb, t\u00eb shkurt\u00ebr dhe t\u00eb pasuksessh\u00ebm, ka arritur t\u00eb paraqitet si nj\u00eb faktor p\u00ebr\u00e7ar\u00ebs. Ai sabotoi negociatat me Beogradin dhe u zem\u00ebrua me fuqit\u00eb per\u00ebndimore duke zbuluar veprimet e paligjshme t\u00eb p\u00ebrfaq\u00ebsuesve t\u00eb tyre. Amerikan\u00ebt po i b\u00ebjn\u00eb presion Kurtit, duke k\u00ebmb\u00ebngulur q\u00eb Ramush Haradinaj t\u00eb arrestohet dhe t\u00eb d\u00ebrgohet n\u00eb Hag\u00eb. Aktakuza kund\u00ebr Haradinajt \u00ebsht\u00eb konfirmuar, por gjyqtar\u00ebt francez\u00eb, me k\u00ebrkes\u00eb t\u00eb mentor\u00ebve t\u00eb tij gjerman\u00eb, refuzojn\u00eb t\u00eb paraqesin nj\u00eb k\u00ebrkes\u00eb p\u00ebr arrestim.<\/span><\/p>\n<p><span style=\"color: #000000;\">Sundimtar\u00ebt n\u00eb vendet e tjera t\u00eb Ballkanit Per\u00ebndimor jan\u00eb gjithashtu n\u00eb telashe. Ashp\u00ebrsia e presionit varet gjithashtu nga p\u00ebrfaq\u00ebsuesi amerikan n\u00eb secil\u00ebn ambasad\u00eb. Ambasadori amerikan n\u00eb Shqip\u00ebri njoftoi menj\u00ebher\u00eb urdhrin ekzekutiv t\u00eb Biden n\u00eb Twitter. <\/span><\/p>\n<p><span style=\"color: #000000;\">Nga ana tjet\u00ebr, Anthony Godfrey, ambasadori amerikan n\u00eb Serbi thuajse e injoroi urdhrin e Biden. P\u00ebr shkak t\u00eb kompromentimit serioz n\u00eb mb\u00ebshtetje t\u00eb Vu\u00e7i\u00e7it, <em>Godfrey<\/em> \u00ebsht\u00eb n\u00eb list\u00ebn e brendshme t\u00eb zez\u00eb t\u00eb Departamentit t\u00eb Shtetit. Kjo vlen edhe p\u00ebr <em>Matthew Palmer<\/em>.<\/span><\/p>\n<p><span style=\"color: #000000;\">S\u00eb shpejti, kur <span style=\"color: #0000ff;\"><a style=\"color: #0000ff;\" href=\"https:\/\/en.wikipedia.org\/wiki\/Karen_Donfried\"><em>Karen Donfried<\/em><\/a> <\/span>t\u00eb em\u00ebrohet Ndihm\u00ebs Sekretare e Shtetit p\u00ebr Evrop\u00ebn dhe Euroazin\u00eb, Palmer do t\u00eb duhet t\u00eb largohet nga departamenti.<\/span><\/p>\n<p><span style=\"color: #000000;\">Vu\u00e7i\u00e7 do t\u00eb mbetet pa dy aleat\u00eb t\u00eb r\u00ebnd\u00ebsish\u00ebm, Godfrey dhe Palmer, dhe ai nuk do t\u00eb jet\u00eb n\u00eb gjendje ta kompensoj\u00eb at\u00eb humbje me mb\u00ebshtetjen q\u00eb blen nga burokrat\u00ebt e Brukselit.<\/span><\/p>\n<p><span style=\"color: #000000;\">Telashet q\u00eb k\u00ebrc\u00ebnojn\u00eb Vu\u00e7i\u00e7in shprehet m\u00eb qart\u00eb n\u00eb esenc\u00ebn e urdhrit t\u00eb Bidenit \u2013 <em>\u201casnj\u00eb politik\u00eb e streh\u00ebs s\u00eb sigurt\u201d<\/em>. <\/span><br \/>\n<span style=\"color: #000000;\">Nuk ka streh\u00eb p\u00ebr Vu\u00e7i\u00e7in. As n\u00eb Amerik\u00eb, e askund tjet\u00ebr.<\/span><\/p>\n<p><span style=\"color: #000000;\"><span style=\"color: #ff0000;\">*<\/span><strong><em>Hashtag.al<\/em><\/strong> e p\u00ebrshtati k\u00ebt\u00eb shkrim n\u00eb gjuh\u00ebn shqipe.<\/span><\/p>\n","protected":false,"gt_translate_keys":[{"key":"rendered","format":"html"}]},"excerpt":{"rendered":"<p>Hashtag.al p\u00ebrzgjodhi t\u00eb sjell\u00eb n\u00eb shqip raportimin n\u00eb vijim t\u00eb p\u00ebrgatitur nga Predrag Popovi\u00e7, nj\u00eb publicist i njohur n\u00eb Serbi, dikur ish-bashk\u00ebpun\u00ebtor i Aleksand\u00ebr Vu\u00e7i\u00e7t kur t\u00eb dy publikuan gazet\u00ebn \u201cPravda\u201d t\u00eb Serbis\u00eb. Raporti i Popovi\u00e7it ka r\u00ebnd\u00ebsi t\u00eb dor\u00ebs s\u00eb par\u00eb sepse analizon n\u00eb m\u00ebnyr\u00eb t\u00eb detajuar m\u00ebnyr\u00ebn se si FBI-ja, DEA dhe Departamenti [&hellip;]<\/p>\n","protected":false,"gt_translate_keys":[{"key":"rendered","format":"html"}]},"author":6,"featured_media":467811,"comment_status":"closed","ping_status":"closed","sticky":false,"template":"","format":"standard","meta":{"footnotes":""},"categories":[22,11],"tags":[],"class_list":["post-467809","post","type-post","status-publish","format-standard","has-post-thumbnail","hentry","category-ballina","category-super-click"],"gt_translate_keys":[{"key":"link","format":"url"}],"_links":{"self":[{"href":"https:\/\/www.hashtag.al\/index.php\/wp-json\/wp\/v2\/posts\/467809","targetHints":{"allow":["GET"]}}],"collection":[{"href":"https:\/\/www.hashtag.al\/index.php\/wp-json\/wp\/v2\/posts"}],"about":[{"href":"https:\/\/www.hashtag.al\/index.php\/wp-json\/wp\/v2\/types\/post"}],"author":[{"embeddable":true,"href":"https:\/\/www.hashtag.al\/index.php\/wp-json\/wp\/v2\/users\/6"}],"replies":[{"embeddable":true,"href":"https:\/\/www.hashtag.al\/index.php\/wp-json\/wp\/v2\/comments?post=467809"}],"version-history":[{"count":0,"href":"https:\/\/www.hashtag.al\/index.php\/wp-json\/wp\/v2\/posts\/467809\/revisions"}],"wp:featuredmedia":[{"embeddable":true,"href":"https:\/\/www.hashtag.al\/index.php\/wp-json\/wp\/v2\/media\/467811"}],"wp:attachment":[{"href":"https:\/\/www.hashtag.al\/index.php\/wp-json\/wp\/v2\/media?parent=467809"}],"wp:term":[{"taxonomy":"category","embeddable":true,"href":"https:\/\/www.hashtag.al\/index.php\/wp-json\/wp\/v2\/categories?post=467809"},{"taxonomy":"post_tag","embeddable":true,"href":"https:\/\/www.hashtag.al\/index.php\/wp-json\/wp\/v2\/tags?post=467809"}],"curies":[{"name":"wp","href":"https:\/\/api.w.org\/{rel}","templated":true}]}}